{"id":553975,"date":"2025-11-23T19:40:12","date_gmt":"2025-11-23T19:40:12","guid":{"rendered":"https:\/\/www.europesays.com\/fr\/553975\/"},"modified":"2025-11-23T19:40:12","modified_gmt":"2025-11-23T19:40:12","slug":"la-commission-europeenne-propose-dassouplir-le-rgpd-et-la-directive-eprivacy","status":"publish","type":"post","link":"https:\/\/www.europesays.com\/fr\/553975\/","title":{"rendered":"la Commission europ\u00e9enne propose d&rsquo;assouplir le RGPD et la directive ePrivacy"},"content":{"rendered":"<p>Le RGPD a marqu\u00e9 un tournant en 2018, imposant une plus grande transparence sur la collecte et l\u2019usage des donn\u00e9es au sein de l\u2019Union europ\u00e9enne. L\u2019application d\u2019une directive \u00ab\u00a0ePrivacy\u00a0\u00bb modifi\u00e9e a notamment rendu obligatoire la demande de consentement pour les cookies, ces traceurs qui suivent le parcours des internautes.<\/p>\n<p>Aujourd\u2019hui, la Commission \u00e9voque une \u00ab\u00a0fatigue li\u00e9e au consentement et \u00e0 la prolif\u00e9ration des bandeaux\u00a0\u00bb pour justifier la modification de la directive ePrivacy. Le projet vise \u00e0 centraliser les r\u00e8gles : l\u2019encadrement serait d\u00e9sormais regroup\u00e9 sous le seul RGPD. Mais aussi \u00e0 simplifier l\u2019enregistrement du choix : Les internautes pourront enregistrer leur pr\u00e9f\u00e9rence de consentement directement dans leur navigateur ou via une autre application. Le but est d\u2019\u00e9viter l\u2019affichage syst\u00e9matique et r\u00e9p\u00e9titif des bandeaux sur chaque site.<\/p>\n<p>Toutefois, une exception est pr\u00e9vue pour la presse. Compte tenu de \u00ab\u00a0l\u2019importance des sources de revenus en ligne pour le journalisme ind\u00e9pendant\u00a0\u00bb, les m\u00e9dias conserveraient la possibilit\u00e9 de demander l\u2019accord des internautes visitant leurs sites de mani\u00e8re directe.<\/p>\n<p>Entra\u00eenement des IA&#13;\n<\/p>\n<p>L\u2019autre \u00e9volution majeure concerne l\u2019acc\u00e8s aux donn\u00e9es personnelles par les entreprises de la Tech, qui se sont r\u00e9guli\u00e8rement inqui\u00e9t\u00e9es d\u2019une r\u00e9glementation europ\u00e9enne trop stricte, en particulier depuis l\u2019explosion de l\u2019IA.<\/p>\n<p>Pour \u00ab\u00a0stimuler les opportunit\u00e9s pour un environnement commercial dynamique\u00a0\u00bb et encourager le partage et la r\u00e9utilisation des donn\u00e9es, l\u2019ex\u00e9cutif europ\u00e9en introduit un nouveau motif d\u2019utilisation pour l\u2019entra\u00eenement des mod\u00e8les d\u2019IA.<\/p>\n<p>Les entreprises pourraient se fonder sur un \u00ab\u00a0int\u00e9r\u00eat l\u00e9gitime\u00a0\u00bb pour alimenter leurs mod\u00e8les d\u2019IA pendant les phases d\u2019entra\u00eenement ou de test. Cet usage ne doit pourtant pas outrepasser les \u00ab\u00a0int\u00e9r\u00eats ou droits et libert\u00e9s fondamentaux\u00a0\u00bb des utilisateurs.<\/p>\n<p>Le projet entend \u00e9galement \u00ab\u00a0clarifier\u00a0\u00bb la d\u00e9finition m\u00eame de \u00ab\u00a0donn\u00e9es personnelles\u00a0\u00bb, pour la r\u00e9duire aux seuls \u00e9l\u00e9ments qui, \u00e0 eux seuls, permettent d\u2019identifier clairement une personne.<\/p>\n<p>En parall\u00e8le, le texte pr\u00e9voit d\u2019autres all\u00e8gements administratifs. Par exemple, en cas de fuite de donn\u00e9es personnelles, le niveau de risque est relev\u00e9 avant d\u2019exiger une alerte aux autorit\u00e9s, et le d\u00e9lai de l\u2019obligation d\u2019alerte est rallong\u00e9.<\/p>\n<p>Un \u00ab\u00a0recul massif\u00a0\u00bb d\u00e9nonc\u00e9 par les associations&#13;\n<\/p>\n<p>Ce projet de modification a imm\u00e9diatement suscit\u00e9 la col\u00e8re des associations de d\u00e9fense des droits num\u00e9riques.<\/p>\n<p>L\u2019association autrichienne Noyb a d\u00e9nonc\u00e9 un texte qui \u00ab\u00a0d\u00e9grade massivement la protection des Europ\u00e9ens\u00a0\u00bb. Selon elle, les changements propos\u00e9s repr\u00e9sentent un \u00ab\u00a0cadeau aux grandes entreprises technologiques am\u00e9ricaines\u00a0\u00bb en ouvrant de \u00ab\u00a0nombreuses nouvelles failles\u00a0\u00bb que leurs services juridiques pourront exploiter.<\/p>\n<p>Le lendemain de l\u2019officialisation du projet, 127 associations et organisations europ\u00e9ennes se sont alarm\u00e9es de ce qu\u2019elles consid\u00e8rent comme \u00ab\u00a0le plus grand recul des droits fondamentaux num\u00e9riques de l\u2019histoire de l\u2019UE\u00a0\u00bb. Elles ont rappel\u00e9 que le RGPD est \u00ab\u00a0l\u2019un des rares m\u00e9canismes qui offre au public des moyens de s\u2019\u00e9lever contre des entreprises puissantes ou des autorit\u00e9s lorsqu\u2019elles d\u00e9passent les limites\u00a0\u00bb.<\/p>\n","protected":false},"excerpt":{"rendered":"Le RGPD a marqu\u00e9 un tournant en 2018, imposant une plus grande transparence sur la collecte et l\u2019usage&hellip;\n","protected":false},"author":2,"featured_media":553976,"comment_status":"","ping_status":"","sticky":false,"template":"","format":"standard","meta":{"footnotes":""},"categories":[1586],"tags":[17,11,67103,10349,49884,67104,21121,67105,1777,674,1779,4538,1011,27,7466,27870,379,12,6088,25,5122,57271,1778,364],"class_list":{"0":"post-553975","1":"post","2":"type-post","3":"status-publish","4":"format-standard","5":"has-post-thumbnail","7":"category-europe","8":"tag-17","9":"tag-actualites","10":"tag-bandeaux","11":"tag-commission","12":"tag-cookies","13":"tag-dassouplir","14":"tag-directive","15":"tag-eprivacy","16":"tag-eu","17":"tag-europe","18":"tag-european-union","19":"tag-europeenne","20":"tag-fr","21":"tag-france","22":"tag-lia","23":"tag-liberte","24":"tag-moins","25":"tag-news","26":"tag-propose","27":"tag-republique-francaise","28":"tag-rgpd","29":"tag-tech-ia","30":"tag-ue","31":"tag-union-europeenne"},"share_on_mastodon":{"url":"https:\/\/pubeurope.com\/@fr\/115600714901888967","error":""},"_links":{"self":[{"href":"https:\/\/www.europesays.com\/fr\/wp-json\/wp\/v2\/posts\/553975","targetHints":{"allow":["GET"]}}],"collection":[{"href":"https:\/\/www.europesays.com\/fr\/wp-json\/wp\/v2\/posts"}],"about":[{"href":"https:\/\/www.europesays.com\/fr\/wp-json\/wp\/v2\/types\/post"}],"author":[{"embeddable":true,"href":"https:\/\/www.europesays.com\/fr\/wp-json\/wp\/v2\/users\/2"}],"replies":[{"embeddable":true,"href":"https:\/\/www.europesays.com\/fr\/wp-json\/wp\/v2\/comments?post=553975"}],"version-history":[{"count":0,"href":"https:\/\/www.europesays.com\/fr\/wp-json\/wp\/v2\/posts\/553975\/revisions"}],"wp:featuredmedia":[{"embeddable":true,"href":"https:\/\/www.europesays.com\/fr\/wp-json\/wp\/v2\/media\/553976"}],"wp:attachment":[{"href":"https:\/\/www.europesays.com\/fr\/wp-json\/wp\/v2\/media?parent=553975"}],"wp:term":[{"taxonomy":"category","embeddable":true,"href":"https:\/\/www.europesays.com\/fr\/wp-json\/wp\/v2\/categories?post=553975"},{"taxonomy":"post_tag","embeddable":true,"href":"https:\/\/www.europesays.com\/fr\/wp-json\/wp\/v2\/tags?post=553975"}],"curies":[{"name":"wp","href":"https:\/\/api.w.org\/{rel}","templated":true}]}}