{"id":553977,"date":"2025-11-23T19:41:14","date_gmt":"2025-11-23T19:41:14","guid":{"rendered":"https:\/\/www.europesays.com\/fr\/553977\/"},"modified":"2025-11-23T19:41:14","modified_gmt":"2025-11-23T19:41:14","slug":"on-ma-mis-les-menottes-et-une-cagoule-avant-de-memmener-dans-une-piece-vide","status":"publish","type":"post","link":"https:\/\/www.europesays.com\/fr\/553977\/","title":{"rendered":"\u00abOn m\u2019a mis les menottes et une cagoule avant de m\u2019emmener dans une pi\u00e8ce vide\u00bb"},"content":{"rendered":"<p>\n    <strong>ENTRETIEN EXCLUSIF &#8211;<\/strong> L\u2019\u00e9crivain emprisonn\u00e9 pendant un an en Alg\u00e9rie raconte son arrestation et le quotidien de sa vie d\u2019otage, entre pressions politiques, exp\u00e9rience humaine et \u00e9chapp\u00e9es litt\u00e9raires.<\/p>\n<p class=\"fig-paragraph\">Il arrive le cheveu court, le sourire large, le pas vif. Accolade, \u00e9motion\u2026 Dans les bureaux vides de la maison Gallimard, les retrouvailles ont quelque chose d\u2019irr\u00e9el.\u00a0<a href=\"http:\/\/www.lefigaro.fr\/vox\/monde\/pierre-vermeren-ce-que-nous-disent-en-vain-boualem-sansal-kamel-daoud-et-d-autres-intellectuels-de-la-rive-sud-20251121\" data-fig-type=\"Article\" data-gtm-custom-categorie=\"navigation\" data-gtm-custom-action=\"crossclick\" data-gtm-custom-label=\"Contextuel\" data-gtm-event=\"customEventSPE\" data-fig-domain=\"LEFIGARO\" target=\"_blank\" rel=\"noopener\">Boualem Sansal<\/a>\u00a0est l\u00e0, repos\u00e9, requinqu\u00e9, dit-il, par les soins re\u00e7us en Allemagne, \u00e0 l\u2019ambassade de France et maintenant par ceux que lui portent Antoine Gallimard, Karina Hocine et toute cette maison, principaut\u00e9 dans laquelle il a trouv\u00e9 refuge. La voix est toujours douce, le visage \u00e9maci\u00e9. Le regard m\u00eale la gravit\u00e9, l\u2019intelligence et la malice. Dans les prisons alg\u00e9riennes, il \u00e9tait surnomm\u00e9 \u00ab\u00a0la L\u00e9gende\u00a0\u00bb, mais en France aussi l\u2019\u00e9crivain, en conjuguant son propos et sa vie, s\u2019\u00e9l\u00e8ve au-dessus de ses pairs. C\u2019est un auteur, un proph\u00e8te, un t\u00e9moin. Chez lui, aucune amertume, mais une grande lucidit\u00e9 sur les combats pour la libert\u00e9 qu\u2019il reste \u00e0 mener de part et d\u2019autre de la M\u00e9diterran\u00e9e. Pour\u00a0<a href=\"http:\/\/www.lefigaro.fr\/histoire\/archives\/dossier\/la-une-du-figaro-200-ans-d-histoire\" data-fig-type=\"Topic\" data-gtm-custom-categorie=\"navigation\" data-gtm-custom-action=\"crossclick\" data-gtm-custom-label=\"Contextuel\" data-gtm-event=\"customEventSPE\" data-fig-domain=\"LEFIGARO\" target=\"_blank\" rel=\"noopener\">Le Figaro<\/a>, il a bien voulu retracer sa vie de prisonnier litt\u00e9raire et politique. Une exp\u00e9rience plus impressionnante que\u2026<\/p>\n<p class=\"fig-premium-paywall__infos\">\n        Cet article est r\u00e9serv\u00e9 aux abonn\u00e9s.        Il vous reste 95% \u00e0 d\u00e9couvrir.\n    <\/p>\n<p>                <img  data- alt=\"Le Figaro\" class=\"fig-img--complete fig-img\"\/><\/p>\n<p class=\"fig-premium-paywall__title\">Black Friday<\/p>\n<p class=\"fig-premium-paywall__subtitle\">-70% sur l&rsquo;abonnement num\u00e9rique<\/p>\n<p class=\"fig-premium-paywall__connect\">\n                D\u00e9j\u00e0 abonn\u00e9\u00a0?                <a class=\"fig-premium-paywall__connect-link\" href=\"https:\/\/connect.lefigaro.fr\/login?client=horizon_web&amp;type=main&amp;redirect_uri=https%3A%2F%2Fwww.lefigaro.fr%2Finternational%2Fboualem-sansal-au-figaro-on-m-a-mis-les-menottes-et-une-cagoule-avant-de-m-emmener-dans-une-piece-vide-20251123\" data-js-gtm=\"{&quot;customCategorie&quot;: &quot;conversion&quot;, &quot;customAction&quot;: &quot;before_Landing_Connexion_paywall_auto&quot;, &quot;customLabel&quot;: &quot;bGVmaWdhcm8uZnJfXzFmMGM4ODk0LThkZGItNjY3MC05MDIwLTc5MTUxMmYxM2FiNF9fQXJ0aWNsZQ==_Boualem Sansal au &lt;i&gt;Figaro&lt;\/i&gt;\u00a0: \u00abOn m\u2019a mis les menottes et une cagoule avant de m\u2019emmener dans une pi\u00e8ce vide\u00bb_1000&quot;, &quot;customIDSPE&quot;: &quot;bGVmaWdhcm8uZnJfXzFmMGM4ODk0LThkZGItNjY3MC05MDIwLTc5MTUxMmYxM2FiNF9fQXJ0aWNsZQ==&quot;, &quot;event&quot;: &quot;customEventSPE&quot;}\" target=\"_blank\" rel=\"noopener\"><br \/>\n                    Connectez-vous<br \/>\n                <\/a>\n            <\/p>\n","protected":false},"excerpt":{"rendered":"ENTRETIEN EXCLUSIF &#8211; L\u2019\u00e9crivain emprisonn\u00e9 pendant un an en Alg\u00e9rie raconte son arrestation et le quotidien de sa&hellip;\n","protected":false},"author":2,"featured_media":553978,"comment_status":"","ping_status":"","sticky":false,"template":"","format":"standard","meta":{"footnotes":""},"categories":[2],"tags":[11,15,1011,27,12,25],"class_list":{"0":"post-553977","1":"post","2":"type-post","3":"status-publish","4":"format-standard","5":"has-post-thumbnail","7":"category-actualites","8":"tag-actualites","9":"tag-algerie","10":"tag-fr","11":"tag-france","12":"tag-news","13":"tag-republique-francaise"},"share_on_mastodon":{"url":"https:\/\/pubeurope.com\/@fr\/115600718840233456","error":""},"_links":{"self":[{"href":"https:\/\/www.europesays.com\/fr\/wp-json\/wp\/v2\/posts\/553977","targetHints":{"allow":["GET"]}}],"collection":[{"href":"https:\/\/www.europesays.com\/fr\/wp-json\/wp\/v2\/posts"}],"about":[{"href":"https:\/\/www.europesays.com\/fr\/wp-json\/wp\/v2\/types\/post"}],"author":[{"embeddable":true,"href":"https:\/\/www.europesays.com\/fr\/wp-json\/wp\/v2\/users\/2"}],"replies":[{"embeddable":true,"href":"https:\/\/www.europesays.com\/fr\/wp-json\/wp\/v2\/comments?post=553977"}],"version-history":[{"count":0,"href":"https:\/\/www.europesays.com\/fr\/wp-json\/wp\/v2\/posts\/553977\/revisions"}],"wp:featuredmedia":[{"embeddable":true,"href":"https:\/\/www.europesays.com\/fr\/wp-json\/wp\/v2\/media\/553978"}],"wp:attachment":[{"href":"https:\/\/www.europesays.com\/fr\/wp-json\/wp\/v2\/media?parent=553977"}],"wp:term":[{"taxonomy":"category","embeddable":true,"href":"https:\/\/www.europesays.com\/fr\/wp-json\/wp\/v2\/categories?post=553977"},{"taxonomy":"post_tag","embeddable":true,"href":"https:\/\/www.europesays.com\/fr\/wp-json\/wp\/v2\/tags?post=553977"}],"curies":[{"name":"wp","href":"https:\/\/api.w.org\/{rel}","templated":true}]}}