{"id":553986,"date":"2025-11-23T19:52:16","date_gmt":"2025-11-23T19:52:16","guid":{"rendered":"https:\/\/www.europesays.com\/fr\/553986\/"},"modified":"2025-11-23T19:52:16","modified_gmt":"2025-11-23T19:52:16","slug":"cyclo-cross-de-saint-clair-du-rhone-maxime-gourgouilhon-1er-actualite","status":"publish","type":"post","link":"https:\/\/www.europesays.com\/fr\/553986\/","title":{"rendered":"Cyclo-cross de Saint-Clair-du-Rh\u00f4ne : Maxime Gourgouilhon 1er &#8211; Actualit\u00e9"},"content":{"rendered":"<p style=\"text-align: justify;\">Maxime Gourgouilhon (Club Viennois d&rsquo;Animation Cycliste) a remport\u00e9, ce dimanche, le cyclo-cross de Saint-Clair-du-Rh\u00f4ne (Is\u00e8re), organis\u00e9 par le VC Rhodanien. Il a devanc\u00e9 Nicolas Bonnefoy (CR4C Roanne) et Evan Gery (UC P\u00e9lussin Loire Pilat).<\/p>\n<p><strong>Classement :<\/strong><br \/><strong>S\u00e9niors et U23<\/strong><br \/>1. GOURGOUILHON Maxime CLUB VIENNOIS D&rsquo;ANIMAT CY<br \/>2. BONNEFOY Nicolas C.R.4 CHEMINS\/ROANNE<br \/>3. GERY Evan UNION CYCLISTE PELUSSIN LOIRE PILAT<br \/>4. MOUNIER J\u00e9r\u00e9my CC MAINSAT EVAUX<br \/>5. GUILLET Emeric V.C. RHODANIEN<br \/>6. LAFFONT Loane V.S. ROMANAIS PEAGEOIS<br \/>7. PITTON Julien CLUB VIENNOIS D&rsquo;ANIMAT CY<br \/>8. BONNEFOY J\u00e9r\u00e9mie C.R.4 CHEMINS\/ROANNE<br \/>9. MEUNIER CARUS Fabrice E.C. ST CLAIROISE<br \/>10. BARRALLON Florian V.C. MONTBRISONNAIS<br \/>11. BUATIER Robin CLUB VIENNOIS D&rsquo;ANIMAT CY<br \/>12. CARDENAU Thomas V.C. RHODANIEN<br \/>13. SAAD Alexandre SUD GR\u00c9SIVAUDAN CYCLISME COMP\u00c9TITION<br \/>14. BOUCHARD Paul Andr\u00e9 A.C. LYON VAISE<br \/>15. EYDANT Marien V.C. RHODANIEN<\/p>\n<p>Plus d&rsquo;informations \u00e0 venir.<\/p>\n<p>Remerciements \u00e0 Manu Bonnefoy.<\/p>\n<p>\u00a0<\/p>\n","protected":false},"excerpt":{"rendered":"Maxime Gourgouilhon (Club Viennois d&rsquo;Animation Cycliste) a remport\u00e9, ce dimanche, le cyclo-cross de Saint-Clair-du-Rh\u00f4ne (Is\u00e8re), organis\u00e9 par le&hellip;\n","protected":false},"author":2,"featured_media":553987,"comment_status":"","ping_status":"","sticky":false,"template":"","format":"standard","meta":{"footnotes":""},"categories":[1411],"tags":[834,828,836,829,837,827,83,826,824,823,1154,207,814,817,815,816,822,821,832,211,839,1011,27,820,818,819,835,831,830,833,838,60,212,208,825],"class_list":{"0":"post-553986","1":"post","2":"type-post","3":"status-publish","4":"format-standard","5":"has-post-thumbnail","7":"category-cyclisme","8":"tag-attaque","9":"tag-belgique","10":"tag-braquet","11":"tag-bretagne","12":"tag-chute","13":"tag-competition","14":"tag-coupe-de-france","15":"tag-coureur","16":"tag-course-cyclisme","17":"tag-course-cycliste","18":"tag-cycling","19":"tag-cyclisme","20":"tag-direct","21":"tag-direct-velo","22":"tag-directvelo","23":"tag-directvelo-com","24":"tag-epreuve","25":"tag-epreuve-cycliste","26":"tag-federation-francaise-de-cyclisme","27":"tag-ffc","28":"tag-flandres","29":"tag-fr","30":"tag-france","31":"tag-live","32":"tag-live-course","33":"tag-live-epreuve","34":"tag-peloton","35":"tag-radio-peloton","36":"tag-radio-tour","37":"tag-ravitaillement","38":"tag-relance","39":"tag-sports","40":"tag-uci","41":"tag-velo","42":"tag-velos"},"share_on_mastodon":{"url":"https:\/\/pubeurope.com\/@fr\/115600762131915926","error":""},"_links":{"self":[{"href":"https:\/\/www.europesays.com\/fr\/wp-json\/wp\/v2\/posts\/553986","targetHints":{"allow":["GET"]}}],"collection":[{"href":"https:\/\/www.europesays.com\/fr\/wp-json\/wp\/v2\/posts"}],"about":[{"href":"https:\/\/www.europesays.com\/fr\/wp-json\/wp\/v2\/types\/post"}],"author":[{"embeddable":true,"href":"https:\/\/www.europesays.com\/fr\/wp-json\/wp\/v2\/users\/2"}],"replies":[{"embeddable":true,"href":"https:\/\/www.europesays.com\/fr\/wp-json\/wp\/v2\/comments?post=553986"}],"version-history":[{"count":0,"href":"https:\/\/www.europesays.com\/fr\/wp-json\/wp\/v2\/posts\/553986\/revisions"}],"wp:featuredmedia":[{"embeddable":true,"href":"https:\/\/www.europesays.com\/fr\/wp-json\/wp\/v2\/media\/553987"}],"wp:attachment":[{"href":"https:\/\/www.europesays.com\/fr\/wp-json\/wp\/v2\/media?parent=553986"}],"wp:term":[{"taxonomy":"category","embeddable":true,"href":"https:\/\/www.europesays.com\/fr\/wp-json\/wp\/v2\/categories?post=553986"},{"taxonomy":"post_tag","embeddable":true,"href":"https:\/\/www.europesays.com\/fr\/wp-json\/wp\/v2\/tags?post=553986"}],"curies":[{"name":"wp","href":"https:\/\/api.w.org\/{rel}","templated":true}]}}