{"id":554004,"date":"2025-11-23T20:04:11","date_gmt":"2025-11-23T20:04:11","guid":{"rendered":"https:\/\/www.europesays.com\/fr\/554004\/"},"modified":"2025-11-23T20:04:11","modified_gmt":"2025-11-23T20:04:11","slug":"ce-type-de-couverture-cartonne-en-2026","status":"publish","type":"post","link":"https:\/\/www.europesays.com\/fr\/554004\/","title":{"rendered":"ce type de couverture cartonne en 2026"},"content":{"rendered":"<p>L\u2019\u00e9t\u00e9 est termin\u00e9 : il est grand temps de r\u00e9cup\u00e9rer et de se<br \/>\npr\u00e9parer pour l\u00a0\u00bbhiver, en misant sur un confort absolu &#8211; et des<br \/>\nnuits r\u00e9paratrices. Et pour optimiser votre sommeil, il est<br \/>\npeut-\u00eatre temps de revoir votre literie ! Si la couette en duvet a<br \/>\nlongtemps \u00e9t\u00e9 la reine incontest\u00e9e des nuits douillettes, une<br \/>\nnouvelle venue pourrait bien lui faire de l\u2019ombre cette ann\u00e9e : la<br \/>\ncouverture lest\u00e9e. Zoom sur cette tendance bien-\u00eatre qui s\u00e9duit de<br \/>\nplus en plus.<\/p>\n<p>Bien choisir sa couette : nos conseils<\/p>\n<p data-start=\"819\" data-end=\"1358\">Chaque d\u00e9but de saison est un<br \/>\nmoment id\u00e9al pour <a href=\"https:\/\/www.lejournaldelamaison.fr\/le-journal-de-la-maison\/piece-par-piece\/chambre\/literie-conseils-medecin-essentiels-bien-dormir-a-la-rentree-471323.html\" target=\"_blank\" rel=\"noopener\"><br \/>\nrepenser sa literie<\/a> et faire quelques ajustements dans la<br \/>\nchambre. En hiver, par exemple : entre les temp\u00e9ratures qui<br \/>\nremontent, la pluie qui menace et le syst\u00e8me immunitaire affaibli,<br \/>\n<strong data-start=\"956\" data-end=\"996\">nos nuits sont directement<br \/>\nimpact\u00e9es !<\/strong> C&rsquo;est pr\u00e9cis\u00e9ment l\u00e0 que le lit prend toute<br \/>\nson importance. Pour mieux affronter les nuits plus fra\u00eeches,<br \/>\nprivil\u00e9giez des draps enveloppants mais respirants comme ceux en<br \/>\n<strong>lin lav\u00e9<\/strong> ou en <strong>satin de coton<\/strong>.<br \/>\nPensez \u00e9galement \u00e0 renouveler vos oreillers s\u2019ils montrent des<br \/>\nsignes d\u2019usure : un bon soutien est essentiel pour des<br \/>\nnuits vraiment r\u00e9paratrices. \u00ab\u00a0L\u2019oreiller a une dur\u00e9e de vie<br \/>\nlimit\u00e9e. D\u00e8s que le confort, malgr\u00e9 les entretiens, n\u2019est plus au<br \/>\nrendez-vous \u2013 qu\u2019il s\u2019affaisse, qu\u2019il ne soutient plus bien la t\u00eate<br \/>\nou qu\u2019il provoque des douleurs \u2013 il est temps de le changer. En<br \/>\ng\u00e9n\u00e9ral, on recommande de renouveler son oreiller tous les trois<br \/>\nans\u00a0\u00bb nous confie <strong>Thomas Hervet, fondateur de<br \/>\nWopilo.<\/strong><\/p>\n<p data-start=\"1360\" data-end=\"2020\">Et bien s\u00fbr, impossible de<br \/>\ndormir <a href=\"https:\/\/www.lejournaldelamaison.fr\/le-journal-de-la-maison\/piece-par-piece\/chambre\/deco-chambre\/housse-couette-ikea-rechauffer-hiver-498953.html\" target=\"_blank\" rel=\"noopener\"><br \/>\nsans une bonne couette !<\/a> Elle doit \u00eatre suffisamment chaude<br \/>\npour contrer les nuits fra\u00eeches, tout en restant l\u00e9g\u00e8re pour \u00e9viter<br \/>\nl\u2019\u00e9touffement. On opte par exemple pour un mod\u00e8le l\u00e9ger en fibres<br \/>\nsynth\u00e9tiques, accessible et facile \u00e0 entretenir, comme la couette<br \/>\n<strong>Ocho Nuage de Wopilo<\/strong> qui combine confort et<br \/>\npraticit\u00e9. Son garnissage en fibres synth\u00e9tiques imite la douceur<br \/>\ndu duvet naturel, offrant une sensation a\u00e9rienne et enveloppante,<br \/>\ncomme dormir dans un nuage. Son secret : une chaleur \u00e9quilibr\u00e9e qui<br \/>\nr\u00e9chauffe sans \u00e9touffer, gr\u00e2ce \u00e0 des mati\u00e8res respirantes qui<br \/>\nfavorisent la circulation de l\u2019air. R\u00e9sultat, des nuits au chaud,<br \/>\nsans transpiration excessive.<\/p>\n<p data-start=\"1360\" data-end=\"2020\">Autre option \u00e0 ne pas n\u00e9gliger<br \/>\n: <strong>la couette \u00ab\u00a0quatre saisons\u00a0\u00bb,<\/strong> avec ces deux<br \/>\n\u00e9paisseurs modulables, parfaite pour ajuster la chaleur au fil des<br \/>\nmois. Chez Emma Matelas, la couette 4 saisons se caract\u00e9rise par<br \/>\n<strong>deux couches respirantes et d\u00e9tachables<\/strong> ainsi que<br \/>\nson garnissage en fibres creuses. Mais cette ann\u00e9e, un nouveau type<br \/>\nde couette attire tous les regards et pourrait bien red\u00e9finir nos<br \/>\nnuits : <strong>la couverture lest\u00e9e,<\/strong> v\u00e9ritable r\u00e9volution<br \/>\npour un sommeil apais\u00e9.<\/p>\n<p>Adieu couette classique ? Cette alternative qui change<br \/>\ntout<\/p>\n<p data-start=\"2087\" data-end=\"2621\">D\u00e9j\u00e0 adopt\u00e9e par les amateurs<br \/>\nde sommeil profond, la <a href=\"https:\/\/www.lejournaldelamaison.fr\/le-journal-de-la-maison\/nouveautes\/produits\/couette-thermoregulatrice-rester-chaud-hiver-economies-energie-473046.html\" target=\"_blank\" rel=\"noopener\"><br \/>\n<strong>couverture lest\u00e9e<\/strong><\/a> se pr\u00e9sente aujourd\u2019hui<br \/>\ncomme une alternative s\u00e9rieuse \u00e0 la couette traditionnelle.<br \/>\nConcr\u00e8tement, elle est fabriqu\u00e9e avec des mat\u00e9riaux alourdis<br \/>\n(microbilles de verre ou billes plastiques) et exerce une pression<br \/>\ndouce sur le corps. Ce ph\u00e9nom\u00e8ne, appel\u00e9 \u00ab\u00a0stimulation par pression<br \/>\nprofonde\u00a0\u00bb, imite la sensation rassurante d&rsquo;un c\u00e2lin. R\u00e9sultat : la<br \/>\nproduction de s\u00e9rotonine et de m\u00e9latonine augmente, ce qui favorise<br \/>\nl&rsquo;endormissement et r\u00e9duit les r\u00e9veils nocturnes.<\/p>\n<p data-start=\"2623\" data-end=\"3163\">Des recherches ont d\u00e9montr\u00e9<br \/>\nque son utilisation r\u00e9guli\u00e8re permet de retrouver un<br \/>\n<strong data-start=\"2704\" data-end=\"2741\">sommeil plus stable et<br \/>\nr\u00e9parateur<\/strong>, tout en apaisant l&rsquo;anxi\u00e9t\u00e9 et le stress,<br \/>\nsouvent plus marqu\u00e9s par temps maussade. En bonus, son c\u00f4t\u00e9 \u00ab\u00a0cocon<br \/>\nenveloppant\u00a0\u00bb pla\u00eet aux amateurs de sensations cosy. Elle peut se<br \/>\nsubstituer \u00e0 une couette classique ou venir en renfort, <a href=\"https:\/\/www.lejournaldelamaison.fr\/le-journal-de-la-maison\/nouveautes\/produits\/action-plaid-chaud-accessoire-hiver-497581.html\" target=\"_blank\" rel=\"noopener\"><br \/>\n\u00e0 la mani\u00e8re d&rsquo;un plaid<\/a> pos\u00e9 sur les jambes. Le seul crit\u00e8re \u00e0<br \/>\nbien respecter : le <strong data-start=\"3045\" data-end=\"3054\">poids<\/strong>. Pour un effet optimal, on recommande une<br \/>\ncouverture \u00e9quivalente \u00e0 <strong data-start=\"3122\" data-end=\"3162\">environ 10 % de votre poids corporel<\/strong>.<\/p>\n<blockquote class=\"instagram-media\" style=\"background: #ffffff;border: 0;margin: 1px;width: 100%;padding: 0;max-width: 500px;\" data-instgrm-permalink=\"https:\/\/www.instagram.com\/reel\/DOeDTx0iGR7\" data-instgrm-version=\"14\"\/><p>\nO\u00f9 se procurer une couette lest\u00e9e, et \u00e0<br \/>\nquel tarif ?<\/p>\n<p>Et puisqu&rsquo;elle poss\u00e8de de plus en plus d\u2019adeptes, la couette<br \/>\nlest\u00e9e a \u00e9t\u00e9 largement adopt\u00e9e <strong>par les enseignes d\u00e9co et<br \/>\nmaison,<\/strong> qui se sont lanc\u00e9es sur ce march\u00e9 en plein essor.<br \/>\nOn en trouve d\u00e9sormais dans la plupart <strong>des magasins<br \/>\nsp\u00e9cialis\u00e9s en literie, les grandes surfaces<\/strong>, et bien s\u00fbr<br \/>\nen ligne, sur des sites comme <strong>Amazon, La Redoute<\/strong><br \/>\nou encore <strong>Nature &amp; D\u00e9couvertes.<\/strong> Le pro du<br \/>\nmatelas <strong>Emma<\/strong> propose par exemple <strong>une<br \/>\ncouverture lest\u00e9e \u00e0 57\u20ac,<\/strong> et on trouve m\u00eame un mod\u00e8le<br \/>\n<strong>chez Hema pour 64,99\u20ac.<\/strong><\/p>\n<p>Les prix varient en fonction de la qualit\u00e9 <strong>des mat\u00e9riaux<br \/>\nutilis\u00e9s et du poids de la couverture<\/strong>. En entr\u00e9e de gamme,<br \/>\nles mod\u00e8les, souvent en polyester avec des billes de plastique,<br \/>\nd\u00e9marrent autour de 50 \u00e0 80\u20ac. Pour des produits de meilleure<br \/>\nqualit\u00e9, avec des microbilles de verre et des housses en coton bio,<br \/>\nles prix peuvent grimper jusqu\u2019\u00e0 200 euros, voire plus. Certaines<br \/>\nmarques comme <strong>Gravit\u00e9 ou l&rsquo;allemand Levia<\/strong>\u00a0se<br \/>\nsont d\u2019ailleurs sp\u00e9cialis\u00e9es dans les <strong>couvertures lest\u00e9es<br \/>\nhaut de gamme.<\/strong> L\u2019investissement dans une couverture lest\u00e9e<br \/>\nest d\u2019ailleurs consid\u00e9r\u00e9 comme un achat bien-\u00eatre. \u00c7a n\u2019est pas<br \/>\nseulement un gadget literie, mais bien un outil pr\u00e9cieux <a href=\"https:\/\/www.lejournaldelamaison.fr\/le-journal-de-la-maison\/piece-par-piece\/chambre\/amenager-chambre-bien-dormir-123854.html\" target=\"_blank\" rel=\"noopener\"><br \/>\npour am\u00e9liorer la qualit\u00e9 de votre sommeil sur le long terme.<\/a><br \/>\nSi vous souffrez de<strong>\u00a0troubles du sommeil,<\/strong> ou<br \/>\nque vous cherchez <strong>\u00e0 dormir comme dans un cocon<\/strong>,<br \/>\nl\u2019essayer pourrait bien \u00eatre la solution r\u00eav\u00e9e !<\/p>\n<p><script async src=\"\/\/www.instagram.com\/embed.js\"><\/script><\/p>\n","protected":false},"excerpt":{"rendered":"L\u2019\u00e9t\u00e9 est termin\u00e9 : il est grand temps de r\u00e9cup\u00e9rer et de se pr\u00e9parer pour l\u00a0\u00bbhiver, en misant&hellip;\n","protected":false},"author":2,"featured_media":554005,"comment_status":"","ping_status":"","sticky":false,"template":"","format":"standard","meta":{"footnotes":""},"categories":[7],"tags":[1011,27,43,40,41,39,42,44],"class_list":{"0":"post-554004","1":"post","2":"type-post","3":"status-publish","4":"format-standard","5":"has-post-thumbnail","7":"category-sciences-et-technologies","8":"tag-fr","9":"tag-france","10":"tag-science","11":"tag-science-and-technology","12":"tag-sciences","13":"tag-sciences-et-technologies","14":"tag-technologies","15":"tag-technology"},"share_on_mastodon":{"url":"https:\/\/pubeurope.com\/@fr\/115600809391429286","error":""},"_links":{"self":[{"href":"https:\/\/www.europesays.com\/fr\/wp-json\/wp\/v2\/posts\/554004","targetHints":{"allow":["GET"]}}],"collection":[{"href":"https:\/\/www.europesays.com\/fr\/wp-json\/wp\/v2\/posts"}],"about":[{"href":"https:\/\/www.europesays.com\/fr\/wp-json\/wp\/v2\/types\/post"}],"author":[{"embeddable":true,"href":"https:\/\/www.europesays.com\/fr\/wp-json\/wp\/v2\/users\/2"}],"replies":[{"embeddable":true,"href":"https:\/\/www.europesays.com\/fr\/wp-json\/wp\/v2\/comments?post=554004"}],"version-history":[{"count":0,"href":"https:\/\/www.europesays.com\/fr\/wp-json\/wp\/v2\/posts\/554004\/revisions"}],"wp:featuredmedia":[{"embeddable":true,"href":"https:\/\/www.europesays.com\/fr\/wp-json\/wp\/v2\/media\/554005"}],"wp:attachment":[{"href":"https:\/\/www.europesays.com\/fr\/wp-json\/wp\/v2\/media?parent=554004"}],"wp:term":[{"taxonomy":"category","embeddable":true,"href":"https:\/\/www.europesays.com\/fr\/wp-json\/wp\/v2\/categories?post=554004"},{"taxonomy":"post_tag","embeddable":true,"href":"https:\/\/www.europesays.com\/fr\/wp-json\/wp\/v2\/tags?post=554004"}],"curies":[{"name":"wp","href":"https:\/\/api.w.org\/{rel}","templated":true}]}}