{"id":554006,"date":"2025-11-23T20:05:16","date_gmt":"2025-11-23T20:05:16","guid":{"rendered":"https:\/\/www.europesays.com\/fr\/554006\/"},"modified":"2025-11-23T20:05:16","modified_gmt":"2025-11-23T20:05:16","slug":"le-gaz-algerien-on-le-paye-au-meme-prix-que-le-gaz-americain","status":"publish","type":"post","link":"https:\/\/www.europesays.com\/fr\/554006\/","title":{"rendered":"\u00ab Le gaz alg\u00e9rien, on le paye au m\u00eame prix que le gaz am\u00e9ricain \u00bb"},"content":{"rendered":"<p style=\"font-weight: 400;\">S\u2019il y a un secteur qui n\u2019a pas \u00e9t\u00e9 impact\u00e9 par la crise politique Alg\u00e9rie-France, c\u2019est celui du\u00a0<a href=\"https:\/\/www.tsa-algerie.com\/edison-filiale-du-groupe-francais-edf-reduit-ses-achats-de-gaz-algerien\/\" target=\"_blank\" rel=\"noopener nofollow\" data-saferedirecturl=\"https:\/\/www.google.com\/url?q=https:\/\/www.tsa-algerie.com\/edison-filiale-du-groupe-francais-edf-reduit-ses-achats-de-gaz-algerien\/&amp;source=gmail&amp;ust=1764006233049000&amp;usg=AOvVaw1zRwV5U8HbvxlwrgyPwrzK\">gaz<\/a>. Les contrats ont \u00e9t\u00e9 maintenus et les livraisons alg\u00e9riennes se sont poursuivies malgr\u00e9 \u201cla volatilit\u00e9 des relations politiques entre les deux pays\u201d, a assur\u00e9 le PDG de TotalEnergies, la plus grande entreprise \u00e9nerg\u00e9tique fran\u00e7aise.<\/p>\n<p style=\"font-weight: 400;\">Sur LCI, il a \u00e9t\u00e9 demand\u00e9 \u00e0 Patrick Pouyann\u00e9 si \u201cla n\u00e9cessit\u00e9 d\u2019approvisionner la France justifie qu\u2019on se rapproche de l\u2019Alg\u00e9rie\u201d. Dans sa r\u00e9ponse, le PDG a laiss\u00e9 entendre que les approvisionnements n\u2019ont jamais \u00e9t\u00e9 impact\u00e9s par la crise.\u00a0Sur le prix du gaz alg\u00e9rien, il n\u2019a pas fourni de chiffres. Le PDG de TotalEnergies a donn\u00e9 toutefois une indication.<\/p>\n<p class=\"a-lire-box\" style=\"&#13;&#10;                    margin:20px 0;&#13;&#10;                    padding:12px 0;&#13;&#10;                    border-top:1px solid #ddd;&#13;&#10;                    border-bottom:1px solid #ddd;&#13;&#10;                    line-height:1.8;&#13;&#10;                 \">&#13;<br \/>\n                    A lire aussi :&#13;<br \/>\n                    <a href=\"https:\/\/www.tsa-algerie.com\/air-algerie-casse-les-prix-avec-une-nouvelle-promotion\/\" class=\"a-lire-link\" style=\"color:#000;text-decoration:none;font-weight:600;\" rel=\"nofollow noopener\" target=\"_blank\">&#13;<br \/>\n                        Air Alg\u00e9rie casse les prix avec une nouvelle promotion&#13;<br \/>\n                    <\/a>&#13;\n                <\/p>\n<p style=\"font-weight: 400;\">\u201cLe gaz fait partie de la relation avec l\u2019Alg\u00e9rie, mais il y a d\u2019autres sources de diversification. Le gaz alg\u00e9rien, on le paye au m\u00eame prix que le gaz am\u00e9ricain. La diff\u00e9rence est qu\u2019il est un peu plus pr\u00e8s, il faut juste traverser la M\u00e9diterran\u00e9e\u201d, a-t-il d\u2019abord pr\u00e9cis\u00e9.<\/p>\n<p style=\"font-weight: 400;\">L\u2019Alg\u00e9rie a export\u00e9 pour 5 milliards d\u2019euros d\u2019hydrocarbures vers la France en 2024 dont 2,4 milliards d\u2019euros de gaz.<\/p>\n<p class=\"a-lire-box\" style=\"&#13;&#10;                    margin:20px 0;&#13;&#10;                    padding:12px 0;&#13;&#10;                    border-top:1px solid #ddd;&#13;&#10;                    border-bottom:1px solid #ddd;&#13;&#10;                    line-height:1.8;&#13;&#10;                 \">&#13;<br \/>\n                    A lire aussi :&#13;<br \/>\n                    <a href=\"https:\/\/www.tsa-algerie.com\/algerie-la-galere-des-importateurs-de-vehicules\/\" class=\"a-lire-link\" style=\"color:#000;text-decoration:none;font-weight:600;\" rel=\"nofollow noopener\" target=\"_blank\">&#13;<br \/>\n                        Alg\u00e9rie : la gal\u00e8re des importateurs de v\u00e9hicules&#13;<br \/>\n                    <\/a>&#13;\n                <\/p>\n<p style=\"font-weight: 400;\">Le PDG du g\u00e9ant \u00e9nerg\u00e9tique fran\u00e7ais a soulign\u00e9 les bonnes relations avec la compagnie p\u00e9troli\u00e8re alg\u00e9rienne.\u00a0Contrairement \u00e0 l\u2019Espagne et \u00e0 l\u2019Italie qui sont reli\u00e9s par des gazoducs avec l\u2019Alg\u00e9rie, la France ach\u00e8te du GNL d\u2019Alg\u00e9rie qui est transport\u00e9 par m\u00e9thaniers.<\/p>\n<p style=\"font-weight: 400;\">\u201cEn tout cas, ce que je peux vous dire de ce point de vue-l\u00e0, c\u2019est que la relation entre TotalEnergies et Sonatrach sur le gaz, le gaz naturel liqu\u00e9fi\u00e9, sont \u00e9gales. C\u2019est-\u00e0-dire qu\u2019on a maintenu le contrat malgr\u00e9 la volatilit\u00e9 des relations politiques entre les deux pays, et on maintient les relations de fa\u00e7on constante\u201d, a assur\u00e9 Patrick Pouyann\u00e9.<\/p>\n<p class=\"a-lire-box\" style=\"&#13;&#10;                    margin:20px 0;&#13;&#10;                    padding:12px 0;&#13;&#10;                    border-top:1px solid #ddd;&#13;&#10;                    border-bottom:1px solid #ddd;&#13;&#10;                    line-height:1.8;&#13;&#10;                 \">&#13;<br \/>\n                    A lire aussi :&#13;<br \/>\n                    <a href=\"https:\/\/www.tsa-algerie.com\/la-france-sinteresse-a-la-pomme-de-terre-algerienne\/\" class=\"a-lire-link\" style=\"color:#000;text-decoration:none;font-weight:600;\" rel=\"nofollow noopener\" target=\"_blank\">&#13;<br \/>\n                        La France s\u2019int\u00e9resse \u00e0 la pomme de terre alg\u00e9rienne\u00a0&#13;<br \/>\n                    <\/a>&#13;\n                <\/p>\n<p><strong>Alg\u00e9rie \u2013 France : le PDG de Total estime qu\u2019il ne faut pas politiser les relations \u00e9conomiques\u00a0<\/strong><\/p>\n<p style=\"font-weight: 400;\">Les investissements de Total semblent aussi \u00e9pargn\u00e9s par les r\u00e9percussions de la crise politique. \u00c0 la question de savoir s\u2019il y a \u201cun potentiel d\u2019affaires important avec l\u2019Alg\u00e9rie\u201d, le PDG a r\u00e9pondu qu\u2019il y a des affaires, \u201ccomme toujours, dans tous les pays\u201d, rappelant que, r\u00e9cemment, la compagnie fran\u00e7aise a obtenu un <a href=\"https:\/\/www.tsa-algerie.com\/hydrocarbures-lalgerie-valide-une-nouvelle-vague-de-contrats-avec-total-sinopec\/\" target=\"_blank\" rel=\"noopener nofollow\" data-saferedirecturl=\"https:\/\/www.google.com\/url?q=https:\/\/www.tsa-algerie.com\/hydrocarbures-lalgerie-valide-une-nouvelle-vague-de-contrats-avec-total-sinopec\/&amp;source=gmail&amp;ust=1764006233049000&amp;usg=AOvVaw2IK0iTb7nFAKm1d0ycrX2a\">permis d\u2019exploration en Alg\u00e9rie<\/a>. \u201cJe trouve que \u00e7a passe inaper\u00e7u, mais nous, nous continuons \u00e0 travailler et nous travaillons\u201d, dit-il.<\/p>\n<p style=\"font-weight: 400;\">En juin dernier, l\u2019ouverture des plis d\u2019un appel d\u2019offre lanc\u00e9 en octobre 2024 par l\u2019Agence alg\u00e9rienne de valorisation des ressources en hydrocarbures (ALNAFT), a abouti \u00e0 l\u2019attribution de permis de recherche et d\u2019exploration dans cinq sites du Sahara alg\u00e9rien \u00e0 huit compagnies \u00e9trang\u00e8res, dont TotalEnergies.<\/p>\n<p style=\"font-weight: 400;\">Pouyann\u00e9 a plaid\u00e9 pour la non-politisation des relations \u00e9conomiques entre les deux pays.<\/p>\n<p style=\"font-weight: 400;\">\u201cMoi, ma position c\u2019est de travailler avec le patron de l\u2019entreprise nationale alg\u00e9rienne. Je n\u2019ai pas besoin de demander au pr\u00e9sident Tebboune d\u2019aller n\u00e9gocier, ni au pr\u00e9sident Macron de n\u00e9gocier les contrats pour TotalEnergie. Je pense que, justement, moins nous politiserons ces relations \u00e9conomiques, meilleures seront ces relations entre les entreprises\u201d, a-t-il estim\u00e9.<\/p>\n","protected":false},"excerpt":{"rendered":"S\u2019il y a un secteur qui n\u2019a pas \u00e9t\u00e9 impact\u00e9 par la crise politique Alg\u00e9rie-France, c\u2019est celui du\u00a0gaz.&hellip;\n","protected":false},"author":2,"featured_media":554007,"comment_status":"","ping_status":"","sticky":false,"template":"","format":"standard","meta":{"footnotes":""},"categories":[6],"tags":[35,33,34,1011,27],"class_list":{"0":"post-554006","1":"post","2":"type-post","3":"status-publish","4":"format-standard","5":"has-post-thumbnail","7":"category-economie","8":"tag-business","9":"tag-economie","10":"tag-economy","11":"tag-fr","12":"tag-france"},"share_on_mastodon":{"url":"https:\/\/pubeurope.com\/@fr\/115600813286975966","error":""},"_links":{"self":[{"href":"https:\/\/www.europesays.com\/fr\/wp-json\/wp\/v2\/posts\/554006","targetHints":{"allow":["GET"]}}],"collection":[{"href":"https:\/\/www.europesays.com\/fr\/wp-json\/wp\/v2\/posts"}],"about":[{"href":"https:\/\/www.europesays.com\/fr\/wp-json\/wp\/v2\/types\/post"}],"author":[{"embeddable":true,"href":"https:\/\/www.europesays.com\/fr\/wp-json\/wp\/v2\/users\/2"}],"replies":[{"embeddable":true,"href":"https:\/\/www.europesays.com\/fr\/wp-json\/wp\/v2\/comments?post=554006"}],"version-history":[{"count":0,"href":"https:\/\/www.europesays.com\/fr\/wp-json\/wp\/v2\/posts\/554006\/revisions"}],"wp:featuredmedia":[{"embeddable":true,"href":"https:\/\/www.europesays.com\/fr\/wp-json\/wp\/v2\/media\/554007"}],"wp:attachment":[{"href":"https:\/\/www.europesays.com\/fr\/wp-json\/wp\/v2\/media?parent=554006"}],"wp:term":[{"taxonomy":"category","embeddable":true,"href":"https:\/\/www.europesays.com\/fr\/wp-json\/wp\/v2\/categories?post=554006"},{"taxonomy":"post_tag","embeddable":true,"href":"https:\/\/www.europesays.com\/fr\/wp-json\/wp\/v2\/tags?post=554006"}],"curies":[{"name":"wp","href":"https:\/\/api.w.org\/{rel}","templated":true}]}}