{"id":554008,"date":"2025-11-23T20:06:17","date_gmt":"2025-11-23T20:06:17","guid":{"rendered":"https:\/\/www.europesays.com\/fr\/554008\/"},"modified":"2025-11-23T20:06:17","modified_gmt":"2025-11-23T20:06:17","slug":"lincroyable-aveu-de-bolsonaro-sur-son-bracelet-electronique","status":"publish","type":"post","link":"https:\/\/www.europesays.com\/fr\/554008\/","title":{"rendered":"l\u2019incroyable aveu de Bolsonaro sur son bracelet \u00e9lectronique"},"content":{"rendered":"<p>        <img decoding=\"async\" loading=\"lazy\" src=\"https:\/\/www.europesays.com\/fr\/wp-content\/uploads\/2025\/11\/97e8f95_1673231598740-gettyimages-1244408544.jpg\"  width=\"728\" height=\"409\" alt=\"\u00ab\u00a0Hallucinations\u00a0\u00bb et \u00ab\u00a0parano\u00efa\u00a0\u00bb\u00a0: l\u2019incroyable aveu de Jair Bolsonaro (ici en novembre 2022) sur son bracelet \u00e9lectronique.\"\/>  <\/p>\n<p>Andressa Anholete \/ Getty Images<\/p>\n<p>\u00ab\u00a0Hallucinations\u00a0\u00bb et \u00ab\u00a0parano\u00efa\u00a0\u00bb\u00a0: l\u2019incroyable aveu de Jair Bolsonaro (ici en novembre 2022) sur son bracelet \u00e9lectronique.<\/p>\n<p class=\"asset asset-text\">Le geste \u00e9tait d\u00e9j\u00e0 improbable, mais sa justification l\u2019est encore plus. En r\u00e9sidence surveill\u00e9e depuis plusieurs mois et r\u00e9cemment arr\u00eat\u00e9 \u00e0 la demande d\u2019un juge souhaitant \u00e9viter une \u00ab\u00a0fuite\u00a0\u00bb, <a href=\"https:\/\/www.huffingtonpost.fr\/international\/article\/au-bresil-l-ex-president-jair-bolsonaro-place-en-detention-provisoire-sans-que-son-avocat-sache-pourquoi_257413.html\" target=\"_blank\" rel=\"noopener\">Jair Bolsonaro<\/a> a affirm\u00e9 ce dimanche 23\u00a0novembre avoir us\u00e9 d\u2019un fer \u00e0 souder contre son bracelet \u00e9lectronique dans un moment de \u00ab\u00a0parano\u00efa\u00a0\u00bb, indique la Cour supr\u00eame dans un document obtenu par l\u2019AFP.<\/p>\n<p class=\"asset asset-text\">L\u2019impr\u00e9visible ancien dirigeant d\u2019extr\u00eame droite (2019-2022) a \u00e9t\u00e9 <a href=\"https:\/\/www.huffingtonpost.fr\/international\/video\/l-ex-president-bresilien-bolsonaro-condamne-pour-tentative-de-coup-d-etat-malgre-la-pression-de-trump_254723.html\" target=\"_blank\" rel=\"noopener\">condamn\u00e9 en septembre<\/a> \u00e0 27 ann\u00e9es de prison pour une tentative de coup d\u2019\u00c9tat visant \u00e0 emp\u00eacher le retour au pouvoir de son rival de gauche, Luiz Inacio Lula da\u00a0Silva, son tombeur \u00e0 la pr\u00e9sidentielle d\u2019octobre\u00a02022.<\/p>\n<p class=\"asset asset-text\">Conduit samedi matin dans les locaux de la police f\u00e9d\u00e9rale \u00e0 Brasilia, l\u2019homme de 70\u00a0ans \u00e9tait assign\u00e9 \u00e0 r\u00e9sidence et sous surveillance \u00e9lectronique depuis ao\u00fbt dans le cadre d\u2019une enqu\u00eate sur des soup\u00e7ons d\u2019obstruction \u00e0 son proc\u00e8s. Il a expliqu\u00e9 \u00ab\u00a0avoir ressenti une certaine parano\u00efa entre vendredi et samedi due aux m\u00e9dicaments [\u2026] et avoir d\u00e9cid\u00e9 alors, avec un fer \u00e0 souder, de manipuler le bracelet \u00e9lectronique\u00a0\u00bb, selon le document de la Cour.<\/p>\n<p>    Bolsonaro assure n\u2019avoir eu \u00ab\u00a0aucune intention de fuir\u00a0\u00bb    <\/p>\n<p class=\"asset asset-text\">Lors d\u2019une audience dimanche \u00e0 Brasilia, l\u2019ancien pr\u00e9sident a assur\u00e9 avoir eu \u00ab\u00a0des hallucinations\u00a0\u00bb selon lesquelles il y avait un dispositif d\u2019\u00e9coute dans le bracelet, d\u00e9taille le proc\u00e8s-verbal. Jair Bolsonaro a \u00e9galement affirm\u00e9 \u00ab\u00a0qu\u2019il n\u2019avait aucune intention de fuir et qu\u2019il n\u2019y avait pas eu de rupture de la sangle\u00a0\u00bb du bracelet, selon le document.<\/p>\n<p class=\"asset asset-text\">L\u2019ex-pr\u00e9sident a encore dit avoir pass\u00e9 une bonne partie de l\u2019apr\u00e8s-midi de vendredi \u00e0 tenter d\u2019ouvrir le bracelet jusqu\u2019\u00e0 ce qu\u2019il \u00ab\u00a0revienne \u00e0 la raison\u00a0\u00bb vers minuit et s\u2019arr\u00eate. Dans une vid\u00e9o de l\u2019inspection r\u00e9alis\u00e9e samedi par la police, Jair Bolsonaro avait reconnu avoir attaqu\u00e9 l\u2019appareil avec un fer \u00e0 souder par \u00ab\u00a0curiosit\u00e9\u00a0\u00bb.<\/p>\n","protected":false},"excerpt":{"rendered":"Andressa Anholete \/ Getty Images \u00ab\u00a0Hallucinations\u00a0\u00bb et \u00ab\u00a0parano\u00efa\u00a0\u00bb\u00a0: l\u2019incroyable aveu de Jair Bolsonaro (ici en novembre 2022) sur&hellip;\n","protected":false},"author":2,"featured_media":554009,"comment_status":"","ping_status":"","sticky":false,"template":"","format":"standard","meta":{"footnotes":""},"categories":[5],"tags":[11,6893,2548,1011,27,14,35977,12,28],"class_list":{"0":"post-554008","1":"post","2":"type-post","3":"status-publish","4":"format-standard","5":"has-post-thumbnail","7":"category-international","8":"tag-actualites","9":"tag-bracelet-electronique","10":"tag-bresil","11":"tag-fr","12":"tag-france","13":"tag-international","14":"tag-jair-bolsonaro","15":"tag-news","16":"tag-world"},"share_on_mastodon":{"url":"https:\/\/pubeurope.com\/@fr\/115600818583212531","error":""},"_links":{"self":[{"href":"https:\/\/www.europesays.com\/fr\/wp-json\/wp\/v2\/posts\/554008","targetHints":{"allow":["GET"]}}],"collection":[{"href":"https:\/\/www.europesays.com\/fr\/wp-json\/wp\/v2\/posts"}],"about":[{"href":"https:\/\/www.europesays.com\/fr\/wp-json\/wp\/v2\/types\/post"}],"author":[{"embeddable":true,"href":"https:\/\/www.europesays.com\/fr\/wp-json\/wp\/v2\/users\/2"}],"replies":[{"embeddable":true,"href":"https:\/\/www.europesays.com\/fr\/wp-json\/wp\/v2\/comments?post=554008"}],"version-history":[{"count":0,"href":"https:\/\/www.europesays.com\/fr\/wp-json\/wp\/v2\/posts\/554008\/revisions"}],"wp:featuredmedia":[{"embeddable":true,"href":"https:\/\/www.europesays.com\/fr\/wp-json\/wp\/v2\/media\/554009"}],"wp:attachment":[{"href":"https:\/\/www.europesays.com\/fr\/wp-json\/wp\/v2\/media?parent=554008"}],"wp:term":[{"taxonomy":"category","embeddable":true,"href":"https:\/\/www.europesays.com\/fr\/wp-json\/wp\/v2\/categories?post=554008"},{"taxonomy":"post_tag","embeddable":true,"href":"https:\/\/www.europesays.com\/fr\/wp-json\/wp\/v2\/tags?post=554008"}],"curies":[{"name":"wp","href":"https:\/\/api.w.org\/{rel}","templated":true}]}}