{"id":554012,"date":"2025-11-23T20:08:18","date_gmt":"2025-11-23T20:08:18","guid":{"rendered":"https:\/\/www.europesays.com\/fr\/554012\/"},"modified":"2025-11-23T20:08:18","modified_gmt":"2025-11-23T20:08:18","slug":"scenario-fou-entre-brest-et-metz-nantes-arrache-le-nul-au-buzzer-et-angers-gagne-a-toulouse","status":"publish","type":"post","link":"https:\/\/www.europesays.com\/fr\/554012\/","title":{"rendered":"sc\u00e9nario fou entre Brest et Metz, Nantes arrache le nul \u00abau buzzer\u00bb et Angers gagne \u00e0 Toulouse"},"content":{"rendered":"<p>\n    Le Stade brestois et Angers ont fait le plein de points ce dimanche, lors du multiplex de la 13e journ\u00e9e du championnat. Nantes a pris un point dans les arr\u00eats de jeu.<\/p>\n<p class=\"fig-paragraph\">Quel sc\u00e9nario\u00a0! Avec un penalty transform\u00e9 par Del Castillo \u00e0 la\u2026 100e minute de jeu, Brest a dispos\u00e9 de Metz (<a href=\"https:\/\/www.lefigaro.fr\/sports\/football\/live\/ligue-1\/2025\/2568545\/brest-metz\" target=\"_blank\" rel=\"sponsored noopener\" data-gtm-custom-categorie=\"navigation\" data-gtm-custom-action=\"crossclick\" data-gtm-custom-label=\"Contextuel\" data-gtm-event=\"customEventSPE\">3-2<\/a>) ce dimanche, lors de\u00a0<a href=\"https:\/\/www.lefigaro.fr\/sports\/football\/live\/ligue-1\/2025\/2568545\/brest-metz\" target=\"_blank\" rel=\"sponsored noopener\" data-gtm-custom-categorie=\"navigation\" data-gtm-custom-action=\"crossclick\" data-gtm-custom-label=\"Contextuel\" data-gtm-event=\"customEventSPE\">la 13e journ\u00e9e de Ligue 1<\/a>. Le deuxi\u00e8me penalty accord\u00e9 aux Bretons dans les arr\u00eats de jeu, le premier, d\u00e9j\u00e0 tir\u00e9 par Del Castillo, ayant \u00e9t\u00e9 arr\u00eat\u00e9 par Fischer. Brest a men\u00e9 au score par deux fois dans cette rencontre, apr\u00e8s les buts de Mboup (2e) et Doumbia (48e), tandis que les Grenats ont recoll\u00e9 gr\u00e2ce \u00e0 Tsitaichvili (6e) et Coulibaly\u2026 contre son camp (79e). De l\u2019air pour les joueurs d\u2019Eric Roy, 13es\u00a0<a href=\"https:\/\/www.lefigaro.fr\/sports\/football\/ligue-1\/classement\" target=\"_blank\" rel=\"noopener\" data-gtm-custom-categorie=\"navigation\" data-gtm-custom-action=\"crossclick\" data-gtm-custom-label=\"Contextuel\" data-gtm-event=\"customEventSPE\">au classement<\/a>. Les Messins, eux, reculent \u00e0 la 17e position.<\/p>\n<p class=\"fig-paragraph\">Dans les deux autres matchs de ce multiplex, Belkhdim a offert la victoire \u00e0 Angers sur le terrain de Toulousains en manque de r\u00e9alisme (0-1), avec deux barres touch\u00e9es par Emersonn. \u00c0 noter les prouesses de Koffi dans les buts du Sco. Du c\u00f4t\u00e9 de Nantes, oppos\u00e9 \u00e0 Lorient, l\u2019homme du match se nomme Awaziem. Buteur contre son camp en toute fin de premi\u00e8re p\u00e9riode (45+1), le d\u00e9fenseur des Canaris a marqu\u00e9 le but de l\u2019\u00e9galisation et donc du nul dans les arr\u00eats de jeu (90+1). Toulouse reste 10e, Angers grimpe \u00e0 la 11e place, Nantes est 15e et le FC Lorient appara\u00eet \u00e0 la 16e position, celle du barragiste.<\/p>\n","protected":false},"excerpt":{"rendered":"Le Stade brestois et Angers ont fait le plein de points ce dimanche, lors du multiplex de la&hellip;\n","protected":false},"author":2,"featured_media":554013,"comment_status":"","ping_status":"","sticky":false,"template":"","format":"standard","meta":{"footnotes":""},"categories":[2],"tags":[11,460,3450,3317,8113,462,1011,27,12,8512],"class_list":{"0":"post-554012","1":"post","2":"type-post","3":"status-publish","4":"format-standard","5":"has-post-thumbnail","7":"category-actualites","8":"tag-actualites","9":"tag-angers-sco","10":"tag-brest","11":"tag-fc-lorient","12":"tag-fc-metz","13":"tag-fc-nantes","14":"tag-fr","15":"tag-france","16":"tag-news","17":"tag-toulouse-fc"},"share_on_mastodon":{"url":"https:\/\/pubeurope.com\/@fr\/115600825017161965","error":""},"_links":{"self":[{"href":"https:\/\/www.europesays.com\/fr\/wp-json\/wp\/v2\/posts\/554012","targetHints":{"allow":["GET"]}}],"collection":[{"href":"https:\/\/www.europesays.com\/fr\/wp-json\/wp\/v2\/posts"}],"about":[{"href":"https:\/\/www.europesays.com\/fr\/wp-json\/wp\/v2\/types\/post"}],"author":[{"embeddable":true,"href":"https:\/\/www.europesays.com\/fr\/wp-json\/wp\/v2\/users\/2"}],"replies":[{"embeddable":true,"href":"https:\/\/www.europesays.com\/fr\/wp-json\/wp\/v2\/comments?post=554012"}],"version-history":[{"count":0,"href":"https:\/\/www.europesays.com\/fr\/wp-json\/wp\/v2\/posts\/554012\/revisions"}],"wp:featuredmedia":[{"embeddable":true,"href":"https:\/\/www.europesays.com\/fr\/wp-json\/wp\/v2\/media\/554013"}],"wp:attachment":[{"href":"https:\/\/www.europesays.com\/fr\/wp-json\/wp\/v2\/media?parent=554012"}],"wp:term":[{"taxonomy":"category","embeddable":true,"href":"https:\/\/www.europesays.com\/fr\/wp-json\/wp\/v2\/categories?post=554012"},{"taxonomy":"post_tag","embeddable":true,"href":"https:\/\/www.europesays.com\/fr\/wp-json\/wp\/v2\/tags?post=554012"}],"curies":[{"name":"wp","href":"https:\/\/api.w.org\/{rel}","templated":true}]}}