{"id":554016,"date":"2025-11-23T20:10:25","date_gmt":"2025-11-23T20:10:25","guid":{"rendered":"https:\/\/www.europesays.com\/fr\/554016\/"},"modified":"2025-11-23T20:10:25","modified_gmt":"2025-11-23T20:10:25","slug":"saint-etienne-montchovet-la-marandiniere-ces-eleves-ont-completement-renove-une-salle-en-un-vestiaire-dedie-au-cours-deducation-sportive","status":"publish","type":"post","link":"https:\/\/www.europesays.com\/fr\/554016\/","title":{"rendered":"Saint-\u00c9tienne\/Montchovet-La Marandini\u00e8re. Ces \u00e9l\u00e8ves ont compl\u00e8tement r\u00e9nov\u00e9 une salle en un vestiaire d\u00e9di\u00e9 au cours d\u2019\u00e9ducation sportive"},"content":{"rendered":"<p>Ce sont d\u2019anciens coll\u00e9giens de la classe de 3e Segpa 2024-2025 (section d\u2019enseignement g\u00e9n\u00e9ral et professionnel adapt\u00e9), qui, en pr\u00e9sence de leur directrice, A\u00efcha Abdirahman et de Fabrice Achard, leur professeur d\u2019atelier, ont coup\u00e9 le ruban symbolique. Cette nouvelle salle servira de vestiaire lors des cours d\u2019EPS.<\/p>\n<p>De janvier \u00e0 septembre\u00a02025, les \u00e9l\u00e8ves de la classe de 3e ont travaill\u00e9&#8230;<\/p>\n","protected":false},"excerpt":{"rendered":"Ce sont d\u2019anciens coll\u00e9giens de la classe de 3e Segpa 2024-2025 (section d\u2019enseignement g\u00e9n\u00e9ral et professionnel adapt\u00e9), qui,&hellip;\n","protected":false},"author":2,"featured_media":554017,"comment_status":"","ping_status":"","sticky":false,"template":"","format":"standard","meta":{"footnotes":""},"categories":[9653],"tags":[1111,11,2430,3599,7539,1057,1777,674,1011,27,12,25,4001,7538],"class_list":{"0":"post-554016","1":"post","2":"type-post","3":"status-publish","4":"format-standard","5":"has-post-thumbnail","7":"category-saint-etienne","8":"tag-actu","9":"tag-actualites","10":"tag-auvergne-rhone-alpes","11":"tag-college-lycee","12":"tag-edition-loire-sud","13":"tag-education","14":"tag-eu","15":"tag-europe","16":"tag-fr","17":"tag-france","18":"tag-news","19":"tag-republique-francaise","20":"tag-saint-etienne","21":"tag-saint-etienne-ville"},"share_on_mastodon":{"url":"https:\/\/pubeurope.com\/@fr\/115600832883221568","error":""},"_links":{"self":[{"href":"https:\/\/www.europesays.com\/fr\/wp-json\/wp\/v2\/posts\/554016","targetHints":{"allow":["GET"]}}],"collection":[{"href":"https:\/\/www.europesays.com\/fr\/wp-json\/wp\/v2\/posts"}],"about":[{"href":"https:\/\/www.europesays.com\/fr\/wp-json\/wp\/v2\/types\/post"}],"author":[{"embeddable":true,"href":"https:\/\/www.europesays.com\/fr\/wp-json\/wp\/v2\/users\/2"}],"replies":[{"embeddable":true,"href":"https:\/\/www.europesays.com\/fr\/wp-json\/wp\/v2\/comments?post=554016"}],"version-history":[{"count":0,"href":"https:\/\/www.europesays.com\/fr\/wp-json\/wp\/v2\/posts\/554016\/revisions"}],"wp:featuredmedia":[{"embeddable":true,"href":"https:\/\/www.europesays.com\/fr\/wp-json\/wp\/v2\/media\/554017"}],"wp:attachment":[{"href":"https:\/\/www.europesays.com\/fr\/wp-json\/wp\/v2\/media?parent=554016"}],"wp:term":[{"taxonomy":"category","embeddable":true,"href":"https:\/\/www.europesays.com\/fr\/wp-json\/wp\/v2\/categories?post=554016"},{"taxonomy":"post_tag","embeddable":true,"href":"https:\/\/www.europesays.com\/fr\/wp-json\/wp\/v2\/tags?post=554016"}],"curies":[{"name":"wp","href":"https:\/\/api.w.org\/{rel}","templated":true}]}}