{"id":554018,"date":"2025-11-23T20:11:25","date_gmt":"2025-11-23T20:11:25","guid":{"rendered":"https:\/\/www.europesays.com\/fr\/554018\/"},"modified":"2025-11-23T20:11:25","modified_gmt":"2025-11-23T20:11:25","slug":"frouard-ruee-sur-la-gratiferia","status":"publish","type":"post","link":"https:\/\/www.europesays.com\/fr\/554018\/","title":{"rendered":"Frouard. Ru\u00e9e sur la Gratiferia"},"content":{"rendered":"<p>La Gratiferia organis\u00e9e \u00e0 l\u2019espace Ermitage a connu, \u00e0 nouveau, un joli succ\u00e8s. D\u00e8s 14\u00a0h, \u00e0 l\u2019ouverture des portes, le parking \u00e9tait quasiment plein de chineurs provenant de Frouard et des alentours. \u00c0 cette grande brocante gratuite, les visiteurs arrivaient avec de grands sacs remplis d\u2019objets divers qu\u2019ils souhaitaient donner\u2026 et repartaient avec de belles trouvailles. La Gratiferia reviendra au printemps prochain pour le plus grand plaisir des accros de la broc&rsquo;!<\/p>\n","protected":false},"excerpt":{"rendered":"La Gratiferia organis\u00e9e \u00e0 l\u2019espace Ermitage a connu, \u00e0 nouveau, un joli succ\u00e8s. D\u00e8s 14\u00a0h, \u00e0 l\u2019ouverture des&hellip;\n","protected":false},"author":2,"featured_media":554019,"comment_status":"","ping_status":"","sticky":false,"template":"","format":"standard","meta":{"footnotes":""},"categories":[9635],"tags":[1111,11,5738,11679,9661,1687,1704,1777,674,1011,27,9660,775,1702,12,25,3365],"class_list":{"0":"post-554018","1":"post","2":"type-post","3":"status-publish","4":"format-standard","5":"has-post-thumbnail","7":"category-nancy","8":"tag-actu","9":"tag-actualites","10":"tag-bourses","11":"tag-brocantes","12":"tag-cc-du-bassin-de-pompey-54b1","13":"tag-culture-loisirs","14":"tag-edition-nancy-et-agglomeration","15":"tag-eu","16":"tag-europe","17":"tag-fr","18":"tag-france","19":"tag-frouard","20":"tag-grand-est","21":"tag-nancy","22":"tag-news","23":"tag-republique-francaise","24":"tag-vide-greniers"},"share_on_mastodon":{"url":"https:\/\/pubeurope.com\/@fr\/115600836922551532","error":""},"_links":{"self":[{"href":"https:\/\/www.europesays.com\/fr\/wp-json\/wp\/v2\/posts\/554018","targetHints":{"allow":["GET"]}}],"collection":[{"href":"https:\/\/www.europesays.com\/fr\/wp-json\/wp\/v2\/posts"}],"about":[{"href":"https:\/\/www.europesays.com\/fr\/wp-json\/wp\/v2\/types\/post"}],"author":[{"embeddable":true,"href":"https:\/\/www.europesays.com\/fr\/wp-json\/wp\/v2\/users\/2"}],"replies":[{"embeddable":true,"href":"https:\/\/www.europesays.com\/fr\/wp-json\/wp\/v2\/comments?post=554018"}],"version-history":[{"count":0,"href":"https:\/\/www.europesays.com\/fr\/wp-json\/wp\/v2\/posts\/554018\/revisions"}],"wp:featuredmedia":[{"embeddable":true,"href":"https:\/\/www.europesays.com\/fr\/wp-json\/wp\/v2\/media\/554019"}],"wp:attachment":[{"href":"https:\/\/www.europesays.com\/fr\/wp-json\/wp\/v2\/media?parent=554018"}],"wp:term":[{"taxonomy":"category","embeddable":true,"href":"https:\/\/www.europesays.com\/fr\/wp-json\/wp\/v2\/categories?post=554018"},{"taxonomy":"post_tag","embeddable":true,"href":"https:\/\/www.europesays.com\/fr\/wp-json\/wp\/v2\/tags?post=554018"}],"curies":[{"name":"wp","href":"https:\/\/api.w.org\/{rel}","templated":true}]}}