{"id":554025,"date":"2025-11-23T20:16:11","date_gmt":"2025-11-23T20:16:11","guid":{"rendered":"https:\/\/www.europesays.com\/fr\/554025\/"},"modified":"2025-11-23T20:16:11","modified_gmt":"2025-11-23T20:16:11","slug":"que-reserve-le-spectaculaire-trial-indoor-a-la-sud-de-france-arena","status":"publish","type":"post","link":"https:\/\/www.europesays.com\/fr\/554025\/","title":{"rendered":"que r\u00e9serve le spectaculaire Trial Indoor \u00e0 la Sud de France Arena\u00a0?"},"content":{"rendered":"<p>                    Par<br \/>\n        <strong><br \/>\n            <a href=\"https:\/\/actu.fr\/auteur\/metropoop\" title=\"Consulter tous les articles de R\u00e9daction M\u00e9tropolitain\" target=\"_blank\" rel=\"noopener\">R\u00e9daction M\u00e9tropolitain<\/a><br \/>\n                    <\/strong><\/p>\n<p>        Publi\u00e9 le<\/p>\n<p>            23 nov. 2025 \u00e0 20h09        <\/p>\n<p>Les moteurs vrombissent, les projecteurs s\u2019allument, les pneus mordent le m\u00e9tal. Le Trial Indoor International s\u2019appr\u00eate \u00e0 transformer la Sud de France Arena en ar\u00e8ne m\u00e9canique, <strong>ce vendredi 9 janvier 2026 \u00e0 20h<\/strong>. Cet \u00e9v\u00e9nement incontournable du sport moto promet une soir\u00e9e d\u2019\u00e9quilibre, de puissance et de pr\u00e9cision.<\/p>\n<p>    <a href=\"https:\/\/www.google.com\/maps\/embed?pb=!1m18!1m12!1m3!1d2890.589434487256!2d3.9489150764582126!3d43.57343747110607!2m3!1f0!2f0!3f0!3m2!1i1024!2i768!4f13.1!3m3!1m2!1s0x12b6a4d5fc7a3bf7%3A0x7409bb29f43e093a!2sSud%20de%20France%20Arena!5e0!3m2!1sfr!2sfr!4v1762771918590!5m2!1sfr!2sfr\" title=\"Ouvrie le lien\" target=\"_blank\" rel=\"noopener\">Cliquez ici pour visualiser le contenu<\/a><\/p>\n<p class=\" wall-content\">Le public retrouvera l\u2019ambiance \u00e9lectrique qui a fait la r\u00e9putation de cette comp\u00e9tition. Les meilleurs pilotes mondiaux viendront d\u00e9fier des obstacles g\u00e9ants sous les applaudissements d\u2019une foule conquise. Une exp\u00e9rience \u00e0 la fois sportive et spectaculaire.<\/p>\n<p>L\u2019art du contr\u00f4le absolu<\/p>\n<p class=\" wall-content\">Le Trial Indoor ne laisse aucune place \u00e0 l\u2019improvisation. Le principe est simple : franchir une s\u00e9rie d\u2019obstacles massifs sans jamais poser le pied au sol. Chaque zone teste les limites de la machine et du pilote. Le plateau annonc\u00e9 s\u2019annonce exceptionnel. Les organisateurs promettent la pr\u00e9sence de plusieurs stars du circuit mondial. Tous viendront se mesurer sur les zones montpelli\u00e9raines, connues pour leur difficult\u00e9 et leur cr\u00e9ativit\u00e9. La liste officielle des participants sera d\u00e9voil\u00e9e <strong>dans les prochaines semaines<\/strong>. Une chose est s\u00fbre : le niveau sera au rendez-vous, et chaque passage promet des instants de pure tension sportive.<\/p>\n<p class=\" wall-content\">Spectaculaire et accessible, le Trial Indoor s\u00e9duit bien au-del\u00e0 des passionn\u00e9s de moto. Les novices s\u2019\u00e9merveillent devant les sauts et la pr\u00e9cision des pilotes, les enfants vibrent \u00e0 chaque franchissement, les connaisseurs scrutent la technique. Les portes <strong>ouvriront \u00e0 18h30<\/strong>. Le spectacle d\u00e9butera \u00e0 20h pour une dur\u00e9e estim\u00e9e entre deux heures trente et trois heures.\u00a0<\/p>\n<p>Vid\u00e9os : en ce moment sur ActuBillets, tarifs et exp\u00e9riences exclusives<\/p>\n<p class=\" wall-content\"><a href=\"https:\/\/www.ticketmaster.fr\/fr\/manifestation\/trial-indoor-montpellier-2026-billet\/idmanif\/627602\" target=\"_blank\" rel=\"noopener\">Les places sont disponibles d\u00e8s maintenant.<\/a> Plusieurs cat\u00e9gories permettent \u00e0 chacun de choisir sa formule :<\/p>\n<ul class=\" wall-content\">\n<li>Prestige : 62 euros<\/li>\n<li>Carr\u00e9 Or : 52 euros (enfant 30 euros)<\/li>\n<li>Cat\u00e9gorie 1 : 41 euros (enfant 20 euros)<br \/>Cat\u00e9gorie 2 : 31 euros (enfant 16 euros)<br \/>Pack Acc\u00e8s Paddock : 20 euros<\/li>\n<\/ul>\n<p>Votre r\u00e9gion, votre actu !<\/p>\n<p>Recevez chaque jour les infos qui comptent pour vous.<\/p>\n<p>\t<a href=\"https:\/\/actu.fr\/newsletter\" class=\"ac-btn ac-btn--corner ac-btn--medium ac-btn--blue800\" target=\"_blank\" rel=\"noopener\">S&rsquo;incrire<\/a><\/p>\n<p class=\" wall-content\">Pour vivre la comp\u00e9tition au plus pr\u00e8s, <strong>un Package VIP<\/strong> est propos\u00e9 \u00e0 198 euros. Il comprend :<\/p>\n<ul class=\" wall-content\">\n<li>Une place en cat\u00e9gorie Prestige<\/li>\n<li>Une place de parking VIP<\/li>\n<li>Un acc\u00e8s privil\u00e9gi\u00e9 au paddock<\/li>\n<li>Un cocktail d\u00eenatoire servi avant le spectacle, \u00e0 l\u2019entracte et apr\u00e8s la repr\u00e9sentation<\/li>\n<\/ul>\n<p class=\" wall-content\">Une exp\u00e9rience premium pour savourer l\u2019\u00e9v\u00e9nement dans les meilleures conditions, entre confort et frissons.<\/p>\n<p class=\" wall-content\">Personnalisez votre actualit\u00e9 en ajoutant vos villes et m\u00e9dias en favori avec <a href=\"https:\/\/moncompte.actu.fr\" title=\"D\u00e9couvez Mon Actu\" rel=\"nofollow noopener\" data-trk=\"{&quot;cta&quot;:{&quot;action&quot;:&quot;https:\\\/\\\/moncompte.actu.fr&quot;,&quot;category&quot;:&quot;mon compte&quot;,&quot;from&quot;:&quot;article footer&quot;,&quot;name&quot;:&quot;Mon actu&quot;,&quot;type&quot;:&quot;cta&quot;}}\" target=\"_blank\">Mon Actu<\/a>.<\/p>\n","protected":false},"excerpt":{"rendered":"Par R\u00e9daction M\u00e9tropolitain Publi\u00e9 le 23 nov. 2025 \u00e0 20h09 Les moteurs vrombissent, les projecteurs s\u2019allument, les pneus&hellip;\n","protected":false},"author":2,"featured_media":554026,"comment_status":"","ping_status":"","sticky":false,"template":"","format":"standard","meta":{"footnotes":""},"categories":[9599],"tags":[1111,11,51346,1777,674,1011,27,1652,2208,12,2680,25,853],"class_list":{"0":"post-554025","1":"post","2":"type-post","3":"status-publish","4":"format-standard","5":"has-post-thumbnail","7":"category-montpellier","8":"tag-actu","9":"tag-actualites","10":"tag-arena-de-montpellier","11":"tag-eu","12":"tag-europe","13":"tag-fr","14":"tag-france","15":"tag-loisirs-culture","16":"tag-montpellier","17":"tag-news","18":"tag-occitanie","19":"tag-republique-francaise","20":"tag-spectacles"},"share_on_mastodon":{"url":"https:\/\/pubeurope.com\/@fr\/115600856399828701","error":""},"_links":{"self":[{"href":"https:\/\/www.europesays.com\/fr\/wp-json\/wp\/v2\/posts\/554025","targetHints":{"allow":["GET"]}}],"collection":[{"href":"https:\/\/www.europesays.com\/fr\/wp-json\/wp\/v2\/posts"}],"about":[{"href":"https:\/\/www.europesays.com\/fr\/wp-json\/wp\/v2\/types\/post"}],"author":[{"embeddable":true,"href":"https:\/\/www.europesays.com\/fr\/wp-json\/wp\/v2\/users\/2"}],"replies":[{"embeddable":true,"href":"https:\/\/www.europesays.com\/fr\/wp-json\/wp\/v2\/comments?post=554025"}],"version-history":[{"count":0,"href":"https:\/\/www.europesays.com\/fr\/wp-json\/wp\/v2\/posts\/554025\/revisions"}],"wp:featuredmedia":[{"embeddable":true,"href":"https:\/\/www.europesays.com\/fr\/wp-json\/wp\/v2\/media\/554026"}],"wp:attachment":[{"href":"https:\/\/www.europesays.com\/fr\/wp-json\/wp\/v2\/media?parent=554025"}],"wp:term":[{"taxonomy":"category","embeddable":true,"href":"https:\/\/www.europesays.com\/fr\/wp-json\/wp\/v2\/categories?post=554025"},{"taxonomy":"post_tag","embeddable":true,"href":"https:\/\/www.europesays.com\/fr\/wp-json\/wp\/v2\/tags?post=554025"}],"curies":[{"name":"wp","href":"https:\/\/api.w.org\/{rel}","templated":true}]}}