{"id":554027,"date":"2025-11-23T20:18:14","date_gmt":"2025-11-23T20:18:14","guid":{"rendered":"https:\/\/www.europesays.com\/fr\/554027\/"},"modified":"2025-11-23T20:18:14","modified_gmt":"2025-11-23T20:18:14","slug":"le-champagne-basket-feminin-a-reagi-trop-tard-a-rouen-sport-club","status":"publish","type":"post","link":"https:\/\/www.europesays.com\/fr\/554027\/","title":{"rendered":"Le Champagne Basket F\u00e9minin a r\u00e9agi trop tard \u00e0 Rouen \u2022 Sport Club"},"content":{"rendered":"<p><strong>Les P\u00e9tillantes peuvent avoir des regrets ce dimanche soir \u00e0 Rouen. Comme souvent trop \u00e0 r\u00e9action, les prot\u00e9g\u00e9es de Mathieu Trouvay ont \u00e9chou\u00e9 \u00e0 peu de choses en Normandie. La faute \u00e0 une premi\u00e8re mi-temps difficile, en manque d\u2019agressivit\u00e9 et de r\u00e9ussite. En retard de pr\u00e8s de 20 points au d\u00e9but du 3e quart, les R\u00e9moises se sont r\u00e9volt\u00e9es bien aid\u00e9es par une Stella Kessler (20pts, 5 passes, 3 rebonds) d\u00e9cha\u00een\u00e9e \u00e0 partir du milieu du 3e quart-temps. Revenues dans le sillon de Rouen, les R\u00e9moises ne sont pas pour autant parvenues \u00e0 repasser devant. La fin de match, tendue, ne souriait pas plus aux R\u00e9moises. Une bien mauvaise op\u00e9ration face \u00e0 un concurrent direct au classement.<\/strong><\/p>\n<blockquote><p>\nFEUILLE DE MATCH\n<\/p><\/blockquote>\n<p style=\"text-align: center;\"><strong>\u00a0<\/strong><strong> ROUEN <img loading=\"lazy\" data-recalc-dims=\"1\" decoding=\"async\" class=\"\" src=\"https:\/\/www.europesays.com\/fr\/wp-content\/uploads\/2025\/11\/4058c6b7f500bc3d6f1546f6cf697bbcT1.png\" width=\"18\" height=\"18\"\/> 69-65 <\/strong><img loading=\"lazy\" data-recalc-dims=\"1\" decoding=\"async\" class=\"\" src=\"https:\/\/www.europesays.com\/fr\/wp-content\/uploads\/2025\/11\/672ce50f53ae8c800f6b5825509e60c0T1.jpg\" width=\"17\" height=\"17\"\/> <strong>CHAMPAGNE\u00a0<\/strong><strong>BF<\/strong><strong><br \/><\/strong>(19-13, 21-10, 8-22, 21-20)<\/p>\n<p><strong>ARBITRES<\/strong> : S. Moreau &amp; O. Scanff<br \/><strong><img loading=\"lazy\" data-recalc-dims=\"1\" decoding=\"async\" class=\"\" src=\"https:\/\/www.europesays.com\/fr\/wp-content\/uploads\/2025\/11\/4058c6b7f500bc3d6f1546f6cf697bbcT1.png\" width=\"18\" height=\"18\"\/> ROUEN\u00a0<\/strong>(25\/49 aux tirs, soit 51% de r\u00e9ussite, dont 5\/14 \u00e0 3pts, 33 rebonds, 13 passes, 20 balles perdues, 21 fautes) : Chovino 22, Fouasseau 13, Causeur 11, Niang 10, Mari\u00e9 8, Bouzenna 2, Ferre 2, Fall 1, Marmillot. Entr. : C. Mah\u00e9<br \/><strong><img loading=\"lazy\" data-recalc-dims=\"1\" decoding=\"async\" class=\"\" src=\"https:\/\/www.europesays.com\/fr\/wp-content\/uploads\/2025\/11\/672ce50f53ae8c800f6b5825509e60c0T1.jpg\" width=\"17\" height=\"17\"\/>\u00a0REIMS<\/strong> (22\/62 aux tirs, soit 35% de r\u00e9ussite, dont 5\/24 \u00e0 3pts, 34 rebonds, 9 passes, 15 balles perdues, 14 fautes) : Kessler 20, Faillot 10, Aman 9, Poole 8,\u00a0 Ounounou 7, Vieira 7,Diouf 2, Saint-Martin 2, Kongo, Simplot.\u00a0Entr. : Matthieu Trouvay<\/p>\n<blockquote><p>\nRESULTATS &amp; CLASSEMENT\n<\/p><\/blockquote>\n<p>Sport Club Global Media<\/p>\n<\/p>\n<blockquote><p>\nPROCHAIN MATCH\n<\/p><\/blockquote>\n<p>\ud83c\udd9a SIG Graffenstaden<br \/>\ud83c\udfc6 Ligue F\u00e9minine 2 (9e journ\u00e9e)<br \/>\ud83d\udcc5 samedi 29 novembre 2025<br \/>\u231a 20h<br \/>\ud83c\udfdf\u00a0 au complexe Ren\u00e9 Tys, \u00e0 Reims<\/p>\n","protected":false},"excerpt":{"rendered":"Les P\u00e9tillantes peuvent avoir des regrets ce dimanche soir \u00e0 Rouen. Comme souvent trop \u00e0 r\u00e9action, les prot\u00e9g\u00e9es&hellip;\n","protected":false},"author":2,"featured_media":554028,"comment_status":"","ping_status":"","sticky":false,"template":"","format":"standard","meta":{"footnotes":""},"categories":[9587],"tags":[1111,11,1465,67107,67108,1777,674,12300,1011,27,67109,12,5161,67110,25,9590],"class_list":{"0":"post-554027","1":"post","2":"type-post","3":"status-publish","4":"format-standard","5":"has-post-thumbnail","7":"category-rouen","8":"tag-actu","9":"tag-actualites","10":"tag-basket","11":"tag-cbf","12":"tag-champagne-basket-feminin","13":"tag-eu","14":"tag-europe","15":"tag-feminines","16":"tag-fr","17":"tag-france","18":"tag-lf2","19":"tag-news","20":"tag-normandie","21":"tag-petillantes","22":"tag-republique-francaise","23":"tag-rouen"},"share_on_mastodon":{"url":"https:\/\/pubeurope.com\/@fr\/115600866312842671","error":""},"_links":{"self":[{"href":"https:\/\/www.europesays.com\/fr\/wp-json\/wp\/v2\/posts\/554027","targetHints":{"allow":["GET"]}}],"collection":[{"href":"https:\/\/www.europesays.com\/fr\/wp-json\/wp\/v2\/posts"}],"about":[{"href":"https:\/\/www.europesays.com\/fr\/wp-json\/wp\/v2\/types\/post"}],"author":[{"embeddable":true,"href":"https:\/\/www.europesays.com\/fr\/wp-json\/wp\/v2\/users\/2"}],"replies":[{"embeddable":true,"href":"https:\/\/www.europesays.com\/fr\/wp-json\/wp\/v2\/comments?post=554027"}],"version-history":[{"count":0,"href":"https:\/\/www.europesays.com\/fr\/wp-json\/wp\/v2\/posts\/554027\/revisions"}],"wp:featuredmedia":[{"embeddable":true,"href":"https:\/\/www.europesays.com\/fr\/wp-json\/wp\/v2\/media\/554028"}],"wp:attachment":[{"href":"https:\/\/www.europesays.com\/fr\/wp-json\/wp\/v2\/media?parent=554027"}],"wp:term":[{"taxonomy":"category","embeddable":true,"href":"https:\/\/www.europesays.com\/fr\/wp-json\/wp\/v2\/categories?post=554027"},{"taxonomy":"post_tag","embeddable":true,"href":"https:\/\/www.europesays.com\/fr\/wp-json\/wp\/v2\/tags?post=554027"}],"curies":[{"name":"wp","href":"https:\/\/api.w.org\/{rel}","templated":true}]}}