{"id":554029,"date":"2025-11-23T20:19:13","date_gmt":"2025-11-23T20:19:13","guid":{"rendered":"https:\/\/www.europesays.com\/fr\/554029\/"},"modified":"2025-11-23T20:19:13","modified_gmt":"2025-11-23T20:19:13","slug":"echirolles-politiques-du-quotidien-une-exposition-de-morgan-navarro","status":"publish","type":"post","link":"https:\/\/www.europesays.com\/fr\/554029\/","title":{"rendered":"\u00c9chirolles. \u201cPolitiques du quotidien\u201d, une exposition de Morgan Navarro"},"content":{"rendered":"<p>Il a suivi la derni\u00e8re campagne pr\u00e9sidentielle, en 2022, pour l\u2019excellent ouvrage collectif, Carnets de campagne. Le Grenoblois Morgan Navarro pr\u00e9sente ses dessins \u00e0 La Rampe sur la politique au quotidien pour une exposition propos\u00e9e en collaboration avec le Trac\u00e9 (Centre du graphisme).<\/p>\n<p class=\"note\">Jusqu\u2019au 18\u00a0d\u00e9cembre \u00e0 La Rampe \u00e0 \u00c9chirolles. Rencontre avec l\u2019auteur le mardi 25\u00a0novembre \u00e0 18\u00a0h\u00a030 autour de son travail. Gratuit.<\/p>\n","protected":false},"excerpt":{"rendered":"Il a suivi la derni\u00e8re campagne pr\u00e9sidentielle, en 2022, pour l\u2019excellent ouvrage collectif, Carnets de campagne. Le Grenoblois&hellip;\n","protected":false},"author":2,"featured_media":554030,"comment_status":"","ping_status":"","sticky":false,"template":"","format":"standard","meta":{"footnotes":""},"categories":[9566],"tags":[1111,11,2430,1687,9852,9853,112,1777,674,2271,1011,27,2731,108,12,25],"class_list":{"0":"post-554029","1":"post","2":"type-post","3":"status-publish","4":"format-standard","5":"has-post-thumbnail","7":"category-grenoble","8":"tag-actu","9":"tag-actualites","10":"tag-auvergne-rhone-alpes","11":"tag-culture-loisirs","12":"tag-echirolles","13":"tag-echirolles-bassin","14":"tag-edition-grenoble-agglomeration","15":"tag-eu","16":"tag-europe","17":"tag-exposition-arts-plastiques","18":"tag-fr","19":"tag-france","20":"tag-grenoble","21":"tag-isere","22":"tag-news","23":"tag-republique-francaise"},"share_on_mastodon":{"url":"https:\/\/pubeurope.com\/@fr\/115600868413814141","error":""},"_links":{"self":[{"href":"https:\/\/www.europesays.com\/fr\/wp-json\/wp\/v2\/posts\/554029","targetHints":{"allow":["GET"]}}],"collection":[{"href":"https:\/\/www.europesays.com\/fr\/wp-json\/wp\/v2\/posts"}],"about":[{"href":"https:\/\/www.europesays.com\/fr\/wp-json\/wp\/v2\/types\/post"}],"author":[{"embeddable":true,"href":"https:\/\/www.europesays.com\/fr\/wp-json\/wp\/v2\/users\/2"}],"replies":[{"embeddable":true,"href":"https:\/\/www.europesays.com\/fr\/wp-json\/wp\/v2\/comments?post=554029"}],"version-history":[{"count":0,"href":"https:\/\/www.europesays.com\/fr\/wp-json\/wp\/v2\/posts\/554029\/revisions"}],"wp:featuredmedia":[{"embeddable":true,"href":"https:\/\/www.europesays.com\/fr\/wp-json\/wp\/v2\/media\/554030"}],"wp:attachment":[{"href":"https:\/\/www.europesays.com\/fr\/wp-json\/wp\/v2\/media?parent=554029"}],"wp:term":[{"taxonomy":"category","embeddable":true,"href":"https:\/\/www.europesays.com\/fr\/wp-json\/wp\/v2\/categories?post=554029"},{"taxonomy":"post_tag","embeddable":true,"href":"https:\/\/www.europesays.com\/fr\/wp-json\/wp\/v2\/tags?post=554029"}],"curies":[{"name":"wp","href":"https:\/\/api.w.org\/{rel}","templated":true}]}}