{"id":554035,"date":"2025-11-23T20:23:21","date_gmt":"2025-11-23T20:23:21","guid":{"rendered":"https:\/\/www.europesays.com\/fr\/554035\/"},"modified":"2025-11-23T20:23:21","modified_gmt":"2025-11-23T20:23:21","slug":"ligue-1-defait-a-lens-comme-a-monaco-lyon-ou-rennes-le-racing-club-de-strasbourg-coince-chez-les-gros","status":"publish","type":"post","link":"https:\/\/www.europesays.com\/fr\/554035\/","title":{"rendered":"Ligue 1. D\u00e9fait \u00e0 Lens, comme \u00e0 Monaco, Lyon ou Rennes, le Racing club de Strasbourg coince chez les gros"},"content":{"rendered":"<p>Charg\u00e9 de r\u00e9pondre aux sollicitations m\u00e9diatiques d\u2019apr\u00e8s-match samedi \u00e0 Bollaert, Justin Walker \u2013 l\u2019adjoint de <a href=\"https:\/\/www.dna.fr\/p\/liam-rosenior\" target=\"_blank\" rel=\"noopener\">Liam Rosenior<\/a>, suspendu apr\u00e8s son expulsion contre Lille \u2013 a mis en avant le calendrier international pour plaider la cause du revers subi par le Racing alsacien.<\/p>\n<p>\u00ab\u200aNous savons que nous aurions d\u00fb \u00eatre meilleurs dans le contr\u00f4le du ballon et la mani\u00e8re de le faire vivre. Mais c\u2019\u00e9tait la premi\u00e8re sortie apr\u00e8s la tr\u00eave internationale et nous avons eu tr\u00e8s peu de temps pour pr\u00e9parer ce match tr\u00e8s difficile. Je suis s\u00fbr qu\u2019on va revenir plus fort\u200a\u00bb, a ainsi analys\u00e9 le Britannique.\u00a0<\/p>\n<p>Avec douze internationaux sur la route, dont certains comme Julio Enciso et Kendry Paez revenus tardivement de s\u00e9lection de l\u2019autre c\u00f4t\u00e9 de l\u2019Atlantique (*), l\u2019argument peut s\u2019entendre. Mais le RC Lens avait aussi neuf de ses joueurs appel\u00e9s sous les drapeaux.<\/p>\n<p>Surtout, au retour de la pr\u00e9c\u00e9dente tr\u00eave internationale en octobre, le&#8230;<\/p>\n","protected":false},"excerpt":{"rendered":"Charg\u00e9 de r\u00e9pondre aux sollicitations m\u00e9diatiques d\u2019apr\u00e8s-match samedi \u00e0 Bollaert, Justin Walker \u2013 l\u2019adjoint de Liam Rosenior, suspendu&hellip;\n","protected":false},"author":2,"featured_media":554036,"comment_status":"","ping_status":"","sticky":false,"template":"","format":"standard","meta":{"footnotes":""},"categories":[2821],"tags":[1111,11,829,2880,1777,674,107,63,1011,27,329,12,41281,584,25,517,2879],"class_list":{"0":"post-554035","1":"post","2":"type-post","3":"status-publish","4":"format-standard","5":"has-post-thumbnail","7":"category-rennes","8":"tag-actu","9":"tag-actualites","10":"tag-bretagne","11":"tag-edition-strasbourg","12":"tag-eu","13":"tag-europe","14":"tag-fil-info","15":"tag-football","16":"tag-fr","17":"tag-france","18":"tag-france-monde","19":"tag-news","20":"tag-racing-club-strasbourg-masculin","21":"tag-rennes","22":"tag-republique-francaise","23":"tag-sport","24":"tag-strasbourg-ville"},"share_on_mastodon":{"url":"https:\/\/pubeurope.com\/@fr\/115600884057702965","error":""},"_links":{"self":[{"href":"https:\/\/www.europesays.com\/fr\/wp-json\/wp\/v2\/posts\/554035","targetHints":{"allow":["GET"]}}],"collection":[{"href":"https:\/\/www.europesays.com\/fr\/wp-json\/wp\/v2\/posts"}],"about":[{"href":"https:\/\/www.europesays.com\/fr\/wp-json\/wp\/v2\/types\/post"}],"author":[{"embeddable":true,"href":"https:\/\/www.europesays.com\/fr\/wp-json\/wp\/v2\/users\/2"}],"replies":[{"embeddable":true,"href":"https:\/\/www.europesays.com\/fr\/wp-json\/wp\/v2\/comments?post=554035"}],"version-history":[{"count":0,"href":"https:\/\/www.europesays.com\/fr\/wp-json\/wp\/v2\/posts\/554035\/revisions"}],"wp:featuredmedia":[{"embeddable":true,"href":"https:\/\/www.europesays.com\/fr\/wp-json\/wp\/v2\/media\/554036"}],"wp:attachment":[{"href":"https:\/\/www.europesays.com\/fr\/wp-json\/wp\/v2\/media?parent=554035"}],"wp:term":[{"taxonomy":"category","embeddable":true,"href":"https:\/\/www.europesays.com\/fr\/wp-json\/wp\/v2\/categories?post=554035"},{"taxonomy":"post_tag","embeddable":true,"href":"https:\/\/www.europesays.com\/fr\/wp-json\/wp\/v2\/tags?post=554035"}],"curies":[{"name":"wp","href":"https:\/\/api.w.org\/{rel}","templated":true}]}}