{"id":554037,"date":"2025-11-23T20:24:22","date_gmt":"2025-11-23T20:24:22","guid":{"rendered":"https:\/\/www.europesays.com\/fr\/554037\/"},"modified":"2025-11-23T20:24:22","modified_gmt":"2025-11-23T20:24:22","slug":"strasbourg-bravant-le-froid-glacial-les-musiciens-des-rues-rechauffent-le-coeur-des-passants","status":"publish","type":"post","link":"https:\/\/www.europesays.com\/fr\/554037\/","title":{"rendered":"Strasbourg. Bravant le froid glacial, les musiciens des rues r\u00e9chauffent le c\u0153ur des passants"},"content":{"rendered":"<p><a href=\"https:\/\/www.dna.fr\/culture-loisirs\/2025\/11\/20\/marche-de-noel-tout-ce-qu-il-faut-savoir-sur-l-edition-2025\" target=\"_blank\" rel=\"nofollow noopener\">Quatre jours avant l\u2019inauguration en grande pompe du march\u00e9 de No\u00ebl<\/a> et l\u2019afflux habituel des touristes, les rues de Strasbourg sont peu remplies ce dimanche 23\u00a0novembre. Seuls les secteurs les plus touristiques voient d\u00e9filer quelques voyageurs allemands, espagnols ou russes, errant entre les chalets encore ferm\u00e9s. La majorit\u00e9 des Strasbourgeois qui auraient pu profiter d\u2019un dernier dimanche de calme avant le tumulte de la capitale de No\u00ebl s\u2019en gardent bien.<\/p>\n<p>Le responsable est tout d\u00e9sign\u00e9\u00a0: le froid. Avec -7\u00a0\u00b0C au thermom\u00e8tre le matin, un vent glacial et un risque de neige, il faut avoir une bonne raison de mettre le nez dehors.<\/p>\n<p>Pack de lait \u00e0 la main, Louis, 24 ans, regrette d\u00e9j\u00e0 d\u2019\u00eatre sorti\u00a0: \u00ab\u00a0Si je n\u2019en avais&#8230;<\/p>\n","protected":false},"excerpt":{"rendered":"Quatre jours avant l\u2019inauguration en grande pompe du march\u00e9 de No\u00ebl et l\u2019afflux habituel des touristes, les rues&hellip;\n","protected":false},"author":2,"featured_media":554038,"comment_status":"","ping_status":"","sticky":false,"template":"","format":"standard","meta":{"footnotes":""},"categories":[2820],"tags":[1111,11,1687,2880,436,1777,674,107,1011,27,775,8423,873,12,15830,25,640,2879],"class_list":{"0":"post-554037","1":"post","2":"type-post","3":"status-publish","4":"format-standard","5":"has-post-thumbnail","7":"category-strasbourg","8":"tag-actu","9":"tag-actualites","10":"tag-culture-loisirs","11":"tag-edition-strasbourg","12":"tag-environnement","13":"tag-eu","14":"tag-europe","15":"tag-fil-info","16":"tag-fr","17":"tag-france","18":"tag-grand-est","19":"tag-meteorologie-climat","20":"tag-musique","21":"tag-news","22":"tag-noel","23":"tag-republique-francaise","24":"tag-strasbourg","25":"tag-strasbourg-ville"},"share_on_mastodon":{"url":"https:\/\/pubeurope.com\/@fr\/115600887942707611","error":""},"_links":{"self":[{"href":"https:\/\/www.europesays.com\/fr\/wp-json\/wp\/v2\/posts\/554037","targetHints":{"allow":["GET"]}}],"collection":[{"href":"https:\/\/www.europesays.com\/fr\/wp-json\/wp\/v2\/posts"}],"about":[{"href":"https:\/\/www.europesays.com\/fr\/wp-json\/wp\/v2\/types\/post"}],"author":[{"embeddable":true,"href":"https:\/\/www.europesays.com\/fr\/wp-json\/wp\/v2\/users\/2"}],"replies":[{"embeddable":true,"href":"https:\/\/www.europesays.com\/fr\/wp-json\/wp\/v2\/comments?post=554037"}],"version-history":[{"count":0,"href":"https:\/\/www.europesays.com\/fr\/wp-json\/wp\/v2\/posts\/554037\/revisions"}],"wp:featuredmedia":[{"embeddable":true,"href":"https:\/\/www.europesays.com\/fr\/wp-json\/wp\/v2\/media\/554038"}],"wp:attachment":[{"href":"https:\/\/www.europesays.com\/fr\/wp-json\/wp\/v2\/media?parent=554037"}],"wp:term":[{"taxonomy":"category","embeddable":true,"href":"https:\/\/www.europesays.com\/fr\/wp-json\/wp\/v2\/categories?post=554037"},{"taxonomy":"post_tag","embeddable":true,"href":"https:\/\/www.europesays.com\/fr\/wp-json\/wp\/v2\/tags?post=554037"}],"curies":[{"name":"wp","href":"https:\/\/api.w.org\/{rel}","templated":true}]}}