{"id":554049,"date":"2025-11-23T20:30:16","date_gmt":"2025-11-23T20:30:16","guid":{"rendered":"https:\/\/www.europesays.com\/fr\/554049\/"},"modified":"2025-11-23T20:30:16","modified_gmt":"2025-11-23T20:30:16","slug":"gwenael-lamarque-va-tenter-de-succeder-a-patrick-bobet-au-bouscat","status":"publish","type":"post","link":"https:\/\/www.europesays.com\/fr\/554049\/","title":{"rendered":"Gwena\u00ebl Lamarque va tenter de succ\u00e9der \u00e0 Patrick Bobet au Bouscat"},"content":{"rendered":"<p>Pourquoi faire acte de candidature&#8230;<\/p>\n<p>Pourquoi faire acte de candidature\u00a0? \u00ab\u00a0Parce que je suis enracin\u00e9 dans cette ville, dit le pr\u00e9tendant. J\u2019y ai 1\u00a0001\u00a0souvenirs de gamin. J\u2019ai Le Bouscat chevill\u00e9 au c\u0153ur\u00a0\u00bb, glisse celui qui se qualifie de \u00ab\u00a0r\u00e9gional de l\u2019\u00e9tape\u00a0\u00bb.<\/p>\n<p>Soit, mais convoquer l\u2019enfance ne suffit pas \u00e0 l\u00e9gitimer l\u2019envie d\u2019\u00eatre t\u00eate de liste. \u00ab\u00a0Apr\u00e8s dix-sept\u00a0ans d\u2019exp\u00e9rience dans ses \u00e9quipes, Patrick [Bobet] m\u2019a demand\u00e9 de prendre sa succession, ajoute-t-il. C\u2019est une d\u00e9cision m\u00fbrement r\u00e9fl\u00e9chie, pr\u00e9par\u00e9e de longue date.\u00a0\u00bb<\/p>\n<p>Gwena\u00ebl Lamarque revendique une \u00ab\u00a0excellente connaissance\u00a0\u00bb des services municipaux, des agents et des dossiers cruciaux. \u00ab\u00a0Je sais comment fonctionne la collectivit\u00e9. Occuper le poste de premier\u00a0adjoint a renforc\u00e9 cette connaissance\u00a0\u00bb, ajoute l\u2019\u00e9lu de 47\u00a0ans, autoproclam\u00e9 candidat de la \u00ab\u00a0stabilit\u00e9\u00a0\u00bb politique locale.<\/p>\n<p>Avec Ma\u00ebl Fetouh<\/p>\n<p>Ma\u00ebl Fetouh, adjoint en charge de la coh\u00e9sion, le suit de pr\u00e8s dans cette campagne. \u00ab\u00a0C\u2019est un tandem. Nous pr\u00e9parons ensemble la composition de la prochaine \u00e9quipe\u00a0\u00bb, assume Gwena\u00ebl Lamarque, qui pourrait lui accorder un poste de premier adjoint en cas de victoire.<\/p>\n<p>Avec le retrait du maire sortant en mars prochain, il y aura forc\u00e9ment du renouvellement. \u00ab\u00a0On souhaite une \u00e9quipe d\u2019ouverture et de rassemblement. Des personnes de confiance qui s\u2019investissent pour l\u2019int\u00e9r\u00eat g\u00e9n\u00e9ral dans un projet communal transpartisan\u00a0\u00bb, d\u00e9crit-il, en excluant d\u2019embl\u00e9e tout rapprochement avec les th\u00e8ses du Rassemblement national et de son candidat Ivan Gratte, y compris dans l\u2019hypoth\u00e8se d\u2019un deuxi\u00e8me tour serr\u00e9.<\/p>\n","protected":false},"excerpt":{"rendered":"Pourquoi faire acte de candidature&#8230; Pourquoi faire acte de candidature\u00a0? \u00ab\u00a0Parce que je suis enracin\u00e9 dans cette ville,&hellip;\n","protected":false},"author":2,"featured_media":554050,"comment_status":"","ping_status":"","sticky":false,"template":"","format":"standard","meta":{"footnotes":""},"categories":[2817],"tags":[1111,11,1997,1777,674,1011,27,12,2219,25],"class_list":{"0":"post-554049","1":"post","2":"type-post","3":"status-publish","4":"format-standard","5":"has-post-thumbnail","7":"category-bordeaux","8":"tag-actu","9":"tag-actualites","10":"tag-bordeaux","11":"tag-eu","12":"tag-europe","13":"tag-fr","14":"tag-france","15":"tag-news","16":"tag-nouvelle-aquitaine","17":"tag-republique-francaise"},"share_on_mastodon":{"url":"https:\/\/pubeurope.com\/@fr\/115600911765895637","error":""},"_links":{"self":[{"href":"https:\/\/www.europesays.com\/fr\/wp-json\/wp\/v2\/posts\/554049","targetHints":{"allow":["GET"]}}],"collection":[{"href":"https:\/\/www.europesays.com\/fr\/wp-json\/wp\/v2\/posts"}],"about":[{"href":"https:\/\/www.europesays.com\/fr\/wp-json\/wp\/v2\/types\/post"}],"author":[{"embeddable":true,"href":"https:\/\/www.europesays.com\/fr\/wp-json\/wp\/v2\/users\/2"}],"replies":[{"embeddable":true,"href":"https:\/\/www.europesays.com\/fr\/wp-json\/wp\/v2\/comments?post=554049"}],"version-history":[{"count":0,"href":"https:\/\/www.europesays.com\/fr\/wp-json\/wp\/v2\/posts\/554049\/revisions"}],"wp:featuredmedia":[{"embeddable":true,"href":"https:\/\/www.europesays.com\/fr\/wp-json\/wp\/v2\/media\/554050"}],"wp:attachment":[{"href":"https:\/\/www.europesays.com\/fr\/wp-json\/wp\/v2\/media?parent=554049"}],"wp:term":[{"taxonomy":"category","embeddable":true,"href":"https:\/\/www.europesays.com\/fr\/wp-json\/wp\/v2\/categories?post=554049"},{"taxonomy":"post_tag","embeddable":true,"href":"https:\/\/www.europesays.com\/fr\/wp-json\/wp\/v2\/tags?post=554049"}],"curies":[{"name":"wp","href":"https:\/\/api.w.org\/{rel}","templated":true}]}}