{"id":554060,"date":"2025-11-23T20:38:14","date_gmt":"2025-11-23T20:38:14","guid":{"rendered":"https:\/\/www.europesays.com\/fr\/554060\/"},"modified":"2025-11-23T20:38:14","modified_gmt":"2025-11-23T20:38:14","slug":"a-marseille-loffice-anti-stupefiants-intercepte-239-kg-de-cocaine-arrives-des-antilles","status":"publish","type":"post","link":"https:\/\/www.europesays.com\/fr\/554060\/","title":{"rendered":"\u00c0 Marseille, l\u2019Office anti-stup\u00e9fiants intercepte 239 kg de coca\u00efne arriv\u00e9s des Antilles"},"content":{"rendered":"<p class=\"svelte-qfpp5o first-paragraph\">Les 18 et 19 novembre 2025, les enqu\u00eateurs de l\u2019Office anti-stup\u00e9fiants (Ofast) de Marseille ont saisi pr\u00e8s de 240 kg de coca\u00efne \u00e0 la sortie du Grand port maritime de Marseille, a d\u00e9voil\u00e9 le <a class=\"article-link svelte-123pfsg\" href=\"https:\/\/www.laprovence.com\/article\/faits-divers-justice\/3766239972120814\/loffice-anti-stupefiants-de-marseille-intercepte-239-kilos-de-cocaine-a-la-sortie-du-port-de-marseille\" target=\"_blank\" rel=\"noopener noreferrer nofollow\">journal La Provence<\/a>. La drogue \u00e9tait dissimul\u00e9e dans un conteneur arriv\u00e9 des Antilles avant d\u2019\u00eatre charg\u00e9e sur une remorque de poids lourd. Suivi par les policiers jusqu\u2019\u00e0 la p\u00e9riph\u00e9rie de l\u2019\u00c9tang de Berre, lagune \u00e0 l&rsquo;ouest de Marseille, le chargement a \u00e9t\u00e9 intercept\u00e9 alors qu\u2019un utilitaire proc\u00e9dait au transbordement.<\/p>\n<p class=\"svelte-qfpp5o\">Cette saisie fait suite \u00e0 une pr\u00e9c\u00e9dente op\u00e9ration men\u00e9e le 18 f\u00e9vrier 2025, au cours de laquelle 145 kg de coca\u00efne avaient \u00e9t\u00e9 d\u00e9couverts \u00e0 Aix-en-Provence lors d\u2019une surveillance en p\u00e9riph\u00e9rie de la ville. Le logisticien du r\u00e9seau avait alors \u00e9t\u00e9 interpell\u00e9. L\u2019enqu\u00eate avait d\u00e9but\u00e9 en ao\u00fbt 2024 sur la base d\u2019un renseignement.<\/p>\n<p class=\"svelte-qfpp5o\">Les surveillances effectu\u00e9es depuis f\u00e9vrier ont permis d\u2019\u00e9tablir que le trafic ne reposait pas sur les circuits routiers habituels d\u2019approvisionnement, depuis la r\u00e9gion parisienne, le Benelux ou les ports du Havre et du Nord de l\u2019Europe mais sur une arriv\u00e9e directe au port de Marseille. Le conteneur antillais constituait ainsi la seconde cargaison identifi\u00e9e dans ce r\u00e9seau.<\/p>\n<p class=\"svelte-qfpp5o\">Au total, treize personnes ont \u00e9t\u00e9 interpell\u00e9es au cours de cette nouvelle phase de l\u2019enqu\u00eate. Trois dockers ont \u00e9t\u00e9 entendus puis rel\u00e2ch\u00e9s sans poursuites. Cinq suspects, dont une femme, ont \u00e9t\u00e9 d\u00e9f\u00e9r\u00e9s devant un juge d\u2019instruction pour une \u00e9ventuelle mise en examen, notamment pour importation de stup\u00e9fiants en bande organis\u00e9e et blanchiment aggrav\u00e9.<\/p>\n<p class=\"svelte-qfpp5o\">Selon le parquet de Marseille, les deux saisies totalisent 384 kg de coca\u00efne, estim\u00e9s \u00e0 9,6 millions d\u2019euros au prix de gros. L\u2019enqu\u00eate se poursuit sous l\u2019autorit\u00e9 de la juridiction interr\u00e9gionale sp\u00e9cialis\u00e9e de Marseille.<\/p>\n","protected":false},"excerpt":{"rendered":"Les 18 et 19 novembre 2025, les enqu\u00eateurs de l\u2019Office anti-stup\u00e9fiants (Ofast) de Marseille ont saisi pr\u00e8s de&hellip;\n","protected":false},"author":2,"featured_media":554061,"comment_status":"","ping_status":"","sticky":false,"template":"","format":"standard","meta":{"footnotes":""},"categories":[2814],"tags":[1111,11,1777,674,1011,27,884,12,882,25],"class_list":{"0":"post-554060","1":"post","2":"type-post","3":"status-publish","4":"format-standard","5":"has-post-thumbnail","7":"category-marseille","8":"tag-actu","9":"tag-actualites","10":"tag-eu","11":"tag-europe","12":"tag-fr","13":"tag-france","14":"tag-marseille","15":"tag-news","16":"tag-provence-alpes-cote-dazur","17":"tag-republique-francaise"},"share_on_mastodon":{"url":"https:\/\/pubeurope.com\/@fr\/115600943005264752","error":""},"_links":{"self":[{"href":"https:\/\/www.europesays.com\/fr\/wp-json\/wp\/v2\/posts\/554060","targetHints":{"allow":["GET"]}}],"collection":[{"href":"https:\/\/www.europesays.com\/fr\/wp-json\/wp\/v2\/posts"}],"about":[{"href":"https:\/\/www.europesays.com\/fr\/wp-json\/wp\/v2\/types\/post"}],"author":[{"embeddable":true,"href":"https:\/\/www.europesays.com\/fr\/wp-json\/wp\/v2\/users\/2"}],"replies":[{"embeddable":true,"href":"https:\/\/www.europesays.com\/fr\/wp-json\/wp\/v2\/comments?post=554060"}],"version-history":[{"count":0,"href":"https:\/\/www.europesays.com\/fr\/wp-json\/wp\/v2\/posts\/554060\/revisions"}],"wp:featuredmedia":[{"embeddable":true,"href":"https:\/\/www.europesays.com\/fr\/wp-json\/wp\/v2\/media\/554061"}],"wp:attachment":[{"href":"https:\/\/www.europesays.com\/fr\/wp-json\/wp\/v2\/media?parent=554060"}],"wp:term":[{"taxonomy":"category","embeddable":true,"href":"https:\/\/www.europesays.com\/fr\/wp-json\/wp\/v2\/categories?post=554060"},{"taxonomy":"post_tag","embeddable":true,"href":"https:\/\/www.europesays.com\/fr\/wp-json\/wp\/v2\/tags?post=554060"}],"curies":[{"name":"wp","href":"https:\/\/api.w.org\/{rel}","templated":true}]}}