{"id":554062,"date":"2025-11-23T20:39:30","date_gmt":"2025-11-23T20:39:30","guid":{"rendered":"https:\/\/www.europesays.com\/fr\/554062\/"},"modified":"2025-11-23T20:39:30","modified_gmt":"2025-11-23T20:39:30","slug":"jacqueline-roucou-un-anniversaire-gastronomique-en-deux-temps","status":"publish","type":"post","link":"https:\/\/www.europesays.com\/fr\/554062\/","title":{"rendered":"Jacqueline Roucou. Un anniversaire gastronomique en deux temps &#8211;"},"content":{"rendered":"<p>\t\t\t\t<img fetchpriority=\"high\" decoding=\"async\" width=\"900\" height=\"675\" src=\"https:\/\/www.europesays.com\/fr\/wp-content\/uploads\/2025\/11\/anniversaire-Jacqueline-Roucou-1.jpg\" alt=\"\" title=\"anniversaire Jacqueline Roucou-1\"   class=\"wp-image-166920\"\/><\/p>\n<p>Roucoulissime Jacqueline et son fan club &#8211; Photos Lyon People<\/p>\n<p><strong>Texte\u00a0: Fran\u00e7oise Petit \u2013<\/strong> Une table dress\u00e9e comme un banquet de chasseurs d\u2019\u00e9motion\u2026 <strong>Jacqueline Roucou<\/strong> ne cachait pas sa joie de recevoir ses proches \u00e0 Antibes chez Mamo Michelangelo.<\/p>\n<p>Fin octobre, la star c\u2019\u00e9tait elle, \u00e0 en oublier les c\u00e9l\u00e9brit\u00e9s fr\u00e9quentant r\u00e9guli\u00e8rement ce spot azur\u00e9en de la cuisine italienne. Jacqueline aime les lieux inspirants dans lesquels elle se sent tout simplement bien. Impossible de faire le deuil de son histoire singuli\u00e8re aupr\u00e8s d\u2019un p\u00e8re qui a contribu\u00e9 \u00e0 l\u2019aura gastronomique de Lyon.<\/p>\n<p>La M\u00e8re Guy, o\u00f9 <strong>Roger Roucou<\/strong> officiait, accueillait notables, fripons, politiques, artistes de la trempe d\u2019un Dali ou d\u2019un Mesrine ayant en commun la v\u00e9n\u00e9ration du gratin d\u2019\u00e9crevisses du chef \u00e9toil\u00e9. Pause gourmande, pour le premier entre Cadaqu\u00e9s et Paris, sursis pour le second ignorant qu\u2019il serait quelques jours plus tard dans le viseur du commissaire Broussard\u00a0!<\/p>\n<p><strong>Trois chefs MOF \u00e0 table<\/strong><\/p>\n<p>Le lendemain dimanche, changement de d\u00e9cor rendez-vous at home au Canet des Maures au pr\u00e9texte des dix ans de mariage du couple <strong>Roucou-Pag\u00e8s<\/strong>. Apr\u00e8s les agapes de la veille, Jacqueline et Yves invitaient \u00e0 un d\u00e9jeuner esprit sortie de messe avec pas moins de trois MOF sous le m\u00eame toit dont <strong>Jean-Marc Tachet<\/strong>.<\/p>\n<p>Ce globe-trotter des saveurs (consultant international) signait en cuisine la carte anniversaire fort de ses souvenirs de commis \u00e0 14 ans chez la M\u00e8re Guy. Au menu\u00a0? Du bonheur dans chaque assiette, puis, une recette culte\u00a0; le poulet de Bresse cr\u00e8me aux morilles d\u00e9gust\u00e9 aux cot\u00e9s de deux chefs charismatiques et si attachants <strong>Pierre Orsi<\/strong> et <strong>Christian Bourillot<\/strong>.<\/p>\n<p>En ce week-end d\u2019octobre au soleil du Sud, Jacqueline rayonnait encore de ses qualit\u00e9s de c\u0153ur, de g\u00e9n\u00e9rosit\u00e9 et de sinc\u00e9rit\u00e9.<\/p>\n","protected":false},"excerpt":{"rendered":"Roucoulissime Jacqueline et son fan club &#8211; Photos Lyon People Texte\u00a0: Fran\u00e7oise Petit \u2013 Une table dress\u00e9e comme&hellip;\n","protected":false},"author":2,"featured_media":554063,"comment_status":"","ping_status":"","sticky":false,"template":"","format":"standard","meta":{"footnotes":""},"categories":[1889],"tags":[4257,1111,11,2430,1777,674,1011,27,67112,2428,12,25],"class_list":{"0":"post-554062","1":"post","2":"type-post","3":"status-publish","4":"format-standard","5":"has-post-thumbnail","7":"category-lyon","8":"tag-0top","9":"tag-actu","10":"tag-actualites","11":"tag-auvergne-rhone-alpes","12":"tag-eu","13":"tag-europe","14":"tag-fr","15":"tag-france","16":"tag-jacqueline-roucou","17":"tag-lyon","18":"tag-news","19":"tag-republique-francaise"},"share_on_mastodon":{"url":"https:\/\/pubeurope.com\/@fr\/115600947752203266","error":""},"_links":{"self":[{"href":"https:\/\/www.europesays.com\/fr\/wp-json\/wp\/v2\/posts\/554062","targetHints":{"allow":["GET"]}}],"collection":[{"href":"https:\/\/www.europesays.com\/fr\/wp-json\/wp\/v2\/posts"}],"about":[{"href":"https:\/\/www.europesays.com\/fr\/wp-json\/wp\/v2\/types\/post"}],"author":[{"embeddable":true,"href":"https:\/\/www.europesays.com\/fr\/wp-json\/wp\/v2\/users\/2"}],"replies":[{"embeddable":true,"href":"https:\/\/www.europesays.com\/fr\/wp-json\/wp\/v2\/comments?post=554062"}],"version-history":[{"count":0,"href":"https:\/\/www.europesays.com\/fr\/wp-json\/wp\/v2\/posts\/554062\/revisions"}],"wp:featuredmedia":[{"embeddable":true,"href":"https:\/\/www.europesays.com\/fr\/wp-json\/wp\/v2\/media\/554063"}],"wp:attachment":[{"href":"https:\/\/www.europesays.com\/fr\/wp-json\/wp\/v2\/media?parent=554062"}],"wp:term":[{"taxonomy":"category","embeddable":true,"href":"https:\/\/www.europesays.com\/fr\/wp-json\/wp\/v2\/categories?post=554062"},{"taxonomy":"post_tag","embeddable":true,"href":"https:\/\/www.europesays.com\/fr\/wp-json\/wp\/v2\/tags?post=554062"}],"curies":[{"name":"wp","href":"https:\/\/api.w.org\/{rel}","templated":true}]}}