{"id":554069,"date":"2025-11-23T20:45:27","date_gmt":"2025-11-23T20:45:27","guid":{"rendered":"https:\/\/www.europesays.com\/fr\/554069\/"},"modified":"2025-11-23T20:45:27","modified_gmt":"2025-11-23T20:45:27","slug":"elle-a-quitte-paris-avec-compagnon-et-enfant-mathilde-seigner-vit-dans-une-region-qui-attire-de-plus-en-plus-de-stars-2","status":"publish","type":"post","link":"https:\/\/www.europesays.com\/fr\/554069\/","title":{"rendered":"Elle a quitt\u00e9 Paris avec compagnon et enfant ! Mathilde Seigner vit dans une r\u00e9gion qui attire de plus en plus de stars"},"content":{"rendered":"<p class=\"mb-4 text-lg md:leading-8 break-words\">Mathilde Seigner a quitt\u00e9 Paris et a trouv\u00e9 refuge bien loin de la capitale. Entre le deuil de son p\u00e8re, le besoin de simplicit\u00e9 et l\u2019envie de vivre \u201cparmi les vrais gens\u201d, la com\u00e9dienne du film \u00ab\u00a0Choeur de rockeurs\u00a0\u00bb a trouv\u00e9 dans le Sud un cocon o\u00f9 elle a redessin\u00e9 sa vie, ses amiti\u00e9s et ses priorit\u00e9s.<\/p>\n<p class=\"mb-4 text-lg md:leading-8 break-words\"><a href=\"https:\/\/fr.news.yahoo.com\/mathilde-seigner-maison-sud-o%C3%B9-212600468.html\" data-ylk=\"slk:Install\u00e9e depuis quelques ann\u00e9es d\u00e9j\u00e0 dans le sud;elm:context_link;itc:0;sec:content-canvas;outcm:mb_qualified_link;_E:mb_qualified_link;ct:story;\" class=\"link  yahoo-link\" rel=\"nofollow noopener\" target=\"_blank\">Install\u00e9e depuis quelques ann\u00e9es d\u00e9j\u00e0 dans le sud<\/a> de la France, <a href=\"https:\/\/www.purepeople.com\/people\/mathilde-seigner_p192\" rel=\"nofollow noopener\" target=\"_blank\" data-ylk=\"slk:Mathilde Seigner;elm:context_link;itc:0;sec:content-canvas\" class=\"link \">Mathilde Seigner<\/a> a fini par tourner le dos \u00e0 Paris pour trouver asile dans les Pyr\u00e9n\u00e9es-Orientales. C\u2019est en Occitanie que la com\u00e9dienne de 57 ans a pos\u00e9 ses valises, dans une r\u00e9sidence vue mer. Dans Nous Deux, elle confiait en 2022 avoir choisi ce d\u00e9part au moment de la <a href=\"https:\/\/fr.news.yahoo.com\/mathilde-seigner-taimais-tant-lactrice-072914614.html\" data-ylk=\"slk:disparition de son p\u00e8re;elm:context_link;itc:0;sec:content-canvas;outcm:mb_qualified_link;_E:mb_qualified_link;ct:story;\" class=\"link  yahoo-link\" rel=\"nofollow noopener\" target=\"_blank\">disparition de son p\u00e8re<\/a>, le photographe <a href=\"https:\/\/www.purepeople.com\/article\/mathilde-seigner-complice-avec-marc-lavoine-et-applaudie-par-son-pere-jean-louis_a141182\/1\" rel=\"nofollow noopener\" target=\"_blank\" data-ylk=\"slk:Jean-Louis Seigner;elm:context_link;itc:0;sec:content-canvas\" class=\"link \">Jean-Louis Seigner<\/a>, en 2020. \u00ab\u00a0<strong>J\u2019avais de belles propositions, mais je les ai d\u00e9clin\u00e9es. Je me suis achet\u00e9 une maison dans le Sud. Je vais en profiter, l\u2019am\u00e9nager et tout simplement vivre<\/strong>\u00ab\u00a0, disait-elle alors. Au Figaro, elle ajoutait en 2023 : \u00ab\u00a0<strong>J\u2019ai pr\u00e9venu mon agent que j\u2019arr\u00eatais, je me suis achet\u00e9 une maison dans le Sud pour faire le deuil et affronter les choses<\/strong>\u00ab\u00a0.<\/p>\n<blockquote class=\"mb-4 border-l-2 pl-5 italic text-tertiary\">\n<p class=\"mb-4 text-lg md:leading-8 break-words\">Je me suis fait tout un groupe d&rsquo;amis dans le Sud que j&rsquo;adore<\/p>\n<\/blockquote>\n<p class=\"mb-4 text-lg md:leading-8 break-words\">M\u00e8re de <a href=\"https:\/\/www.purepeople.com\/article\/mathilde-seigner-confinee-confidences-sur-son-fils-louis-age-de-13-ans_a388025\/1\" rel=\"nofollow noopener\" target=\"_blank\" data-ylk=\"slk:Louis;elm:context_link;itc:0;sec:content-canvas\" class=\"link \">Louis<\/a>, n\u00e9 le 10 ao\u00fbt 2007, l\u2019actrice de Camping expliquait avoir, dans cet \u00e9lan, fait le tri dans sa vie et dans ses relations, comme elle le confiait dans Sept \u00e0 Huit. <strong>Elle a \u00e9cart\u00e9 de son quotidien certaines personnes \u00ab\u00a0<\/strong><strong>de son milieu<\/strong><strong>\u00ab\u00a0, ces \u00ab\u00a0<\/strong><strong>bien-pensants coinc\u00e9s<\/strong><strong>\u00a0\u00bb dont elle ne voulait plus.<\/strong> D\u00e9sormais entour\u00e9e \u00ab\u00a0de vrais gens\u00a0\u00bb, elle s\u2019est forg\u00e9e un cercle d\u2019amis chaleureux et apaisant. \u00ab\u00a0Je me suis fait tout un groupe d&rsquo;amis dans le Sud que j&rsquo;adore ! Je me sens bien avec ces gens, \u00e7a m&rsquo;a\u00e8re le cerveau\u00a0\u00bb, disait-elle, soulag\u00e9e. Une d\u00e9cision qu\u2019elle ne regrette en rien, tant Paris l\u2019avait lasse\u0301e. \u00ab\u00a0Je n&rsquo;aime pas Paris. Le Ve est le seul endroit que j&rsquo;appr\u00e9cie pour son c\u00f4t\u00e9 province\u00a0\u00bb, lan\u00e7ait-elle d\u00e9j\u00e0, moqueuse, dans Le Figaro en 2013.<\/p>\n<p class=\"mb-4 text-lg md:leading-8 break-words\">Quelles autres stars ont d\u00e9m\u00e9nag\u00e9 en Occitanie ?<\/p>\n<p class=\"mb-4 text-lg md:leading-8 break-words\">Et elle est loin d\u2019\u00eatre la seule \u00e0 avoir cherch\u00e9 refuge dans cette r\u00e9gion lumineuse. <a href=\"https:\/\/fr.news.yahoo.com\/fran%C3%A7ois-xavier-demaison-mariage-enchanteur-071800594.html\" data-ylk=\"slk:Fran\u00e7ois-Xavier Demaison;elm:context_link;itc:0;sec:content-canvas;outcm:mb_qualified_link;_E:mb_qualified_link;ct:story;\" class=\"link  yahoo-link\" rel=\"nofollow noopener\" target=\"_blank\">Fran\u00e7ois-Xavier Demaison<\/a> s\u2019est \u00e9tabli en famille \u00e0 Thuir ; <a href=\"https:\/\/www.purepeople.com\/people\/patrick-timsit_p268\" rel=\"nofollow noopener\" target=\"_blank\" data-ylk=\"slk:Patrick Timsit;elm:context_link;itc:0;sec:content-canvas\" class=\"link \">Patrick Timsit<\/a> s\u00e9journe souvent dans sa maison d\u2019Uz\u00e8s ; <a href=\"https:\/\/www.purepeople.com\/people\/ingrid-chauvin_p1092\" rel=\"nofollow noopener\" target=\"_blank\" data-ylk=\"slk:Ingrid Chauvin;elm:context_link;itc:0;sec:content-canvas\" class=\"link \">Ingrid Chauvin<\/a> et <a href=\"https:\/\/www.purepeople.com\/people\/benjamin-biolay_p324\" rel=\"nofollow noopener\" target=\"_blank\" data-ylk=\"slk:Benjamin Biolay;elm:context_link;itc:0;sec:content-canvas\" class=\"link \">Benjamin Biolay<\/a> ont \u00e9lu domicile \u00e0 S\u00e8te. L\u2019ancien cycliste <a href=\"https:\/\/www.purepeople.com\/people\/laurent-jalabert_p194941\" rel=\"nofollow noopener\" target=\"_blank\" data-ylk=\"slk:Laurent Jalabert;elm:context_link;itc:0;sec:content-canvas\" class=\"link \">Laurent Jalabert<\/a> vit d\u00e9sormais \u00e0 Montauban, tandis que <a href=\"https:\/\/fr.news.yahoo.com\/exclu-laurent-cabrol-s%C3%A9par%C3%A9-femme-060900814.html\" data-ylk=\"slk:Laurent Cabrol;elm:context_link;itc:0;sec:content-canvas;outcm:mb_qualified_link;_E:mb_qualified_link;ct:story;\" class=\"link  yahoo-link\" rel=\"nofollow noopener\" target=\"_blank\">Laurent Cabrol<\/a> est retourn\u00e9 sur ses terres natales \u00e0 Saint-Amans-Valtoret. <a href=\"https:\/\/fr.news.yahoo.com\/pierre-richard-91-ans-met-210400610.html\" data-ylk=\"slk:Pierre Richard;elm:context_link;itc:0;sec:content-canvas;outcm:mb_qualified_link;_E:mb_qualified_link;ct:story;\" class=\"link  yahoo-link\" rel=\"nofollow noopener\" target=\"_blank\">Pierre Richard<\/a>, lui, cultive depuis 1986 son domaine du Ch\u00e2teau Bel \u00c9v\u00eaque \u00e0 Gruissan, et la chanteuse Juliette a trouv\u00e9 sa place \u00e0 Salvagnac, dans le Tarn.<\/p>\n<p class=\"mb-4 text-lg md:leading-8 break-words\"><a href=\"https:\/\/www.purepeople.com\/article\/elle-a-quitte-paris-avec-compagnon-et-enfant-mathilde-seigner-vit-dans-une-region-qui-attire-de-plus-en-plus-de-stars_a544822\/1\" rel=\"nofollow noopener\" target=\"_blank\" data-ylk=\"slk:Article original sur Purepeople;elm:context_link;itc:0;sec:content-canvas\" class=\"link \">Article original sur Purepeople<\/a><\/p>\n","protected":false},"excerpt":{"rendered":"Mathilde Seigner a quitt\u00e9 Paris et a trouv\u00e9 refuge bien loin de la capitale. Entre le deuil de&hellip;\n","protected":false},"author":2,"featured_media":554070,"comment_status":"","ping_status":"","sticky":false,"template":"","format":"standard","meta":{"footnotes":""},"categories":[1888],"tags":[1111,1928,11,1927,67115,1777,674,1011,27,67114,35718,67113,12,1926,626,1925,25],"class_list":{"0":"post-554069","1":"post","2":"type-post","3":"status-publish","4":"format-standard","5":"has-post-thumbnail","7":"category-paris","8":"tag-actu","9":"tag-actu-paris","10":"tag-actualites","11":"tag-actualites-paris","12":"tag-au-figaro","13":"tag-eu","14":"tag-europe","15":"tag-fr","16":"tag-france","17":"tag-jean-louis-seigner","18":"tag-le-sud","19":"tag-mathilde-seigner","20":"tag-news","21":"tag-news-paris","22":"tag-paris","23":"tag-paris-news","24":"tag-republique-francaise"},"share_on_mastodon":{"url":"https:\/\/pubeurope.com\/@fr\/115600970444279224","error":""},"_links":{"self":[{"href":"https:\/\/www.europesays.com\/fr\/wp-json\/wp\/v2\/posts\/554069","targetHints":{"allow":["GET"]}}],"collection":[{"href":"https:\/\/www.europesays.com\/fr\/wp-json\/wp\/v2\/posts"}],"about":[{"href":"https:\/\/www.europesays.com\/fr\/wp-json\/wp\/v2\/types\/post"}],"author":[{"embeddable":true,"href":"https:\/\/www.europesays.com\/fr\/wp-json\/wp\/v2\/users\/2"}],"replies":[{"embeddable":true,"href":"https:\/\/www.europesays.com\/fr\/wp-json\/wp\/v2\/comments?post=554069"}],"version-history":[{"count":0,"href":"https:\/\/www.europesays.com\/fr\/wp-json\/wp\/v2\/posts\/554069\/revisions"}],"wp:featuredmedia":[{"embeddable":true,"href":"https:\/\/www.europesays.com\/fr\/wp-json\/wp\/v2\/media\/554070"}],"wp:attachment":[{"href":"https:\/\/www.europesays.com\/fr\/wp-json\/wp\/v2\/media?parent=554069"}],"wp:term":[{"taxonomy":"category","embeddable":true,"href":"https:\/\/www.europesays.com\/fr\/wp-json\/wp\/v2\/categories?post=554069"},{"taxonomy":"post_tag","embeddable":true,"href":"https:\/\/www.europesays.com\/fr\/wp-json\/wp\/v2\/tags?post=554069"}],"curies":[{"name":"wp","href":"https:\/\/api.w.org\/{rel}","templated":true}]}}