{"id":554075,"date":"2025-11-23T20:49:15","date_gmt":"2025-11-23T20:49:15","guid":{"rendered":"https:\/\/www.europesays.com\/fr\/554075\/"},"modified":"2025-11-23T20:49:15","modified_gmt":"2025-11-23T20:49:15","slug":"marco-rubio-se-dit-optimiste-sur-un-accord-et-evoque-des-progres-substantiels-apres-la-rencontre-avec-lukraine-a-geneve","status":"publish","type":"post","link":"https:\/\/www.europesays.com\/fr\/554075\/","title":{"rendered":"Marco Rubio se dit \u00ab\u00a0optimiste\u00a0\u00bb sur un accord et \u00e9voque des \u00ab\u00a0progr\u00e8s substantiels\u00a0\u00bb apr\u00e8s la rencontre avec l&rsquo;Ukraine \u00e0 Gen\u00e8ve"},"content":{"rendered":"<p>Le quartier des Nations aura donc connu un dimanche particulier \u00e0 Gen\u00e8ve, avec un ballet de voitures diplomatiques entourant les discussions sur l&rsquo;avenir de l&rsquo;Ukraine, en pr\u00e9sence de repr\u00e9sentants am\u00e9ricains, fran\u00e7ais, allemand, britanniques et ukrainiens. Avec, sur la table, le plan propos\u00e9 jeudi par Donald Trump, qui reprend largement les exigences de la Russie, suscitant donc la col\u00e8re de Kiev, qui a tout tent\u00e9 dimanche pour amender le texte.<\/p>\n<p>Les Ukrainiens ont d&rsquo;abord rencontr\u00e9 des \u00e9missaires europ\u00e9ens, qui auraient fait une contre-proposition au plan am\u00e9ricain, avec notamment un changement dans les concessions territoriales offertes \u00e0 la Russie.<\/p>\n<p> &gt;&gt; Le point dans l&rsquo;\u00e9mission Forum\u00a0:   <img decoding=\"async\" class=\"embed-responsive-item\" loading=\"lazy\" src=\"https:\/\/www.europesays.com\/fr\/wp-content\/uploads\/2025\/11\/tvu9td-29067665.image\" alt=\"Pourparlers \u00e0 Gen\u00e8ve: que peut encore n\u00e9gocier l\u2019Ukraine?\"\/>    Pourparlers \u00e0 Gen\u00e8ve: que peut encore n\u00e9gocier l\u2019Ukraine? \/ Forum \/ 2 min. \/ aujourd&rsquo;hui \u00e0 18:00 <\/p>\n<p><b>Garanties de s\u00e9curit\u00e9<\/b><\/p>\n<p>Plusieurs messages post\u00e9s sur les r\u00e9seaux sociaux dans la journ\u00e9e par les pr\u00e9sidents ou repr\u00e9sentants ukrainiens et am\u00e9ricains ont donn\u00e9 des signaux contradictoires. Le flou est donc maximal. Une conf\u00e9rence de presse a eu lieu, de mani\u00e8re surprenante et contrairement \u00e0 ce qu&rsquo;avaient annonc\u00e9 les Am\u00e9ricains. Et ce qui est s\u00fbr, quoi qu&rsquo;il sorte des discussions de Gen\u00e8ve, c&rsquo;est que Donald Trump aura le dernier mot.<\/p>\n<p>\u00ab\u00a0Les Ukrainiens ont une certaine pression, puisque les choses se passent assez mal sur le front\u00a0\u00bb, rappelle dans Forum Adrien Fontanellaz, auteur d&rsquo;un livre sur l&rsquo;arm\u00e9e ukrainienne. \u00ab\u00a0Mais en ce qui concerne l&rsquo;accord, \u00e7a me para\u00eet difficile de se prononcer en d\u00e9tail, surtout si la plupart des points sont vraisemblablement en n\u00e9gociation.\u00a0\u00bb<\/p>\n<p>\u00ab\u00a0Ce qui me para\u00eet potentiellement une avanc\u00e9e ukrainienne, ce sont ces fameuses garanties de s\u00e9curit\u00e9 des \u00c9tats-Unis, qui seraient vraisemblablement similaires \u00e0 celles de l&rsquo;article 5 de l&rsquo;Otan. C&rsquo;est-\u00e0-dire qu&rsquo;une future agression russe serait consid\u00e9r\u00e9e comme une attaque contre l&rsquo;ensemble des pays de l&rsquo;Otan.\u00a0Mais \u00e0 nouveau, il s&rsquo;agirait de faire confiance \u00e0 ce type de dispositif.\u00a0Et l&rsquo;histoire du conflit russo-ukrainien a montr\u00e9 que la confiance \u00e9tait une denr\u00e9e rare.\u00a0\u00bb<\/p>\n<p><b>Pas d&rsquo;alternative des Europ\u00e9ens<\/b><\/p>\n<p>Selon lui, la premi\u00e8re version du plan pr\u00e9sente aussi un probl\u00e8me en termes de \u00ab\u00a0soutien aux principes \u00e9l\u00e9mentaires\u00a0\u00bb du droit international. \u00ab\u00a0Si on fait l&rsquo;hypoth\u00e8se que la Russie gagne sa guerre, ou s&rsquo;en tire bien, c&rsquo;est un signal envoy\u00e9 au monde entier comme quoi c&rsquo;est la loi du plus fort qui r\u00e8gne, et plus l&rsquo;ordre international tel que con\u00e7u apr\u00e8s la Seconde Guerre mondiale. Pour de tr\u00e8s bonnes raisons, faut-il rappeler\u00a0\u00bb, note-t-il.<\/p>\n<p>\u00ab\u00a0Mais il s&rsquo;agit d&rsquo;une guerre, qui se joue donc dans les rapports de force sur le terrain.\u00a0Et le probl\u00e8me, c&rsquo;est qu&rsquo;on entend l&rsquo;indignation des uns et des autres, mais quelle est l&rsquo;alternative?\u00a0On n&rsquo;entend pas les Europ\u00e9ens donner leur strat\u00e9gie\u00a0\u00bb, critique-t-il.<\/p>\n<p> &gt;&gt; L&rsquo;interview compl\u00e8te d&rsquo;Adrien Fontanellaz dans Forum\u00a0:   <img decoding=\"async\" class=\"embed-responsive-item\" loading=\"lazy\" src=\"https:\/\/www.europesays.com\/fr\/wp-content\/uploads\/2025\/11\/sigqx2-29067664.image\" alt=\"Les inqui\u00e9tudes europ\u00e9ennes face au plan de paix am\u00e9ricain: interview d\u2019Adrien Fontanellaz\"\/>    Les inqui\u00e9tudes europ\u00e9ennes face au plan de paix am\u00e9ricain: interview d\u2019Adrien Fontanellaz \/ Forum \/ 8 min. \/ aujourd&rsquo;hui \u00e0 18:00 <\/p>\n","protected":false},"excerpt":{"rendered":"Le quartier des Nations aura donc connu un dimanche particulier \u00e0 Gen\u00e8ve, avec un ballet de voitures diplomatiques&hellip;\n","protected":false},"author":2,"featured_media":554076,"comment_status":"","ping_status":"","sticky":false,"template":"","format":"standard","meta":{"footnotes":""},"categories":[1591],"tags":[11,2120,3576,312,19348,75,5949,1887,10868,131,3577,43503,11229,1907,74,12,316,2543,1885,1886,132,21982,220],"class_list":{"0":"post-554075","1":"post","2":"type-post","3":"status-publish","4":"format-standard","5":"has-post-thumbnail","7":"category-russie","8":"tag-actualites","9":"tag-conflit","10":"tag-conflit-arme","11":"tag-diplomatie","12":"tag-discussion","13":"tag-donald-trump","14":"tag-elections","15":"tag-federation-de-russie","16":"tag-geneve","17":"tag-guerre-en-ukraine","18":"tag-guerre-et-paix","19":"tag-invasion-de-lukraine-par-la-russie-en-2022","20":"tag-kiev","21":"tag-marco-rubio","22":"tag-monde","23":"tag-news","24":"tag-politique","25":"tag-relations-internationales","26":"tag-russia","27":"tag-russian-federation","28":"tag-russie","29":"tag-secretaire-detat","30":"tag-ukraine"},"share_on_mastodon":{"url":"https:\/\/pubeurope.com\/@fr\/115600987082671611","error":""},"_links":{"self":[{"href":"https:\/\/www.europesays.com\/fr\/wp-json\/wp\/v2\/posts\/554075","targetHints":{"allow":["GET"]}}],"collection":[{"href":"https:\/\/www.europesays.com\/fr\/wp-json\/wp\/v2\/posts"}],"about":[{"href":"https:\/\/www.europesays.com\/fr\/wp-json\/wp\/v2\/types\/post"}],"author":[{"embeddable":true,"href":"https:\/\/www.europesays.com\/fr\/wp-json\/wp\/v2\/users\/2"}],"replies":[{"embeddable":true,"href":"https:\/\/www.europesays.com\/fr\/wp-json\/wp\/v2\/comments?post=554075"}],"version-history":[{"count":0,"href":"https:\/\/www.europesays.com\/fr\/wp-json\/wp\/v2\/posts\/554075\/revisions"}],"wp:featuredmedia":[{"embeddable":true,"href":"https:\/\/www.europesays.com\/fr\/wp-json\/wp\/v2\/media\/554076"}],"wp:attachment":[{"href":"https:\/\/www.europesays.com\/fr\/wp-json\/wp\/v2\/media?parent=554075"}],"wp:term":[{"taxonomy":"category","embeddable":true,"href":"https:\/\/www.europesays.com\/fr\/wp-json\/wp\/v2\/categories?post=554075"},{"taxonomy":"post_tag","embeddable":true,"href":"https:\/\/www.europesays.com\/fr\/wp-json\/wp\/v2\/tags?post=554075"}],"curies":[{"name":"wp","href":"https:\/\/api.w.org\/{rel}","templated":true}]}}