{"id":554079,"date":"2025-11-23T20:51:25","date_gmt":"2025-11-23T20:51:25","guid":{"rendered":"https:\/\/www.europesays.com\/fr\/554079\/"},"modified":"2025-11-23T20:51:25","modified_gmt":"2025-11-23T20:51:25","slug":"comment-desamorcer-le-plan-de-trump-pour-lukraine-regarder-le-documentaire-complet","status":"publish","type":"post","link":"https:\/\/www.europesays.com\/fr\/554079\/","title":{"rendered":"Comment d\u00e9samorcer le plan de Trump pour l\u2019Ukraine ? &#8211; Regarder le documentaire complet"},"content":{"rendered":"<p>Le pr\u00e9sident ukrainien Zelenskyy ne souhaite pas accepter le plan de paix du pr\u00e9sident am\u00e9ricain Trump sans discussion. \u00c0 Gen\u00e8ve, des repr\u00e9sentants de l\u2019Europe et de l\u2019Ukraine ont d\u00e9battu avec des \u00e9missaires des \u00c9tats-Unis du plan en 28 points de Washington. Le document initial exigeait surtout d\u2019importantes concessions de la part de l\u2019Ukraine. Selon un n\u00e9gociateur ukrainien, une nouvelle version contient d\u00e9sormais de nombreuses \u00ab priorit\u00e9s \u00bb de son pays.<\/p>\n","protected":false},"excerpt":{"rendered":"Le pr\u00e9sident ukrainien Zelenskyy ne souhaite pas accepter le plan de paix du pr\u00e9sident am\u00e9ricain Trump sans discussion.&hellip;\n","protected":false},"author":2,"featured_media":554080,"comment_status":"","ping_status":"","sticky":false,"template":"","format":"standard","meta":{"footnotes":""},"categories":[1589],"tags":[11,73,1866,12,1864,1865,1863,308],"class_list":{"0":"post-554079","1":"post","2":"type-post","3":"status-publish","4":"format-standard","5":"has-post-thumbnail","7":"category-etats-unis","8":"tag-actualites","9":"tag-etats-unis","10":"tag-etats-unis-damerique","11":"tag-news","12":"tag-united-states","13":"tag-united-states-of-america","14":"tag-us","15":"tag-usa"},"share_on_mastodon":{"url":"https:\/\/pubeurope.com\/@fr\/115600994190120749","error":""},"_links":{"self":[{"href":"https:\/\/www.europesays.com\/fr\/wp-json\/wp\/v2\/posts\/554079","targetHints":{"allow":["GET"]}}],"collection":[{"href":"https:\/\/www.europesays.com\/fr\/wp-json\/wp\/v2\/posts"}],"about":[{"href":"https:\/\/www.europesays.com\/fr\/wp-json\/wp\/v2\/types\/post"}],"author":[{"embeddable":true,"href":"https:\/\/www.europesays.com\/fr\/wp-json\/wp\/v2\/users\/2"}],"replies":[{"embeddable":true,"href":"https:\/\/www.europesays.com\/fr\/wp-json\/wp\/v2\/comments?post=554079"}],"version-history":[{"count":0,"href":"https:\/\/www.europesays.com\/fr\/wp-json\/wp\/v2\/posts\/554079\/revisions"}],"wp:featuredmedia":[{"embeddable":true,"href":"https:\/\/www.europesays.com\/fr\/wp-json\/wp\/v2\/media\/554080"}],"wp:attachment":[{"href":"https:\/\/www.europesays.com\/fr\/wp-json\/wp\/v2\/media?parent=554079"}],"wp:term":[{"taxonomy":"category","embeddable":true,"href":"https:\/\/www.europesays.com\/fr\/wp-json\/wp\/v2\/categories?post=554079"},{"taxonomy":"post_tag","embeddable":true,"href":"https:\/\/www.europesays.com\/fr\/wp-json\/wp\/v2\/tags?post=554079"}],"curies":[{"name":"wp","href":"https:\/\/api.w.org\/{rel}","templated":true}]}}