{"id":554081,"date":"2025-11-23T20:52:26","date_gmt":"2025-11-23T20:52:26","guid":{"rendered":"https:\/\/www.europesays.com\/fr\/554081\/"},"modified":"2025-11-23T20:52:26","modified_gmt":"2025-11-23T20:52:26","slug":"en-savoie-ce-village-de-montagne-dit-adieu-a-sa-derniere-remontee-mecanique","status":"publish","type":"post","link":"https:\/\/www.europesays.com\/fr\/554081\/","title":{"rendered":"En Savoie, ce village de montagne dit adieu \u00e0 sa derni\u00e8re remont\u00e9e m\u00e9canique"},"content":{"rendered":"\n<p>CO<strong>2<\/strong>C\u2019est un de ces coins des Alpes o\u00f9 le temps semble s\u2019\u00eatre arr\u00eat\u00e9, et d\u2019une telle beaut\u00e9 que l\u2019on se croirait au paradis. Je suis dans le petit village de Savoie de Notre-Dame-du-Pr\u00e9. Mais le d\u00e9marrage d\u2019une tron\u00e7onneuse vient rompre l\u2019atmosph\u00e8re idyllique. Aujourd\u2019hui, l\u2019on proc\u00e8de au d\u00e9mant\u00e8lement du dernier des trois t\u00e9l\u00e9skis de ce village, situ\u00e9 \u00e0 1\u00a0275\u00a0m\u00e8tres d\u2019altitude dans les Alpes du Nord, et victime du d\u00e9r\u00e8glement climatique.<\/p>\n<p>Le crissement du m\u00e9tal contre le m\u00e9tal dure une dizaine de minutes, le temps qu\u2019une \u00e9quipe de personnes venues des deux stations voisines de La\u00a0Plagne et des Arcs, volontaires pour aider Notre-Dame-du-Pr\u00e9 dans cette t\u00e2che, coupe d\u2019abord le c\u00e2ble du t\u00e9l\u00e9ski, puis les boulons qui ancrent le pyl\u00f4ne \u00e0 sa base en b\u00e9ton. Les hommes tirent ensuite sur les haubans pour faire basculer la structure m\u00e9tallique jusqu\u2019\u00e0 ce qu\u2019elle s\u2019effondre et s\u2019\u00e9crase au sol avec fracas.<\/p>\n<p>La veille, Marcel Fraissard, 85\u00a0ans, m\u2019avait confi\u00e9, les larmes aux yeux, que le d\u00e9montage des remont\u00e9es m\u00e9caniques lui fendait le c\u0153ur. Il faisait en effet partie du groupe des neuf habitants du village qui avaient financ\u00e9 l\u2019installation du premier t\u00e9l\u00e9ski sur place en 1973, compl\u00e9t\u00e9 par la suite par deux autres, et par l\u2019achat d\u2019une dameuse. Marcel Fraissard \u00e9tait ensuite devenu pr\u00e9siden<\/p>\n<p>  Offres sp\u00e9ciales  Pour lire la suite de cet article, abonnez-vous <\/p>\n<p class=\"paywall-text\">Acc\u00e9dez \u00e0\u00a0l\u2019int\u00e9gralit\u00e9 de\u00a0nos contenus sur le\u00a0site et\u00a0l\u2019application en\u00a0vous abonnant \u00e0\u00a0<strong>l\u2019offre sp\u00e9ciale.<\/strong><\/p>\n<p class=\"price\">D\u00e8s <strong>3,99\u00a0\u20ac<\/strong>\/mois<\/p>\n<p> Sans engagement \u2022 R\u00e9siliable en ligne                <\/p>\n<p class=\"article-authors\">                         <a href=\"https:\/\/www.courrierinternational.com\/auteur\/abigail-butcher\" target=\"_blank\" rel=\"noopener\">Abigail Butcher<\/a>    <\/p>\n<p class=\"article-vo\"><a href=\"https:\/\/www.telegraph.co.uk\/travel\/ski\/news\/france-end-of-skiing-climate-change\/\" rel=\"noopener\" target=\"_blank\">Lire l\u2019article original<\/a><\/p>\n<p>Source de l\u2019article<\/p>\n<p>   <img decoding=\"async\" class=\"source-logo\" src=\"https:\/\/www.europesays.com\/fr\/wp-content\/uploads\/2025\/05\/8be5236_1643653611956-the-daily-telegraph.jpg\"  alt=\"Logo\" loading=\"lazy\" width=\"32\" height=\"32\"\/>  The Daily Telegraph  (Londres)       <\/p>\n<p>Atlantiste et eurosceptique sur le fond, pugnace et engag\u00e9 sur la forme, c\u2019est le journal conservateur de r\u00e9f\u00e9rence. Fond\u00e9 en 1855, comme le\u00a0rappelle son titre en\u00a0hommage \u00e0 une technologie de\u00a0communication alors r\u00e9volutionnaire, il est le dernier des quotidiens nationaux d\u2019envergure \u00e0 ne pas avoir abandonn\u00e9 le grand format.<\/p>\n<p>D\u00e9tenu jusqu\u2019au d\u00e9but de 2004 par le magnat de la presse Conrad Black, le titre a ensuite \u00e9t\u00e9 la propri\u00e9t\u00e9 des fr\u00e8res milliardaires David et Frederick Barclay. En 2023, sur fond de bras de fer financier, le journal a \u00e9t\u00e9 saisi par les cr\u00e9anciers de la famille Barclay, qui lui cherchent d\u00e9sormais un nouveau propri\u00e9taire, ainsi qu\u2019\u00e0 The Sunday Telegraph, regroup\u00e9s au sein du Telegraph Media Group Holdings Ltd.<\/p>\n<p>Son agenda est tr\u00e8s pris\u00e9, en raison notamment du Court Circular, qui pr\u00e9sente tous les jours les activit\u00e9s de la famille royale. Un autre rendez-vous tr\u00e8s attendu est le petit dessin de Matt, toujours \u00e9l\u00e9gant et dr\u00f4le, publi\u00e9 en premi\u00e8re page.<\/p>\n<p>      <a href=\"https:\/\/www.courrierinternational.com\/notule-source\/the-daily-telegraph-0\" class=\"source-link\" target=\"_blank\" rel=\"noopener\">Lire la suite<\/a>                 <\/p>\n<p>Nos services<\/p>\n","protected":false},"excerpt":{"rendered":"CO2C\u2019est un de ces coins des Alpes o\u00f9 le temps semble s\u2019\u00eatre arr\u00eat\u00e9, et d\u2019une telle beaut\u00e9 que&hellip;\n","protected":false},"author":2,"featured_media":554082,"comment_status":"","ping_status":"","sticky":false,"template":"","format":"standard","meta":{"footnotes":""},"categories":[1588],"tags":[11,4734,1777,674,27,3821,12,473,1853,9589,1851,1850,1852],"class_list":{"0":"post-554081","1":"post","2":"type-post","3":"status-publish","4":"format-standard","5":"has-post-thumbnail","7":"category-royaume-uni","8":"tag-actualites","9":"tag-changement-climatique","10":"tag-eu","11":"tag-europe","12":"tag-france","13":"tag-la-france-vue-de-lu2019u00e9tranger","14":"tag-news","15":"tag-royaume-uni","16":"tag-royaume-uni-de-grande-bretagne-et-dirlande-du-nord","17":"tag-sports-dhiver","18":"tag-uk","19":"tag-united-kingdom","20":"tag-united-kingdom-of-great-britain-and-northern-ireland"},"share_on_mastodon":{"url":"https:\/\/pubeurope.com\/@fr\/115600999165196229","error":""},"_links":{"self":[{"href":"https:\/\/www.europesays.com\/fr\/wp-json\/wp\/v2\/posts\/554081","targetHints":{"allow":["GET"]}}],"collection":[{"href":"https:\/\/www.europesays.com\/fr\/wp-json\/wp\/v2\/posts"}],"about":[{"href":"https:\/\/www.europesays.com\/fr\/wp-json\/wp\/v2\/types\/post"}],"author":[{"embeddable":true,"href":"https:\/\/www.europesays.com\/fr\/wp-json\/wp\/v2\/users\/2"}],"replies":[{"embeddable":true,"href":"https:\/\/www.europesays.com\/fr\/wp-json\/wp\/v2\/comments?post=554081"}],"version-history":[{"count":0,"href":"https:\/\/www.europesays.com\/fr\/wp-json\/wp\/v2\/posts\/554081\/revisions"}],"wp:featuredmedia":[{"embeddable":true,"href":"https:\/\/www.europesays.com\/fr\/wp-json\/wp\/v2\/media\/554082"}],"wp:attachment":[{"href":"https:\/\/www.europesays.com\/fr\/wp-json\/wp\/v2\/media?parent=554081"}],"wp:term":[{"taxonomy":"category","embeddable":true,"href":"https:\/\/www.europesays.com\/fr\/wp-json\/wp\/v2\/categories?post=554081"},{"taxonomy":"post_tag","embeddable":true,"href":"https:\/\/www.europesays.com\/fr\/wp-json\/wp\/v2\/tags?post=554081"}],"curies":[{"name":"wp","href":"https:\/\/api.w.org\/{rel}","templated":true}]}}