{"id":554083,"date":"2025-11-23T20:53:22","date_gmt":"2025-11-23T20:53:22","guid":{"rendered":"https:\/\/www.europesays.com\/fr\/554083\/"},"modified":"2025-11-23T20:53:22","modified_gmt":"2025-11-23T20:53:22","slug":"multimedia-le-pm-chinois-exhorte-la-chine-et-lallemagne-a-renforcer-le-dialogue-et-a-repondre-aux-preoccupations-xinhua","status":"publish","type":"post","link":"https:\/\/www.europesays.com\/fr\/554083\/","title":{"rendered":"(Multim\u00e9dia) Le PM chinois exhorte la Chine et l&rsquo;Allemagne \u00e0 renforcer le dialogue et \u00e0 r\u00e9pondre aux pr\u00e9occupations &#8211; Xinhua"},"content":{"rendered":"<p><img decoding=\"async\" controls=\"controls\" src=\"https:\/\/www.europesays.com\/fr\/wp-content\/uploads\/2025\/11\/202511248db609ebd6764ae88878917efae8c028_CbsbffF000010_20251124_CBMFN0A001.JPG\"\/>Le Premier ministre chinois Li Qiang rencontre le chancelier allemand Friedrich Merz \u00e0 Johannesburg, en Afrique du Sud, le 23 novembre 2025. (Xinhua\/Zhai Jianlan)<\/p>\n<p><strong>Li Qiang, le Premier ministre chinois, a d\u00e9clar\u00e9 dimanche que les gouvernements chinois et allemand devraient d\u00e9ployer des efforts conjoints pour renforcer le dialogue et la communication et traiter de mani\u00e8re appropri\u00e9e leurs pr\u00e9occupations respectives.<\/strong><\/p>\n<p>JOHANNESBURG, 23 novembre (Xinhua) &#8212; Li Qiang, le Premier ministre chinois, a d\u00e9clar\u00e9 dimanche que les gouvernements chinois et allemand devraient d\u00e9ployer des efforts conjoints pour renforcer le dialogue et la communication et traiter de mani\u00e8re appropri\u00e9e leurs pr\u00e9occupations respectives.<\/p>\n<p>Il a fait ces remarques lors de sa rencontre avec son homologue allemand, le chancelier Friedrich Merz, en marge du 20e sommet du Groupe des 20 (G20).<\/p>\n<p>Notant que la Chine et l&rsquo;Allemagne sont d&rsquo;importants partenaires \u00e9conomiques et commerciaux l&rsquo;une pour l&rsquo;autre, M. Li a soulign\u00e9 que depuis l&rsquo;\u00e9tablissement des relations diplomatiques il y a 53 ans, les deux pays ont continuellement renforc\u00e9 le dialogue et la coop\u00e9ration, ce qui a effectivement favoris\u00e9 leur d\u00e9veloppement commun.<\/p>\n<p>Rappelant qu&rsquo;en mai, le pr\u00e9sident chinois Xi Jinping s&rsquo;est entretenu au t\u00e9l\u00e9phone avec M. Merz, tra\u00e7ant la voie \u00e0 suivre pour approfondir davantage les relations bilat\u00e9rales, le Premier ministre chinois a d\u00e9clar\u00e9 que le respect mutuel est le principe guidant les relations sino-allemandes et que la coop\u00e9ration gagnant-gagnant est leur caract\u00e9ristique d\u00e9terminante.<\/p>\n<p>D\u00e9velopper un partenariat strat\u00e9gique global stable, durable et de haute qualit\u00e9, a-t-il ajout\u00e9, est conforme aux int\u00e9r\u00eats fondamentaux des deux peuples.<\/p>\n<p>La Chine, a assur\u00e9 M. Li, est dispos\u00e9e \u00e0 renforcer la communication strat\u00e9gique avec l&rsquo;Allemagne, \u00e0 adh\u00e9rer au respect des int\u00e9r\u00eats fondamentaux et des pr\u00e9occupations majeures de chacun, et \u00e0 consolider les bases politiques du d\u00e9veloppement des relations bilat\u00e9rales.<\/p>\n<p>Il a \u00e9galement fait part de ses espoirs que les deux pays \u00e9largiront leur coop\u00e9ration pragmatique dans tous les domaines et enrichiront continuellement le contenu des relations sino-allemandes.<\/p>\n<p>Nous esp\u00e9rons, a d\u00e9clar\u00e9 M. Li, exprimant ses attentes quant aux efforts de l&rsquo;Allemagne pour surmonter les obstacles et les pressions lors de la promotion des relations bilat\u00e9rales, se concentrer sur les int\u00e9r\u00eats communs et consolider les bases de la coop\u00e9ration, que Berlin m\u00e8nera en outre une politique chinoise rationnelle et pragmatique.<\/p>\n<p>Pour sa part, a-t-il poursuivi, la Chine est pr\u00eate \u00e0 travailler avec l&rsquo;Allemagne pour saisir les opportunit\u00e9s de d\u00e9veloppement et exploiter la coop\u00e9ration innovante avec une attitude ouverte, envisageant des progr\u00e8s de la coop\u00e9ration dans des domaines \u00e9mergents tels que les \u00e9nergies nouvelles, la fabrication intelligente, la biom\u00e9decine, la technologie de l&rsquo;\u00e9nergie hydrog\u00e8ne et la conduite intelligente, afin de soutenir la transformation et la modernisation industrielles et d&rsquo;activer un nouvel \u00e9lan de coop\u00e9ration.<\/p>\n<p>Notant encore que cette ann\u00e9e marque le 50e anniversaire de l&rsquo;\u00e9tablissement des relations diplomatiques entre la Chine et l&rsquo;Union europ\u00e9enne, M. Li a d\u00e9clar\u00e9 qu&rsquo;il esp\u00e8re que l&rsquo;Allemagne aidera le bloc \u00e0 consid\u00e9rer les relations sino-europ\u00e9ennes dans une perspective \u00e0 plus long terme, avec une vision plus large et un \u00e9tat d&rsquo;esprit plus ouvert.<\/p>\n<p>Le Premier ministre a d\u00e9clar\u00e9 qu&rsquo;il esp\u00e8re aussi voir les efforts de l&rsquo;Allemagne visant \u00e0 encourager l&rsquo;Union europ\u00e9enne \u00e0 maintenir sa position de partenaire de la Chine, \u00e0 renforcer le dialogue et la coop\u00e9ration entre les deux parties et \u00e0 faire progresser conjointement le d\u00e9veloppement et la prosp\u00e9rit\u00e9 communs.<\/p>\n<p>La Chine est quant \u00e0 elle pr\u00eate \u00e0 travailler avec l&rsquo;Allemagne pour renforcer la communication et la coordination au sein de m\u00e9canismes tels que les Nations Unies et le G20, encourager l&rsquo;am\u00e9lioration de la gouvernance mondiale, sauvegarder le multilat\u00e9ralisme et le libre-\u00e9change, et \u00eatre une force constructive et certaine pour favoriser la paix et le d\u00e9veloppement, a affirm\u00e9 M. Li.<\/p>\n","protected":false},"excerpt":{"rendered":"Le Premier ministre chinois Li Qiang rencontre le chancelier allemand Friedrich Merz \u00e0 Johannesburg, en Afrique du Sud,&hellip;\n","protected":false},"author":2,"featured_media":554084,"comment_status":"","ping_status":"","sticky":false,"template":"","format":"standard","meta":{"footnotes":""},"categories":[1587],"tags":[11,672,1804,309,1805,1803,1777,674,50368,1801,12,1802],"class_list":{"0":"post-554083","1":"post","2":"type-post","3":"status-publish","4":"format-standard","5":"has-post-thumbnail","7":"category-allemagne","8":"tag-actualites","9":"tag-allemagne","10":"tag-bundesrepublik-deutschland","11":"tag-chine","12":"tag-de","13":"tag-deutschland","14":"tag-eu","15":"tag-europe","16":"tag-g20","17":"tag-germany","18":"tag-news","19":"tag-republique-federale-dallemagne"},"share_on_mastodon":{"url":"https:\/\/pubeurope.com\/@fr\/115601002913593250","error":""},"_links":{"self":[{"href":"https:\/\/www.europesays.com\/fr\/wp-json\/wp\/v2\/posts\/554083","targetHints":{"allow":["GET"]}}],"collection":[{"href":"https:\/\/www.europesays.com\/fr\/wp-json\/wp\/v2\/posts"}],"about":[{"href":"https:\/\/www.europesays.com\/fr\/wp-json\/wp\/v2\/types\/post"}],"author":[{"embeddable":true,"href":"https:\/\/www.europesays.com\/fr\/wp-json\/wp\/v2\/users\/2"}],"replies":[{"embeddable":true,"href":"https:\/\/www.europesays.com\/fr\/wp-json\/wp\/v2\/comments?post=554083"}],"version-history":[{"count":0,"href":"https:\/\/www.europesays.com\/fr\/wp-json\/wp\/v2\/posts\/554083\/revisions"}],"wp:featuredmedia":[{"embeddable":true,"href":"https:\/\/www.europesays.com\/fr\/wp-json\/wp\/v2\/media\/554084"}],"wp:attachment":[{"href":"https:\/\/www.europesays.com\/fr\/wp-json\/wp\/v2\/media?parent=554083"}],"wp:term":[{"taxonomy":"category","embeddable":true,"href":"https:\/\/www.europesays.com\/fr\/wp-json\/wp\/v2\/categories?post=554083"},{"taxonomy":"post_tag","embeddable":true,"href":"https:\/\/www.europesays.com\/fr\/wp-json\/wp\/v2\/tags?post=554083"}],"curies":[{"name":"wp","href":"https:\/\/api.w.org\/{rel}","templated":true}]}}