{"id":554085,"date":"2025-11-23T20:54:36","date_gmt":"2025-11-23T20:54:36","guid":{"rendered":"https:\/\/www.europesays.com\/fr\/554085\/"},"modified":"2025-11-23T20:54:36","modified_gmt":"2025-11-23T20:54:36","slug":"cross-country-anas-lagtiy-chaoudar-qualifie-pour-les-championnats-deurope","status":"publish","type":"post","link":"https:\/\/www.europesays.com\/fr\/554085\/","title":{"rendered":"Cross-country. Anas Lagtiy-Chaoudar qualifi\u00e9 pour les championnats d&rsquo;Europe"},"content":{"rendered":"<p>  &#13;<br \/>\n      <a href=\"https:\/\/cdn-s-www.dna.fr\/images\/125f4532-338b-4137-8b44-d63b04595ddd\/NW_raw\/anas-lagtiy-chaoudar-peut-afficher-sa-satisfaction-photo-thomas-toussaint-1763919456.jpg\" title=\"Anas Lagtiy-Chaoudar peut afficher sa satisfaction. Photo Thomas Toussaint\" class=\"chocolat-image GA-tracking\" data-ga_type=\"click\" data-ga_category=\"D\u00e9tail\" data-ga_action=\"zoomer\" data-ga_label=\"agrandir image\" rel=\"nofollow noopener\" target=\"_blank\">&#13;<br \/>\n          <img loading=\"lazy\" decoding=\"async\" src=\"https:\/\/www.europesays.com\/fr\/wp-content\/uploads\/2025\/11\/anas-lagtiy-chaoudar-peut-afficher-sa-satisfaction-photo-thomas-toussaint-1763919456.jpg\" data-mobile=\"NW_listC_M|1763919456\" data-base=\"NW_listC|1763919456\" alt=\"Anas Lagtiy-Chaoudar peut afficher sa satisfaction. Photo Thomas Toussaint\"\/>&#13;<br \/>\n      <\/a>&#13;<\/p>\n<p>Anas Lagtiy-Chaoudar peut afficher sa satisfaction. Photo Thomas Toussaint<\/p>\n<p>&#13;<\/p>\n<p>Sous la pluie et sur un terrain boueux, Anas Lagtiy-Chaoudar, le pistard, n&rsquo;avait rien pour lui. Il a n\u00e9anmoins tir\u00e9 son \u00e9pingle du jeu. \u00ab\u00a0Au mental\u00a0\u00bb, s&rsquo;est-il f\u00e9licit\u00e9. \u00ab\u00a0Avec la t\u00eate, avec intelligence\u00a0\u00bb, a pr\u00e9cis\u00e9 son entra\u00eeneur, Jean-Marc Ducret.<\/p>\n<p>\u00ab\u00a0D\u00e8s que c&rsquo;\u00e9tait plus sec, je relan\u00e7ais, \u00e0 2&rsquo;40 au kilom\u00e8tre, t\u00e9moigne l&rsquo;athl\u00e8te du Strasbourg Agglom\u00e9ration Athl\u00e9tisme. Dans la boue, j&rsquo;ai fait ce que je pouvois pour ne pas glisser.\u00a0\u00bb Au bout du compte, il prend une remarquable 3e place chez les espoirs, derri\u00e8re le favori Pierre Boudy (Athl\u00e9 37) et Aur\u00e9lien Radja (Sotteville).\u00a0<\/p>\n<p>Quant \u00e0 savoir o\u00f9 ils ont fini au scratch d&rsquo;un cross international remport\u00e9 par l&rsquo;Ethiopien Mikesa Fikadu devant Yann Schrub, la fiert\u00e9 de Sarreguemines\u00a0?&#8230; Ben, officiellement, on n&rsquo;en sait rien\u00a0! Au terme d&rsquo;une course aussi importante, un cross de s\u00e9lection !<\/p>\n<p>\u00ab\u00a0Les dossards \u00e9taient en papier\u00a0\u00bb,\u00a0a pr\u00e9cis\u00e9, interloqu\u00e9, Jacky Loos, l&rsquo;entra\u00eeneur de Gastron Rohmer, lequel s&rsquo;est fait arrach\u00e9 le sien dans la foire d&#8217;empoigne du d\u00e9part. D&rsquo;autres ont rendu l&rsquo;\u00e2me sous les vannes c\u00e9lestes. Tous leurs propri\u00e9taires sont ce dimanche soir absents du classement officiel, \u00e0 commencer par Yann Schrub lui-m\u00eame, Fabien Palcau et Simon B\u00e9dard, soit les trois premiers Fran\u00e7ais, et donc Gaston Rohmer.<\/p>\n<p>Pour en savoir plus, les images de la cam\u00e9ra plac\u00e9e sur la ligne d&rsquo;arriv\u00e9e doivent \u00eatre diss\u00e9qu\u00e9es. Selon celles visibles sur les r\u00e9seaux, Anas Lagtiy-Chaoudar est 16e, Gaston Rohmer 21e ou 22e. Soit 6e ou 7e espoir. Or, en cas de d\u00e9sistement d&rsquo;un seul athl\u00e8te, la 6e pourrait mener au Portugal&#8230;<\/p>\n","protected":false},"excerpt":{"rendered":"&#13; &#13; &#13; &#13; Anas Lagtiy-Chaoudar peut afficher sa satisfaction. Photo Thomas Toussaint &#13; Sous la pluie et&hellip;\n","protected":false},"author":2,"featured_media":554086,"comment_status":"","ping_status":"","sticky":false,"template":"","format":"standard","meta":{"footnotes":""},"categories":[1586],"tags":[11,4132,1777,674,107,1701,1795,1011,27,12,25,517],"class_list":{"0":"post-554085","1":"post","2":"type-post","3":"status-publish","4":"format-standard","5":"has-post-thumbnail","7":"category-europe","8":"tag-actualites","9":"tag-athletisme","10":"tag-eu","11":"tag-europe","12":"tag-fil-info","13":"tag-fil-info-sport","14":"tag-fil-web","15":"tag-fr","16":"tag-france","17":"tag-news","18":"tag-republique-francaise","19":"tag-sport"},"share_on_mastodon":{"url":"https:\/\/pubeurope.com\/@fr\/115601006438213447","error":""},"_links":{"self":[{"href":"https:\/\/www.europesays.com\/fr\/wp-json\/wp\/v2\/posts\/554085","targetHints":{"allow":["GET"]}}],"collection":[{"href":"https:\/\/www.europesays.com\/fr\/wp-json\/wp\/v2\/posts"}],"about":[{"href":"https:\/\/www.europesays.com\/fr\/wp-json\/wp\/v2\/types\/post"}],"author":[{"embeddable":true,"href":"https:\/\/www.europesays.com\/fr\/wp-json\/wp\/v2\/users\/2"}],"replies":[{"embeddable":true,"href":"https:\/\/www.europesays.com\/fr\/wp-json\/wp\/v2\/comments?post=554085"}],"version-history":[{"count":0,"href":"https:\/\/www.europesays.com\/fr\/wp-json\/wp\/v2\/posts\/554085\/revisions"}],"wp:featuredmedia":[{"embeddable":true,"href":"https:\/\/www.europesays.com\/fr\/wp-json\/wp\/v2\/media\/554086"}],"wp:attachment":[{"href":"https:\/\/www.europesays.com\/fr\/wp-json\/wp\/v2\/media?parent=554085"}],"wp:term":[{"taxonomy":"category","embeddable":true,"href":"https:\/\/www.europesays.com\/fr\/wp-json\/wp\/v2\/categories?post=554085"},{"taxonomy":"post_tag","embeddable":true,"href":"https:\/\/www.europesays.com\/fr\/wp-json\/wp\/v2\/tags?post=554085"}],"curies":[{"name":"wp","href":"https:\/\/api.w.org\/{rel}","templated":true}]}}