{"id":554087,"date":"2025-11-23T20:55:14","date_gmt":"2025-11-23T20:55:14","guid":{"rendered":"https:\/\/www.europesays.com\/fr\/554087\/"},"modified":"2025-11-23T20:55:14","modified_gmt":"2025-11-23T20:55:14","slug":"avec-ses-drones-nael-veut-diversifier-les-activites-de-son-entreprise-drone-skyliner","status":"publish","type":"post","link":"https:\/\/www.europesays.com\/fr\/554087\/","title":{"rendered":"Avec ses drones, Na\u00ebl veut diversifier les activit\u00e9s de son entreprise Drone Skyliner"},"content":{"rendered":"<p>                    Par<br \/>\n        <strong><br \/>\n            <a href=\"https:\/\/actu.fr\/auteur\/lucas-farcy\" title=\"Consulter tous les articles de Lucas Farcy\" rel=\"nofollow noopener\" target=\"_blank\">Lucas Farcy<\/a><br \/>\n                    <\/strong><\/p>\n<p>        Publi\u00e9 le<\/p>\n<p>            23 nov. 2025 \u00e0 21h36        <\/p>\n<p>Il y a un peu plus d\u2019un an, <b>Na\u00ebl Vasseur<\/b>, habitant de Eu passionn\u00e9 par les drones, lan\u00e7ait <a href=\"https:\/\/actu.fr\/normandie\/eu_76255\/passionne-de-drone-nael-en-a-fait-son-metier-a-eu_61613516.html\" rel=\"nofollow noopener\" target=\"_blank\">son activit\u00e9 de t\u00e9l\u00e9pilote<\/a>. En cr\u00e9ant son entreprise Drone Skyliner, il permettait de faire de sa passion son m\u00e9tier, en proposant diff\u00e9rentes prestations pour de l\u2019\u00e9v\u00e9nementiel : filmer des mariages ou d\u2019autres f\u00eates, tourner des images de promotion pour des entreprises et autres cr\u00e9ations o\u00f9 les images a\u00e9riennes sont un atout.<\/p>\n<p class=\" wall-content\">Jamais \u00e0 court d\u2019id\u00e9e, le jeune Eudois a d\u00e9cid\u00e9 d\u2019<b>ajouter des cordes \u00e0 son arc<\/b>. Il propose ainsi depuis quelques semaines une <b>activit\u00e9 de d\u00e9moussage de toit <\/b>et peut \u00e9galement proc\u00e9der \u00e0 la <b>st\u00e9rilisation d\u2019\u0153ufs de go\u00e9lands<\/b>.<\/p>\n<p class=\" wall-content\">\n<p class=\" wall-content\">\u00ab Pour ce qui est du d\u00e9moussage, j\u2019ai suivi un couvreur pour me former, pour voir comment il faisait \u00bb, explique Na\u00ebl Vasseur. L\u2019engin utilis\u00e9 pour nettoyer les toits est impressionnant et n\u00e9cessite de la dext\u00e9rit\u00e9, pour piloter le drone tout en orientant le tuyau par lequel est projet\u00e9 le produit de d\u00e9moussage. Car si la m\u00e9thode est bien diff\u00e9rente, le proc\u00e9d\u00e9 est le m\u00eame que celui utilis\u00e9 par les couvreurs : gratter la mousse sur le toit manuellement avec une perche t\u00e9l\u00e9scopique, avant de pulv\u00e9riser au drone un produit fongicide et hydrofuge qui emp\u00eachera de nouvelles mousses de se former.<\/p>\n<p class=\" wall-content\">\u00ab L\u2019int\u00e9r\u00eat, c\u2019est que \u00e7a va plus vite et que je peux atteindre des endroits du toit difficiles d\u2019acc\u00e8s \u00bb, explique Na\u00ebl Vasseur. Sur des toitures simples, il ne faudra que quelques minutes au t\u00e9l\u00e9pilote pour le traitement : \u00ab \u00e7a prend parfois plus de temps de d\u00e9baller le mat\u00e9riel que de pulv\u00e9riser \u00bb sourit-il, tandis qu\u2019il d\u00e9charge les diff\u00e9rents accessoires de sa camionnette : le drone reli\u00e9 par un tuyau \u00e0 une citerne d\u2019eau, un bidon de produit, la t\u00e9l\u00e9commande\u2026 L\u2019autre int\u00e9r\u00eat est que la pulv\u00e9risation par drone est moins dangereuse, puisque cela n\u2019implique pas de monter sur les toits, qui peuvent parfois \u00eatre tr\u00e8s hauts.<\/p>\n<p class=\" wall-content\">Partant de cette id\u00e9e de pulv\u00e9risation, Na\u00ebl Vasseur a aussi eu l\u2019id\u00e9e de participer aux campagnes de st\u00e9rilisation des \u0153ufs de go\u00e9lands par drone, comme cela se fait dans certaines communes comme Mers-les-Bains ou Ault.<\/p>\n<p>Vid\u00e9os : en ce moment sur ActuUn syst\u00e8me de pulv\u00e9risation fait maison<\/p>\n<p class=\" wall-content\">\u00ab La m\u00e9thode est assez simple, puisqu\u2019il suffit d\u2019asperger de l\u2019huile v\u00e9g\u00e9tale sur un \u0153uf pour st\u00e9riliser celui-ci : \u00e7a bloque les \u00e9changes gazeux et l\u2019\u0153uf est comme \u00e9touff\u00e9 \u00bb. En revanche, pour trouver un syst\u00e8me qui s\u2019adapte \u00e0 son drone, Na\u00ebl Vasseur a d\u00fb rivaliser d\u2019ing\u00e9niosit\u00e9 : \u00ab j\u2019ai con\u00e7u une petite plate-forme par imprimante 3D et avec une petite t\u00e9l\u00e9commande, je peux ouvrir une vanne qui verse l\u2019huile \u00bb. Quelques millilitres suffisent \u00e0 \u00e9touffer un \u0153uf et apr\u00e8s plusieurs mois de conception et de tests, il est parvenu \u00e0 trouver le syst\u00e8me id\u00e9al.<\/p>\n<p class=\" wall-content\">L\u00e0 encore, la m\u00e9thode est tr\u00e8s utile pour limiter les risques de chutes pour les personnes charg\u00e9es d\u2019asperger les nids. Les go\u00e9lands peuvent en plus privil\u00e9gier des recoins \u00e0 l\u2019abri des intemp\u00e9ries et difficiles d\u2019acc\u00e8s pour pondre leurs \u0153ufs.<\/p>\n<p>Votre r\u00e9gion, votre actu !<\/p>\n<p>Recevez chaque jour les infos qui comptent pour vous.<\/p>\n<p>\t<a href=\"https:\/\/actu.fr\/newsletter\" class=\"ac-btn ac-btn--corner ac-btn--medium ac-btn--blue800\" rel=\"nofollow noopener\" target=\"_blank\">S&rsquo;incrire<\/a><\/p>\n<p class=\" wall-content\">Avec ces deux activit\u00e9s novatrices, Na\u00ebl Vasseur veut p\u00e9renniser son entreprise en lui ouvrant de nouveaux march\u00e9s. Il poursuit par ailleurs \u00e0 tourner de belles images avec des drones \u00e9quip\u00e9s de cam\u00e9ras professionnelles. Et il y a fort \u00e0 parier que dans les mois qui viennent, il saura encore imaginer de nouveaux d\u00e9bouch\u00e9s : si les drones sont surtout connus du grand public pour tourner des images a\u00e9riennes ou pour faire la guerre, leurs usages sont en r\u00e9alit\u00e9 tr\u00e8s vastes. Ainsi Na\u00ebl Vasseur a-t-il par ailleurs pass\u00e9 une certification pour utiliser des drones dans son engagement de pompier volontaire \u00e0 la caserne de la ville d\u2019Eu.<\/p>\n<p>Vous pouvez contacter Na\u00ebl Vasseur au 06 51 46 47 78 et en savoir plus sur son activit\u00e9 via sa <a href=\"https:\/\/www.facebook.com\/profile.php?id=61558490652320\" rel=\"nofollow noopener\" target=\"_blank\">page Facebook Drone Skyliner<\/a>.<\/p>\n<p class=\" wall-content\">Personnalisez votre actualit\u00e9 en ajoutant vos villes et m\u00e9dias en favori avec <a href=\"https:\/\/moncompte.actu.fr\" title=\"D\u00e9couvez Mon Actu\" rel=\"nofollow noopener\" data-trk=\"{&quot;cta&quot;:{&quot;action&quot;:&quot;https:\\\/\\\/moncompte.actu.fr&quot;,&quot;category&quot;:&quot;mon compte&quot;,&quot;from&quot;:&quot;article footer&quot;,&quot;name&quot;:&quot;Mon actu&quot;,&quot;type&quot;:&quot;cta&quot;}}\" target=\"_blank\">Mon Actu<\/a>.<\/p>\n","protected":false},"excerpt":{"rendered":"Par Lucas Farcy Publi\u00e9 le 23 nov. 2025 \u00e0 21h36 Il y a un peu plus d\u2019un an,&hellip;\n","protected":false},"author":2,"featured_media":554088,"comment_status":"","ping_status":"","sticky":false,"template":"","format":"standard","meta":{"footnotes":""},"categories":[1586],"tags":[11,1777,674,1779,1011,27,12,25,104,1778,364,3587],"class_list":{"0":"post-554087","1":"post","2":"type-post","3":"status-publish","4":"format-standard","5":"has-post-thumbnail","7":"category-europe","8":"tag-actualites","9":"tag-eu","10":"tag-europe","11":"tag-european-union","12":"tag-fr","13":"tag-france","14":"tag-news","15":"tag-republique-francaise","16":"tag-societe","17":"tag-ue","18":"tag-union-europeenne","19":"tag-villes-soeurs"},"share_on_mastodon":{"url":"https:\/\/pubeurope.com\/@fr\/115601010023719459","error":""},"_links":{"self":[{"href":"https:\/\/www.europesays.com\/fr\/wp-json\/wp\/v2\/posts\/554087","targetHints":{"allow":["GET"]}}],"collection":[{"href":"https:\/\/www.europesays.com\/fr\/wp-json\/wp\/v2\/posts"}],"about":[{"href":"https:\/\/www.europesays.com\/fr\/wp-json\/wp\/v2\/types\/post"}],"author":[{"embeddable":true,"href":"https:\/\/www.europesays.com\/fr\/wp-json\/wp\/v2\/users\/2"}],"replies":[{"embeddable":true,"href":"https:\/\/www.europesays.com\/fr\/wp-json\/wp\/v2\/comments?post=554087"}],"version-history":[{"count":0,"href":"https:\/\/www.europesays.com\/fr\/wp-json\/wp\/v2\/posts\/554087\/revisions"}],"wp:featuredmedia":[{"embeddable":true,"href":"https:\/\/www.europesays.com\/fr\/wp-json\/wp\/v2\/media\/554088"}],"wp:attachment":[{"href":"https:\/\/www.europesays.com\/fr\/wp-json\/wp\/v2\/media?parent=554087"}],"wp:term":[{"taxonomy":"category","embeddable":true,"href":"https:\/\/www.europesays.com\/fr\/wp-json\/wp\/v2\/categories?post=554087"},{"taxonomy":"post_tag","embeddable":true,"href":"https:\/\/www.europesays.com\/fr\/wp-json\/wp\/v2\/tags?post=554087"}],"curies":[{"name":"wp","href":"https:\/\/api.w.org\/{rel}","templated":true}]}}