{"id":554089,"date":"2025-11-23T20:56:16","date_gmt":"2025-11-23T20:56:16","guid":{"rendered":"https:\/\/www.europesays.com\/fr\/554089\/"},"modified":"2025-11-23T20:56:16","modified_gmt":"2025-11-23T20:56:16","slug":"sante-condition-de-captivite-liberte-retrouvee-ce-quil-faut-retenir-de-la-premiere-interview-de-boualem-sansal-liberation","status":"publish","type":"post","link":"https:\/\/www.europesays.com\/fr\/554089\/","title":{"rendered":"Sant\u00e9, condition de captivit\u00e9, libert\u00e9 retrouv\u00e9e\u2026 Ce qu\u2019il faut retenir de la premi\u00e8re interview de Boualem Sansal \u2013 Lib\u00e9ration"},"content":{"rendered":"<p class=\"sc-cPiKLX AiZTS text-element\">\u00abJe vais bien.\u00bb Voil\u00e0 les premiers mots de <a href=\"https:\/\/www.liberation.fr\/culture\/livres\/boualem-sansal-lettres-trop-libres-20241129_FS7YIT6575D7XKQEGZSA24WJJE\/\" target=\"_blank\" rel=\"noopener\" title=\"https:\/\/www.liberation.fr\/culture\/livres\/boualem-sansal-lettres-trop-libres-20241129_FS7YIT6575D7XKQEGZSA24WJJE\/\">l\u2019\u00e9crivain franco-alg\u00e9rien Boualem Sansal<\/a> tout juste sorti des ge\u00f4les alg\u00e9riennes. Malgr\u00e9 sa maladie. \u00abOn m\u2019a diagnostiqu\u00e9 un cancer de la prostate, raconte-t-il \u00e0 Laurent Delahousse, ce dimanche 23 novembre au soir sur France 2. J\u2019ai \u00e9t\u00e9 trait\u00e9 pour \u00e7a de mani\u00e8re tout \u00e0 fait remarquable par des m\u00e9decins consciencieux qui ont fait plus que leur devoir. Je suis sorti de leurs mains en bonne sant\u00e9.\u00bb<\/p>\n<p class=\"sc-cPiKLX AiZTS text-element\">Interrog\u00e9 sur ses conditions de d\u00e9tention, l\u2019\u00e9crivain d\u00e9crit : \u00abOn ne peut pas parler, on ne peut pas agir, on n\u2019a pas de contacts avec les autres d\u00e9tenus, ni surtout avec l\u2019ext\u00e9rieur. Je n\u2019avais m\u00eame pas d\u2019avocat. J\u2019\u00e9tais coup\u00e9 du monde. La vie est dure dans une prison, le temps est long, on s\u2019\u00e9puise, on se fatigue, on se sent mourir.\u00bb<\/p>\n<p class=\"sc-cPiKLX AiZTS text-element\">Et quand le journaliste de France 2 lui demande si sa parole est contrainte, l\u2019\u00e9crivain r\u00e9pond : \u00abJe ne vous parle pas de mani\u00e8re naturelle parce que naturellement, je suis plut\u00f4t exub\u00e9rant. L\u00e0, je contr\u00f4le chacun de mes mots. D\u00e9j\u00e0, j\u2019ai peur pour ma famille, j\u2019ai peur qu\u2019on arr\u00eate mon \u00e9pouse. Je pense \u00e0 <a href=\"https:\/\/www.liberation.fr\/international\/afrique\/apres-la-liberation-de-boualem-sansal-pas-de-nouvelles-du-journaliste-christophe-gleizes-dit-laurent-nunez-20251113_MSP3RDUUA5CZJNMPDM3CCEH3TM\/\" target=\"_blank\" rel=\"noopener\" title=\"https:\/\/www.liberation.fr\/international\/afrique\/apres-la-liberation-de-boualem-sansal-pas-de-nouvelles-du-journaliste-christophe-gleizes-dit-laurent-nunez-20251113_MSP3RDUUA5CZJNMPDM3CCEH3TM\/\">Christophe Gleizes<\/a> [journaliste sportif fran\u00e7ais d\u00e9tenu en Alg\u00e9rie, ndlr] et il n\u2019est pas le seul, ils sont plusieurs dizaines de d\u00e9tenus politiques pour des raisons comme \u00e7a, bizarres.\u00bb<\/p>\n<p class=\"sc-cPiKLX AiZTS text-element\">Lors de cette prise de parole tr\u00e8s attendue, <a href=\"https:\/\/www.liberation.fr\/economie\/medias\/boualem-sansal-parle-pour-la-premiere-fois-depuis-sa-liberation-ce-dimanche-sur-france-2-20251123_7Q2HM466ABDEFCNRP5ON7DUH5Y\/\" target=\"_blank\" rel=\"noreferrer noopener\" title=\"https:\/\/www.liberation.fr\/economie\/medias\/boualem-sansal-parle-pour-la-premiere-fois-depuis-sa-liberation-ce-dimanche-sur-france-2-20251123_7Q2HM466ABDEFCNRP5ON7DUH5Y\/\">lourde d\u2019enjeux diplomatiques<\/a> et enregistr\u00e9e en avance, Boualem Sansal est apparu en forme, cheveux courts et voix affirm\u00e9e. Retrouver une vie d\u2019homme libre est \u00abcompliqu\u00e9\u00bb apr\u00e8s un an de prison en Alg\u00e9rie, a admis l\u2019\u00e9crivain de 81 ans. \u00abOn retrouve la vie, des senteurs, des murmures, des choses qu\u2019on ne comprend pas tr\u00e8s bien, dit-il. Il y a des choses qui m\u2019exaltent. D\u00e8s que je passe quelque part, l\u2019odeur de caf\u00e9 me rend dingue.\u00bb<\/p>\n<p class=\"sc-cPiKLX AiZTS text-element\">Il s\u2019agit de la premi\u00e8re apparition m\u00e9diatique de l\u2019\u00e9crivain, condamn\u00e9 \u00e0 cinq ans d\u2019emprisonnement en Alg\u00e9rie pour certaines prises de position sur son pays natal. Boualem Sansal, <a href=\"https:\/\/www.liberation.fr\/international\/europe\/france-algerie-la-liberation-de-boualem-sansal-passe-par-berlin-20251112_6ORVYYCGRJBQTJZ2JYIVALT4KQ\/\" target=\"_blank\" rel=\"noopener\" title=\"https:\/\/www.liberation.fr\/international\/europe\/france-algerie-la-liberation-de-boualem-sansal-passe-par-berlin-20251112_6ORVYYCGRJBQTJZ2JYIVALT4KQ\/\">a finalement retrouv\u00e9 la libert\u00e9<\/a> le 12 novembre, graci\u00e9 par le pr\u00e9sident alg\u00e9rien, Abdelmadjid Tebboune, \u00e0 l\u2019issue d\u2019un long bras de fer entre la France et l\u2019Alg\u00e9rie, puis de l\u2019intercession de l\u2019Allemagne.<\/p>\n<p class=\"sc-cPiKLX AiZTS text-element\">L\u2019auteur s\u2019est exprim\u00e9 ce dimanche sur les relations entre les deux pays : \u00abJe suis, depuis toujours, pour la r\u00e9conciliation entre la France et l\u2019Alg\u00e9rie. Elle aurait d\u00fb se faire en 1962, comme les Allemands et les Fran\u00e7ais l\u2019ont fait apr\u00e8s la Deuxi\u00e8me Guerre mondiale, malgr\u00e9 les atrocit\u00e9s. On a rat\u00e9 le coche \u00e0 cette \u00e9poque. On aurait pu le faire, on l\u2019a pas fait.\u00bb L\u2019\u00e9crivain envisage d\u2019ailleurs de revenir dans son pays natal, \u00able plus vite possible, si on me le permet\u00bb.<\/p>\n<p class=\"sc-cPiKLX AiZTS text-element\">Enfin, interrog\u00e9 sur <a href=\"https:\/\/www.liberation.fr\/societe\/immigration\/en-voulant-maintenir-la-pression-sur-alger-bruno-retailleau-sert-uniquement-ses-ambitions-de-politique-interieure-20250319_QEM7KTQ2HBHQVB5TZBIXE3QK7I\/\" target=\"_blank\" rel=\"noreferrer noopener\" title=\"https:\/\/www.liberation.fr\/societe\/immigration\/en-voulant-maintenir-la-pression-sur-alger-bruno-retailleau-sert-uniquement-ses-ambitions-de-politique-interieure-20250319_QEM7KTQ2HBHQVB5TZBIXE3QK7I\/\">la position tr\u00e8s offensive de Bruno Retailleau<\/a> vis-\u00e0-vis de l\u2019Alg\u00e9rie lorsqu\u2019il \u00e9tait au minist\u00e8re de l\u2019Int\u00e9rieur, Boualem Sansal confirme qu\u2019elle a pu \u00eatre un obstacle \u00e0 sa lib\u00e9ration : \u00abJe pense, oui, d\u2019une certaine mani\u00e8re.\u00bb Mais il l\u2019assure, le patron des R\u00e9publicains est son \u00abami\u00bb et ils vont se voir \u00abdans les jours qui viennent\u00bb.<\/p>\n<p class=\"sc-cPiKLX AiZTS text-element\">Cette semaine, Boualem Sansal a dans son agenda plusieurs apparitions m\u00e9diatiques. Il sera, ce lundi 24 novembre, l\u2019invit\u00e9 de la matinale de France Inter \u00e0 8 h 20. D\u00e8s dimanche soir, la radio publique a publi\u00e9 sur son site un court extrait vid\u00e9o de son interview enregistr\u00e9e. \u00abLa prison, on peut s\u2019y habituer, il ne faut pas croire que c\u2019est si terrible que \u00e7a, dit l\u2019\u00e9crivain. On est oblig\u00e9 de garder sa souffrance pour soi. Les prisonniers ne communiquent pas sur \u00e7a, c\u2019est le silence. On pleure dans sa cellule, le soir, tout seul, dans sa t\u00eate.\u00bb<\/p>\n","protected":false},"excerpt":{"rendered":"\u00abJe vais bien.\u00bb Voil\u00e0 les premiers mots de l\u2019\u00e9crivain franco-alg\u00e9rien Boualem Sansal tout juste sorti des ge\u00f4les alg\u00e9riennes.&hellip;\n","protected":false},"author":2,"featured_media":554090,"comment_status":"","ping_status":"","sticky":false,"template":"","format":"standard","meta":{"footnotes":""},"categories":[2],"tags":[11,15,4142,1011,27,2400,12,25],"class_list":{"0":"post-554089","1":"post","2":"type-post","3":"status-publish","4":"format-standard","5":"has-post-thumbnail","7":"category-actualites","8":"tag-actualites","9":"tag-algerie","10":"tag-boualem-sansal","11":"tag-fr","12":"tag-france","13":"tag-france-televisions","14":"tag-news","15":"tag-republique-francaise"},"share_on_mastodon":{"url":"https:\/\/pubeurope.com\/@fr\/115601013857863272","error":""},"_links":{"self":[{"href":"https:\/\/www.europesays.com\/fr\/wp-json\/wp\/v2\/posts\/554089","targetHints":{"allow":["GET"]}}],"collection":[{"href":"https:\/\/www.europesays.com\/fr\/wp-json\/wp\/v2\/posts"}],"about":[{"href":"https:\/\/www.europesays.com\/fr\/wp-json\/wp\/v2\/types\/post"}],"author":[{"embeddable":true,"href":"https:\/\/www.europesays.com\/fr\/wp-json\/wp\/v2\/users\/2"}],"replies":[{"embeddable":true,"href":"https:\/\/www.europesays.com\/fr\/wp-json\/wp\/v2\/comments?post=554089"}],"version-history":[{"count":0,"href":"https:\/\/www.europesays.com\/fr\/wp-json\/wp\/v2\/posts\/554089\/revisions"}],"wp:featuredmedia":[{"embeddable":true,"href":"https:\/\/www.europesays.com\/fr\/wp-json\/wp\/v2\/media\/554090"}],"wp:attachment":[{"href":"https:\/\/www.europesays.com\/fr\/wp-json\/wp\/v2\/media?parent=554089"}],"wp:term":[{"taxonomy":"category","embeddable":true,"href":"https:\/\/www.europesays.com\/fr\/wp-json\/wp\/v2\/categories?post=554089"},{"taxonomy":"post_tag","embeddable":true,"href":"https:\/\/www.europesays.com\/fr\/wp-json\/wp\/v2\/tags?post=554089"}],"curies":[{"name":"wp","href":"https:\/\/api.w.org\/{rel}","templated":true}]}}