{"id":554094,"date":"2025-11-23T21:01:21","date_gmt":"2025-11-23T21:01:21","guid":{"rendered":"https:\/\/www.europesays.com\/fr\/554094\/"},"modified":"2025-11-23T21:01:21","modified_gmt":"2025-11-23T21:01:21","slug":"super-xiii-derby-limoux-carcassonne-un-arbitrage-qui-fait-debat-rugby-a-xiii","status":"publish","type":"post","link":"https:\/\/www.europesays.com\/fr\/554094\/","title":{"rendered":"Super XIII &#8211; Derby Limoux &#8211; Carcassonne : Un arbitrage qui fait d\u00e9bat &#8211; Rugby \u00e0 XIII"},"content":{"rendered":"<p style=\"text-align: justify;\"><strong>Alors que le XIII Limouxin a \u00e9t\u00e9 sanctionn\u00e9 d\u2019un carton rouge que la commission de discipline a d\u00e9cid\u00e9 de tout bonnement annuler, une autre action de ce derby fait toujours d\u00e9bat.<\/strong><\/p>\n<p style=\"text-align: justify;\">Valentin Yesa a \u00e9t\u00e9 blanchi pour un soi-disant coup de t\u00eate que <a href=\"https:\/\/treizemondial.fr\/discipline-super-xiii-pas-de-suspendu-apres-la-7eme-journee-valentin-yesa-blanchi\/\" target=\"_blank\" rel=\"noopener\">la commission de discipline a d\u00e9cid\u00e9 de classer pour absence de preuve.<\/a> Mais une autre action tout aussi importante peut l\u00e9gitimement faire enrager les joueurs locaux. En effet, le premier essai de la rencontre inscrit par Djibryl Dauliac n\u2019aurait jamais d\u00fb \u00eatre valid\u00e9 par l\u2019arbitre de la rencontre, M. Mickael Lannes.<\/p>\n<p style=\"text-align: justify;\">On jouait alors les toutes premi\u00e8res minutes de la rencontre, la quatri\u00e8me m\u00eame pour \u00eatre pr\u00e9cis. Alexis Alberola au cinqui\u00e8me tenu tapait un coup de pied \u00e0 suivre pour lui-m\u00eame. Il \u00e9tait le premier \u00e0 s\u2019en saisir avant de lib\u00e9rer pour son talonneur qui aplatissait sur la base de protection du poteau. L\u2019arbitre central de la rencontre, apr\u00e8s avoir expliqu\u00e9 aux joueurs que l\u2019essai \u00e9tait valable puisque aplati sur la protection du poteau, validait l\u2019essai et indiquait clairement sa d\u00e9cision au public en mimant le geste.<\/p>\n<p style=\"text-align: justify;\">Sauf que voil\u00e0, cette r\u00e8gle n\u2019existe pas au rugby \u00e0 XIII (et n\u2019existe d\u2019ailleurs plus en rugby \u00e0 XV depuis 2020). Elle est pr\u00e9cis\u00e9e noir sur blanc dans les r\u00e8gles du jeu :<\/p>\n<blockquote>\n<p style=\"text-align: justify;\">\u00c9tant donn\u00e9 que les lignes de but sont elles-m\u00eames situ\u00e9es dans l\u2019en-but, un essai peut \u00eatre marqu\u00e9 par un joueur attaquant s\u2019il pose le ballon sur la ligne de but mais pas si le ballon est pos\u00e9 dans le champ de jeu au pied d\u2019un poteau de but.<\/p>\n<\/blockquote>\n<p style=\"text-align: justify;\">Bien que les erreurs d\u2019arbitrages fassent partie int\u00e9grante du sport, les arbitres tout comme les joueurs peuvent en effet faire des erreurs d\u2019appr\u00e9ciations ou de jugement. Les erreurs de r\u00e8glement sont beaucoup moins excusables et tol\u00e9rables \u00e0 ce niveau.<\/p>\n","protected":false},"excerpt":{"rendered":"Alors que le XIII Limouxin a \u00e9t\u00e9 sanctionn\u00e9 d\u2019un carton rouge que la commission de discipline a d\u00e9cid\u00e9&hellip;\n","protected":false},"author":2,"featured_media":554095,"comment_status":"","ping_status":"","sticky":false,"template":"","format":"standard","meta":{"footnotes":""},"categories":[1416],"tags":[8487,1011,27,479,2228,1468,2229,60,2231],"class_list":{"0":"post-554094","1":"post","2":"type-post","3":"status-publish","4":"format-standard","5":"has-post-thumbnail","7":"category-rugby","8":"tag-arbitrage","9":"tag-fr","10":"tag-france","11":"tag-rugby","12":"tag-rugby-a-xiii","13":"tag-rugby-football","14":"tag-rugby-league","15":"tag-sports","16":"tag-super-xiii"},"share_on_mastodon":{"url":"https:\/\/pubeurope.com\/@fr\/115601033270205570","error":""},"_links":{"self":[{"href":"https:\/\/www.europesays.com\/fr\/wp-json\/wp\/v2\/posts\/554094","targetHints":{"allow":["GET"]}}],"collection":[{"href":"https:\/\/www.europesays.com\/fr\/wp-json\/wp\/v2\/posts"}],"about":[{"href":"https:\/\/www.europesays.com\/fr\/wp-json\/wp\/v2\/types\/post"}],"author":[{"embeddable":true,"href":"https:\/\/www.europesays.com\/fr\/wp-json\/wp\/v2\/users\/2"}],"replies":[{"embeddable":true,"href":"https:\/\/www.europesays.com\/fr\/wp-json\/wp\/v2\/comments?post=554094"}],"version-history":[{"count":0,"href":"https:\/\/www.europesays.com\/fr\/wp-json\/wp\/v2\/posts\/554094\/revisions"}],"wp:featuredmedia":[{"embeddable":true,"href":"https:\/\/www.europesays.com\/fr\/wp-json\/wp\/v2\/media\/554095"}],"wp:attachment":[{"href":"https:\/\/www.europesays.com\/fr\/wp-json\/wp\/v2\/media?parent=554094"}],"wp:term":[{"taxonomy":"category","embeddable":true,"href":"https:\/\/www.europesays.com\/fr\/wp-json\/wp\/v2\/categories?post=554094"},{"taxonomy":"post_tag","embeddable":true,"href":"https:\/\/www.europesays.com\/fr\/wp-json\/wp\/v2\/tags?post=554094"}],"curies":[{"name":"wp","href":"https:\/\/api.w.org\/{rel}","templated":true}]}}