{"id":554098,"date":"2025-11-23T21:07:19","date_gmt":"2025-11-23T21:07:19","guid":{"rendered":"https:\/\/www.europesays.com\/fr\/554098\/"},"modified":"2025-11-23T21:07:19","modified_gmt":"2025-11-23T21:07:19","slug":"lars-boven-met-la-route-de-cote-actualite","status":"publish","type":"post","link":"https:\/\/www.europesays.com\/fr\/554098\/","title":{"rendered":"Lars Boven met la route de c\u00f4t\u00e9 &#8211; Actualit\u00e9"},"content":{"rendered":"<p style=\"text-align: justify;\"><strong><a href=\"https:\/\/www.directvelo.com\/coureur\/25354\/lars-boven\" target=\"_blank\" rel=\"noopener\">Lars Boven<\/a><\/strong>\u00a0ne sera plus dans les pelotons professionnels sur la route. Le coureur d&rsquo;Alpecin-Deceuninck annonce mettre sa carri\u00e8re entre parenth\u00e8ses.<\/p>\n<p>\u00ab\u00a0Apr\u00e8s deux ans remplis de revers, j&rsquo;ai perdu l&rsquo;amour pour ce sport, n\u00e9cessaire pour rivaliser au plus haut niveau. Au fond de mon esprit, je le savais depuis un certain temps d\u00e9j\u00e0. Quant \u00e0 l&rsquo;ann\u00e9e prochaine, je ne sais pas \u00e0 quoi \u00e7a ressemblera. J&rsquo;adore toujours faire du v\u00e9lo, alors je pr\u00e9vois de faire des courses de gravel\u00a0\u00bb, explique le N\u00e9erlandais, qui ne va pas donc pas compl\u00e8tement ranger le v\u00e9lo.<\/p>\n<p>Lars Boven, 24 ans, a termin\u00e9 15e du Championnat des Pays-Bas et d&rsquo;une \u00e9tape du Tour Down Under cette saison. Par le pass\u00e9, chez les Juniors, il a \u00e9t\u00e9 Champion des Pays-Bas du chrono et m\u00e9daill\u00e9 d&rsquo;argent au Championnat d&rsquo;Europe dans la discipline, 2e de la Classique des Alpes et du Tour du Pays de Vaud, ou encore 3e de Paris-Roubaix.<\/p>\n<p>Ensuite, il a remport\u00e9 une \u00e9tape du\u00a0Baltique-Monts des G\u00e9ants (2.2), une \u00e9tape du Troph\u00e9e du Printemps d&rsquo;Istrie (2.2), ainsi que le Flanders Tomorrow Tour, avec un succ\u00e8s d&rsquo;\u00e9tape, \u00e0 chaque fois sous les couleurs de la Conti de Visma-Lease a Bike.<\/p>\n","protected":false},"excerpt":{"rendered":"Lars Boven\u00a0ne sera plus dans les pelotons professionnels sur la route. Le coureur d&rsquo;Alpecin-Deceuninck annonce mettre sa carri\u00e8re&hellip;\n","protected":false},"author":2,"featured_media":554099,"comment_status":"","ping_status":"","sticky":false,"template":"","format":"standard","meta":{"footnotes":""},"categories":[1411],"tags":[834,828,836,829,837,827,83,826,824,823,1154,207,814,817,815,816,822,821,832,211,839,1011,27,820,818,819,835,831,830,833,838,60,212,208,825],"class_list":{"0":"post-554098","1":"post","2":"type-post","3":"status-publish","4":"format-standard","5":"has-post-thumbnail","7":"category-cyclisme","8":"tag-attaque","9":"tag-belgique","10":"tag-braquet","11":"tag-bretagne","12":"tag-chute","13":"tag-competition","14":"tag-coupe-de-france","15":"tag-coureur","16":"tag-course-cyclisme","17":"tag-course-cycliste","18":"tag-cycling","19":"tag-cyclisme","20":"tag-direct","21":"tag-direct-velo","22":"tag-directvelo","23":"tag-directvelo-com","24":"tag-epreuve","25":"tag-epreuve-cycliste","26":"tag-federation-francaise-de-cyclisme","27":"tag-ffc","28":"tag-flandres","29":"tag-fr","30":"tag-france","31":"tag-live","32":"tag-live-course","33":"tag-live-epreuve","34":"tag-peloton","35":"tag-radio-peloton","36":"tag-radio-tour","37":"tag-ravitaillement","38":"tag-relance","39":"tag-sports","40":"tag-uci","41":"tag-velo","42":"tag-velos"},"share_on_mastodon":{"url":"https:\/\/pubeurope.com\/@fr\/115601056917810911","error":""},"_links":{"self":[{"href":"https:\/\/www.europesays.com\/fr\/wp-json\/wp\/v2\/posts\/554098","targetHints":{"allow":["GET"]}}],"collection":[{"href":"https:\/\/www.europesays.com\/fr\/wp-json\/wp\/v2\/posts"}],"about":[{"href":"https:\/\/www.europesays.com\/fr\/wp-json\/wp\/v2\/types\/post"}],"author":[{"embeddable":true,"href":"https:\/\/www.europesays.com\/fr\/wp-json\/wp\/v2\/users\/2"}],"replies":[{"embeddable":true,"href":"https:\/\/www.europesays.com\/fr\/wp-json\/wp\/v2\/comments?post=554098"}],"version-history":[{"count":0,"href":"https:\/\/www.europesays.com\/fr\/wp-json\/wp\/v2\/posts\/554098\/revisions"}],"wp:featuredmedia":[{"embeddable":true,"href":"https:\/\/www.europesays.com\/fr\/wp-json\/wp\/v2\/media\/554099"}],"wp:attachment":[{"href":"https:\/\/www.europesays.com\/fr\/wp-json\/wp\/v2\/media?parent=554098"}],"wp:term":[{"taxonomy":"category","embeddable":true,"href":"https:\/\/www.europesays.com\/fr\/wp-json\/wp\/v2\/categories?post=554098"},{"taxonomy":"post_tag","embeddable":true,"href":"https:\/\/www.europesays.com\/fr\/wp-json\/wp\/v2\/tags?post=554098"}],"curies":[{"name":"wp","href":"https:\/\/api.w.org\/{rel}","templated":true}]}}