{"id":554110,"date":"2025-11-23T21:19:22","date_gmt":"2025-11-23T21:19:22","guid":{"rendered":"https:\/\/www.europesays.com\/fr\/554110\/"},"modified":"2025-11-23T21:19:22","modified_gmt":"2025-11-23T21:19:22","slug":"cette-familiale-hybride-de-la-taille-dune-passat-variant-coute-deux-fois-moins-cher-et-devient-lanti-suv-parfait-avec-son-label-zero-emissions","status":"publish","type":"post","link":"https:\/\/www.europesays.com\/fr\/554110\/","title":{"rendered":"Cette familiale hybride de la taille d&rsquo;une Passat Variant co\u00fbte deux fois moins cher et devient l&rsquo;anti-SUV parfait avec son label Z\u00c9RO \u00e9missions"},"content":{"rendered":"<p>Alors que les SUV envahissent le march\u00e9, les breaks se font de plus en plus rares. Et pourtant, certaines marques venues d\u2019Asie n\u2019ont pas dit leur dernier mot. C\u2019est le cas de <strong>BYD<\/strong>, le g\u00e9ant chinois de l\u2019\u00e9lectrification, qui lance ce mois-ci sa <strong>Seal 6 Touring<\/strong>, une version break de sa berline hybride rechargeable. <strong>Un mod\u00e8le spacieux, bien motoris\u00e9 et dot\u00e9 d\u2019une autonomie \u00e9lectrique suffisante pour le quotidien<\/strong>, qui pourrait s\u00e9duire bien au-del\u00e0 des habitu\u00e9s du genre.<\/p>\n<p><img fetchpriority=\"high\" decoding=\"async\" class=\"size-full wp-image-27505 webpexpress-processed\" src=\"data:image\/svg+xml,%3Csvg%20xmlns=\" http:=\"\" alt=\"BYD Seal 6 Touring vue de profil, break hybride rechargeable avec jantes a\u00e9rodynamiques  \" width=\"1200\" height=\"675\" data-lazy- data-lazy- data-lazy-src=\"https:\/\/www.europesays.com\/fr\/wp-content\/uploads\/2025\/11\/byd-seal-6-dm-i-touring-2025-01.jpg\"\/>La silhouette fluide du break BYD Seal 6 Touring rappelle les lignes d\u2019un shooting brake, tout en pr\u00e9servant un grand volume utile et une allure statutaire. \u00a9 BYD<\/p>\n<p>Mais c\u2019est surtout <strong>par son prix que le mod\u00e8le intrigue<\/strong>. Gr\u00e2ce \u00e0 une offre commerciale valable jusqu\u2019au 30 novembre, la Seal 6 Touring est propos\u00e9e \u00e0 un tarif qui la place <strong>en concurrence directe avec des mod\u00e8les compacts g\u00e9n\u00e9ralistes<\/strong>, sans m\u00eame compter les aides publiques \u00e0 l\u2019\u00e9lectrification. De quoi repositionner compl\u00e8tement l\u2019id\u00e9e qu\u2019on se fait d\u2019un break plug-in.<\/p>\n<p>Encore confidentielle en France, la marque BYD poursuit ainsi son offensive avec des produits de plus en plus vari\u00e9s. Apr\u00e8s les SUV et les berlines \u00e9lectriques, place \u00e0 une offre <strong>hybride rechargeable \u00e0 la fois rationnelle et audacieuse<\/strong>, avec une carrosserie break parfaitement adapt\u00e9e aux besoins familiaux et professionnels.<\/p>\n<blockquote class=\"wp-embedded-content\" data-secret=\"9IfY2JG2M1\">\n<p><a href=\"https:\/\/www.passionandcar.fr\/2025\/11\/23\/renault-duster-ce-faux-dacia-cache-un-vrai-4x4-low-cost-qui-pourrait-revolutionner-le-marche-francais-si-la-marque-au-losange-osait-limporter\/\" rel=\"nofollow noopener\" target=\"_blank\">Renault Duster : ce faux Dacia cache un vrai 4\u00d74 low cost qui pourrait r\u00e9volutionner le march\u00e9 fran\u00e7ais si la marque au losange osait l\u2019importer<\/a><\/p>\n<\/blockquote>\n<p><img loading=\"lazy\" decoding=\"async\" class=\"size-full wp-image-27506 webpexpress-processed\" src=\"data:image\/svg+xml,%3Csvg%20xmlns=\" http:=\"\" alt=\" Face avant de la BYD Seal 6 DM-i Touring avec feux LED et calandre ferm\u00e9e\" width=\"1200\" height=\"675\" data-lazy- data-lazy- data-lazy-src=\"https:\/\/www.europesays.com\/fr\/wp-content\/uploads\/2025\/11\/byd-seal-6-dm-i-touring-2025-02-1.jpg\"\/>Le design \u00e9pur\u00e9 de la face avant, avec ses optiques effil\u00e9es et sa calandre car\u00e9n\u00e9e, signe l\u2019ADN \u00e9lectrique de BYD, m\u00eame en version hybride rechargeable. \u00a9 BYD<br \/>\n<strong>Une raret\u00e9 sur le segment des breaks hybrides rechargeables<\/strong><\/p>\n<p>Alors que les constructeurs g\u00e9n\u00e9ralistes d\u00e9laissent progressivement le format break au profit des SUV, <strong>BYD ose le contre-pied<\/strong>. Avec la <strong>Seal 6 DM-i Touring<\/strong>, le g\u00e9ant chinois propose une silhouette familiale classique \u2014 break long, ligne fluide, grand coffre \u2014 associ\u00e9e \u00e0 une motorisation hybride rechargeable moderne. <strong>Une proposition devenue rare, presque unique, sur un segment d\u00e9sert\u00e9<\/strong>, o\u00f9 les r\u00e9f\u00e9rences comme les Peugeot 508 SW PHEV, Skoda Superb Combi iV ou encore Volkswagen Passat GTE sont en fin de cycle ou absentes du march\u00e9.<\/p>\n<p>Ce mod\u00e8le est la d\u00e9clinaison break de la berline BYD Seal 6. Il mesure <strong>4,78 m de long<\/strong>, affiche un empattement g\u00e9n\u00e9reux de <strong>2,77 m<\/strong> et propose un coffre autour de <strong>500 litres<\/strong>, selon les versions. Le tout dans une <strong>carrosserie au style sobre mais efficace<\/strong>, bien dans l\u2019air du temps, sans exc\u00e8s de chrome ni artifice inutile.<\/p>\n<p><img loading=\"lazy\" decoding=\"async\" class=\"size-full wp-image-27507 webpexpress-processed\" src=\"data:image\/svg+xml,%3Csvg%20xmlns=\" http:=\"\" alt=\"Int\u00e9rieur de la BYD Seal 6 avec \u00e9cran central rotatif et finitions haut de gamme \" width=\"1200\" height=\"800\" data-lazy- data-lazy- data-lazy-src=\"https:\/\/www.europesays.com\/fr\/wp-content\/uploads\/2025\/11\/byd-seal-6-dm-i-touring-2025-03-1.jpg\"\/>L\u2019habitacle se veut moderne et technologique, avec un grand \u00e9cran tactile rotatif de 15,6 pouces, des mat\u00e9riaux valorisants et une interface \u00e9pur\u00e9e. \u00a9 BYD<br \/>\n<strong>Technologie DM-i : hybride rechargeable \u00e0 double facette<\/strong><\/p>\n<p>La BYD Seal 6 Touring repose sur la <strong>technologie DM-i<\/strong>, propre \u00e0 BYD. Il s\u2019agit d\u2019une <strong>motorisation hybride rechargeable centr\u00e9e sur l\u2019efficience<\/strong>, capable de rouler longuement en \u00e9lectrique tout en sollicitant tr\u00e8s peu le moteur thermique sur les trajets quotidiens.<\/p>\n<blockquote class=\"wp-embedded-content\" data-secret=\"AAb3G70Foc\">\n<p><a href=\"https:\/\/www.passionandcar.fr\/2025\/11\/23\/mg-zs-hybrid-vs-byd-atto-2-dm-i-lequel-est-le-meilleur-suv-hybride-compact-a-moins-de-25-000-e\/\" rel=\"nofollow noopener\" target=\"_blank\">MG ZS Hybrid+ vs BYD Atto 2 DM-i : lequel est le meilleur SUV hybride compact \u00e0 moins de 25 000 \u20ac ?<\/a><\/p>\n<\/blockquote>\n<p>Trois versions sont propos\u00e9es en France :<\/p>\n<tr>\nFinition<br \/>\nPrix TTC<br \/>\nBatterie utile<br \/>\nAutonomie \u00e9lectrique (WLTP)<br \/>\nPuissance cumul\u00e9e<br \/>\n<\/tr>\n<tr>\n<td>Boost<\/td>\n<td>39\u202f990 \u20ac<\/td>\n<td>10,1 kWh<\/td>\n<td>70 km<\/td>\n<td>183 ch<\/td>\n<\/tr>\n<tr>\n<td>Comfort Lite<\/td>\n<td>43\u202f990 \u20ac<\/td>\n<td>19 kWh<\/td>\n<td>100 km<\/td>\n<td>212 ch<\/td>\n<\/tr>\n<tr>\n<td>Comfort<\/td>\n<td>44\u202f990 \u20ac<\/td>\n<td>19 kWh<\/td>\n<td>100 km<\/td>\n<td>212 ch<\/td>\n<\/tr>\n<p>La version <strong>Boost<\/strong> constitue l\u2019entr\u00e9e de gamme, avec une <strong>batterie de 10,1 kWh<\/strong>, suffisante pour couvrir les trajets urbains en mode 100 % \u00e9lectrique. Les versions <strong>Comfort Lite<\/strong> et <strong>Comfort<\/strong> passent \u00e0 une <strong>batterie de 19 kWh<\/strong>, offrant jusqu\u2019\u00e0 <strong>100 km d\u2019autonomie \u00e9lectrique<\/strong>, un record dans cette cat\u00e9gorie, tout en b\u00e9n\u00e9ficiant d\u2019une <strong>puissance cumul\u00e9e de 212 ch<\/strong>.<\/p>\n<p>Le syst\u00e8me DM-i permet \u00e9galement des <strong>consommations mixtes basses<\/strong> : BYD annonce entre <strong>0,9 et 1,4 l\/100 km en usage combin\u00e9<\/strong>, en fonction de la capacit\u00e9 de batterie.<\/p>\n<p><img loading=\"lazy\" decoding=\"async\" class=\"size-full wp-image-27508 webpexpress-processed\" src=\"data:image\/svg+xml,%3Csvg%20xmlns=\" http:=\"\" alt=\"Coffre de la BYD Seal 6 Touring ouvert, break familial avec seuil bas  \" width=\"1200\" height=\"675\" data-lazy- data-lazy- data-lazy-src=\"https:\/\/www.europesays.com\/fr\/wp-content\/uploads\/2025\/11\/byd-seal-6-dm-i-touring-2025-05-1.jpg\"\/>: Le coffre de la Seal 6 Touring affiche un volume de pr\u00e8s de 500 litres, avec un seuil bas et une ouverture large, facilitant le chargement quotidien. \u00a9 BYD<br \/>\n<strong>Un break spacieux et familial, bien \u00e9quip\u00e9 de s\u00e9rie<\/strong><\/p>\n<p>Contrairement \u00e0 de nombreux mod\u00e8les d\u2019entr\u00e9e de gamme, la BYD Seal 6 Touring mise sur un <strong>\u00e9quipement complet d\u00e8s la version Boost<\/strong>. De s\u00e9rie, on retrouve :<\/p>\n<ul>\n<li>L\u2019\u00e9cran central de 15,6 pouces rotatif (mode portrait\/paysage)<\/li>\n<li>Le combin\u00e9 num\u00e9rique 8,8 pouces<\/li>\n<li>La pompe \u00e0 chaleur<\/li>\n<li>Les si\u00e8ges \u00e9lectriques et chauffants<\/li>\n<li>La climatisation automatique bi-zone<\/li>\n<li>Le r\u00e9gulateur de vitesse adaptatif<\/li>\n<li>Les aides \u00e0 la conduite (freinage d\u2019urgence, maintien de voie, alerte d\u2019angle mort\u2026)<\/li>\n<\/ul>\n<p><img loading=\"lazy\" decoding=\"async\" class=\"size-full wp-image-27509 webpexpress-processed\" src=\"data:image\/svg+xml,%3Csvg%20xmlns=\" http:=\"\" alt=\"Banquette arri\u00e8re de la BYD Seal 6 Touring avec sellerie claire et espace g\u00e9n\u00e9reux  \" width=\"1200\" height=\"675\" data-lazy- data-lazy- data-lazy-src=\"https:\/\/www.europesays.com\/fr\/wp-content\/uploads\/2025\/11\/byd-seal-6-dm-i-touring-2025-06-1.jpg\"\/>\u00c0 l\u2019arri\u00e8re, l\u2019espace aux jambes est g\u00e9n\u00e9reux pour un break du segment D, avec une banquette confortable et un tunnel central quasi inexistant. \u00a9 BYD<\/p>\n<p>Les finitions Comfort et Comfort Lite ajoutent notamment la <strong>cam\u00e9ra 360\u00b0, la sellerie vegan plus qualitative, le toit ouvrant panoramique, la recharge induction<\/strong>, et diverses assistances avanc\u00e9es.<\/p>\n<p>L\u2019espace \u00e0 bord est bien pens\u00e9, avec une <strong>banquette arri\u00e8re accueillante<\/strong>, une <strong>modularit\u00e9 classique mais efficace<\/strong>, et une insonorisation soign\u00e9e. Le syst\u00e8me audio est sign\u00e9 <strong>DIRAC<\/strong>, marque haut de gamme encore peu connue en Europe, mais r\u00e9put\u00e9e en Asie.<\/p>\n<p><img loading=\"lazy\" decoding=\"async\" class=\"size-full wp-image-27510 webpexpress-processed\" src=\"data:image\/svg+xml,%3Csvg%20xmlns=\" http:=\"\" alt=\"Vue arri\u00e8re de la BYD Seal 6 Touring avec bande LED et hayon inclin\u00e9\" width=\"1200\" height=\"675\" data-lazy- data-lazy- data-lazy-src=\"https:\/\/www.europesays.com\/fr\/wp-content\/uploads\/2025\/11\/byd-seal-6-dm-i-touring-2025-04-1.jpg\"\/>L\u2019arri\u00e8re du break se distingue par une bande lumineuse traversante et un hayon fuyant, favorisant l\u2019a\u00e9rodynamisme sans sacrifier l\u2019acc\u00e8s au coffre. \u00a9 BYD<br \/>\n<strong>Une promotion cibl\u00e9e, un positionnement strat\u00e9gique<\/strong><\/p>\n<p>Le plus impressionnant, c\u2019est peut-\u00eatre son <strong>positionnement tarifaire en France<\/strong>. Alors que les breaks hybrides rechargeables concurrents flirtent tous avec les <strong>50 000 \u20ac voire plus<\/strong>, BYD frappe fort :<\/p>\n<ul>\n<li><strong>BYD Seal 6 Touring Boost : \u00c0 partir de 39 900 \u20ac TTC<\/strong><\/li>\n<li><strong>Comfort Lite : 43 990 \u20ac<\/strong><\/li>\n<li><strong>Comfort : 44 990 \u20ac<\/strong><\/li>\n<\/ul>\n<p>Avec les <strong>bonus du dispositif \u00e9cologique (jusqu\u2019\u00e0 5 000 \u20ac)<\/strong> et la <strong>prime \u00e0 la conversion<\/strong>, certains acheteurs pourraient acc\u00e9der \u00e0 ce break PHEV \u00e0 <strong>un tarif proche de 34 990 \u20ac<\/strong>, un niveau in\u00e9dit pour ce type de v\u00e9hicule.<\/p>\n<p>Face \u00e0 cela, les Peugeot 508 SW PHEV, Skoda Octavia Combi RS iV ou m\u00eame certaines berlines compactes paraissent moins comp\u00e9titives \u00e0 \u00e9quipement \u00e9quivalent. <strong>BYD vise clairement les familles, les gros rouleurs et les pros<\/strong> qui ne veulent pas du format SUV mais recherchent <strong>polyvalence, efficience et co\u00fbt ma\u00eetris\u00e9<\/strong>.<\/p>\n","protected":false},"excerpt":{"rendered":"Alors que les SUV envahissent le march\u00e9, les breaks se font de plus en plus rares. Et pourtant,&hellip;\n","protected":false},"author":2,"featured_media":554111,"comment_status":"","ping_status":"","sticky":false,"template":"","format":"standard","meta":{"footnotes":""},"categories":[6],"tags":[35,15191,33,34,1011,27],"class_list":{"0":"post-554110","1":"post","2":"type-post","3":"status-publish","4":"format-standard","5":"has-post-thumbnail","7":"category-economie","8":"tag-business","9":"tag-byd","10":"tag-economie","11":"tag-economy","12":"tag-fr","13":"tag-france"},"share_on_mastodon":{"url":"https:\/\/pubeurope.com\/@fr\/115601104247705808","error":""},"_links":{"self":[{"href":"https:\/\/www.europesays.com\/fr\/wp-json\/wp\/v2\/posts\/554110","targetHints":{"allow":["GET"]}}],"collection":[{"href":"https:\/\/www.europesays.com\/fr\/wp-json\/wp\/v2\/posts"}],"about":[{"href":"https:\/\/www.europesays.com\/fr\/wp-json\/wp\/v2\/types\/post"}],"author":[{"embeddable":true,"href":"https:\/\/www.europesays.com\/fr\/wp-json\/wp\/v2\/users\/2"}],"replies":[{"embeddable":true,"href":"https:\/\/www.europesays.com\/fr\/wp-json\/wp\/v2\/comments?post=554110"}],"version-history":[{"count":0,"href":"https:\/\/www.europesays.com\/fr\/wp-json\/wp\/v2\/posts\/554110\/revisions"}],"wp:featuredmedia":[{"embeddable":true,"href":"https:\/\/www.europesays.com\/fr\/wp-json\/wp\/v2\/media\/554111"}],"wp:attachment":[{"href":"https:\/\/www.europesays.com\/fr\/wp-json\/wp\/v2\/media?parent=554110"}],"wp:term":[{"taxonomy":"category","embeddable":true,"href":"https:\/\/www.europesays.com\/fr\/wp-json\/wp\/v2\/categories?post=554110"},{"taxonomy":"post_tag","embeddable":true,"href":"https:\/\/www.europesays.com\/fr\/wp-json\/wp\/v2\/tags?post=554110"}],"curies":[{"name":"wp","href":"https:\/\/api.w.org\/{rel}","templated":true}]}}