{"id":554139,"date":"2025-11-23T21:42:26","date_gmt":"2025-11-23T21:42:26","guid":{"rendered":"https:\/\/www.europesays.com\/fr\/554139\/"},"modified":"2025-11-23T21:42:26","modified_gmt":"2025-11-23T21:42:26","slug":"ligue-1-defense-marquage-coup-franc-ces-petits-details-qui-coutent-cher-au-racing-club-de-strasbourg","status":"publish","type":"post","link":"https:\/\/www.europesays.com\/fr\/554139\/","title":{"rendered":"Ligue 1. D\u00e9fense, marquage, coup franc&#8230; Ces \u00ab\u200apetits d\u00e9tails\u200a\u00bb qui co\u00fbtent cher au Racing Club de Strasbourg"},"content":{"rendered":"<p>\u00ab\u00a0Tu peux perdre un match sur des d\u00e9tails, mais pas cinq. Tu peux en perdre deux, \u00e0 la rigueur, mais pas cinq\u2026\u00a0\u00bb<\/p>\n<p>Pour paraphraser Jean-Paul Rouve, alias Jeff Tuche dans la com\u00e9die culte, le <a href=\"https:\/\/www.dna.fr\/sport\/rcsa-racing-club-strasbourg\" target=\"_blank\" rel=\"noopener\">Racing<\/a> de <a href=\"https:\/\/www.dna.fr\/p\/liam-rosenior\" target=\"_blank\" rel=\"noopener\">Liam Rosenior<\/a> se r\u00e9p\u00e8te souvent. Sauf que le comique de r\u00e9p\u00e9tition ne fait plus rire grand monde dans les rangs alsaciens.<\/p>\n<p>En treize journ\u00e9es, les Bleus ont donc perdu \u00e0 cinq reprises, souvent \u00e0 cause de menues broutilles, si l\u2019on se fie aux analyses d\u2019apr\u00e8s-match. Ce discours positif laisse entendre que la victoire \u00e9tait \u00e0 port\u00e9e de&#8230;<\/p>\n","protected":false},"excerpt":{"rendered":"\u00ab\u00a0Tu peux perdre un match sur des d\u00e9tails, mais pas cinq. Tu peux en perdre deux, \u00e0 la&hellip;\n","protected":false},"author":2,"featured_media":554140,"comment_status":"","ping_status":"","sticky":false,"template":"","format":"standard","meta":{"footnotes":""},"categories":[2820],"tags":[328,1111,11,2880,1777,674,63,1011,27,775,12,41281,25,517,640,2879],"class_list":{"0":"post-554139","1":"post","2":"type-post","3":"status-publish","4":"format-standard","5":"has-post-thumbnail","7":"category-strasbourg","8":"tag-a-la-une","9":"tag-actu","10":"tag-actualites","11":"tag-edition-strasbourg","12":"tag-eu","13":"tag-europe","14":"tag-football","15":"tag-fr","16":"tag-france","17":"tag-grand-est","18":"tag-news","19":"tag-racing-club-strasbourg-masculin","20":"tag-republique-francaise","21":"tag-sport","22":"tag-strasbourg","23":"tag-strasbourg-ville"},"share_on_mastodon":{"url":"https:\/\/pubeurope.com\/@fr\/115601194534176078","error":""},"_links":{"self":[{"href":"https:\/\/www.europesays.com\/fr\/wp-json\/wp\/v2\/posts\/554139","targetHints":{"allow":["GET"]}}],"collection":[{"href":"https:\/\/www.europesays.com\/fr\/wp-json\/wp\/v2\/posts"}],"about":[{"href":"https:\/\/www.europesays.com\/fr\/wp-json\/wp\/v2\/types\/post"}],"author":[{"embeddable":true,"href":"https:\/\/www.europesays.com\/fr\/wp-json\/wp\/v2\/users\/2"}],"replies":[{"embeddable":true,"href":"https:\/\/www.europesays.com\/fr\/wp-json\/wp\/v2\/comments?post=554139"}],"version-history":[{"count":0,"href":"https:\/\/www.europesays.com\/fr\/wp-json\/wp\/v2\/posts\/554139\/revisions"}],"wp:featuredmedia":[{"embeddable":true,"href":"https:\/\/www.europesays.com\/fr\/wp-json\/wp\/v2\/media\/554140"}],"wp:attachment":[{"href":"https:\/\/www.europesays.com\/fr\/wp-json\/wp\/v2\/media?parent=554139"}],"wp:term":[{"taxonomy":"category","embeddable":true,"href":"https:\/\/www.europesays.com\/fr\/wp-json\/wp\/v2\/categories?post=554139"},{"taxonomy":"post_tag","embeddable":true,"href":"https:\/\/www.europesays.com\/fr\/wp-json\/wp\/v2\/tags?post=554139"}],"curies":[{"name":"wp","href":"https:\/\/api.w.org\/{rel}","templated":true}]}}