{"id":55426,"date":"2025-04-26T22:30:08","date_gmt":"2025-04-26T22:30:08","guid":{"rendered":"https:\/\/www.europesays.com\/fr\/55426\/"},"modified":"2025-04-26T22:30:08","modified_gmt":"2025-04-26T22:30:08","slug":"les-raisons-de-leur-colere","status":"publish","type":"post","link":"https:\/\/www.europesays.com\/fr\/55426\/","title":{"rendered":"les raisons de leur col\u00e8re"},"content":{"rendered":"<p>            Par<br \/>\n        <strong><br \/>\n            <a href=\"https:\/\/actu.fr\/auteur\/constance-viot\" title=\"Consulter tous les articles de Constance Viot\" rel=\"nofollow noopener\" target=\"_blank\">Constance Viot<\/a><br \/>\n        <\/strong><\/p>\n<p>        Publi\u00e9 le<\/p>\n<p>            26 avr. 2025 \u00e0 16h18        <\/p>\n<p>\u00ab\u00a0Nous voulons sensibiliser le public toulousain au d\u00e9clin du m\u00e9tier d\u2019apiculteur, et \u00e0 la n\u00e9cessit\u00e9 urgente de prot\u00e9ger les pollinisateurs\u00a0\u00bb, annonce d\u2019embl\u00e9e <strong>Thierry Vincent, pr\u00e9sident du Syndicat d\u2019Apiculture M\u00e9ridionale.<\/strong><\/p>\n<p>Mobilisation \u00e0 Toulouse\u00a0<\/p>\n<p class=\" wall-content\"><strong>Le 27 avril 2025, les apiculteurs de la r\u00e9gion Occitanie<\/strong> pr\u00e9voient de se rassembler \u00e0 Toulouse, au march\u00e9 Saint Aubin, pour exprimer <strong>leur opposition \u00e0 la loi Duplomb<\/strong> qu\u2019ils estiment favorable au retour de <strong>certains pesticides.\u00a0<\/strong><\/p>\n<p class=\" wall-content\">Le texte pr\u00e9voit notamment de r\u00e9introduire en France des pesticides n\u00e9onicotino\u00efdes autoris\u00e9s ailleurs en Europe.<\/p>\n<p class=\" wall-content\">Le syndicat qui rassemble aussi bien des apiculteurs, amateurs ou professionnels ou pluriactifs, d\u00e9nonce un texte qui, \u00ab\u00a0sous couvert de simplification, revient sur 20 ans de lutte pour l\u2019interdiction des n\u00e9onicotino\u00efdes, des substances dont la toxicit\u00e9 pour les abeilles et les pollinisateurs est bien document\u00e9e\u00a0\u00bb.\u00a0<\/p>\n<p>Un retour en arri\u00e8re \u00e9cologique\u00a0<\/p>\n<p class=\" wall-content\">Ce rassemblement s\u2019inscrit dans un mouvement national impuls\u00e9 par l\u2019Union Nationale de l\u2019Apiculture Fran\u00e7aise (UNAF) et ses partenaires. L\u2019objectif est de dire non \u00e0 la proposition de loi Duplomb. Un texte adopt\u00e9 par le S\u00e9nat en janvier dernier et qui menace, selon les apiculteurs, \u00ab\u00a0la biodiversit\u00e9, la sant\u00e9 publique et l\u2019avenir de l\u2019apiculture fran\u00e7aise\u00a0\u00bb.\u00a0<\/p>\n<p>Vid\u00e9os : en ce moment sur Actu<\/p>\n<p class=\" wall-content\">Pr\u00e9sent\u00e9e sous le titre \u00ab\u00a0Lever les contraintes \u00e0 l\u2019exercice du m\u00e9tier d\u2019agriculteur\u00a0\u00bb, la loi Duplomb est d\u00e9cri\u00e9e comme un cheval de Troie pour faire passer un ensemble de mesures qui <strong>affaiblissent les r\u00e9glementations environnementales<\/strong>. Pour Thierry Vincent, pr\u00e9sident du Syndicat d\u2019Apiculture M\u00e9ridionale, cette loi est d\u2019abord \u00ab\u00a0une tentative d\u2019acheter la paix sociale apr\u00e8s les r\u00e9cents mouvements agricoles\u00a0\u00bb.\u00a0<\/p>\n<p>Abeilles et pesticides, une catastrophe annonc\u00e9e<\/p>\n<p class=\" wall-content\">Outre le retour possible de ces insecticides, la loi faciliterait \u00e9galement l\u2019\u00e9pandage de pesticides par drones et <strong>diminuerait le poids des crit\u00e8res de sant\u00e9<\/strong> dans les d\u00e9cisions de l\u2019ANSES. Thierry Vincent insiste : \u00ab\u00a0Des alternatives existent, certes avec un impact sur les rendements, mais elles prot\u00e8gent la sant\u00e9 et l\u2019avenir\u00a0\u00bb. Il critique une vision productiviste \u00e0 courte vue du gouvernement.\u00a0<\/p>\n<p class=\" wall-content\">Dans un contexte de libre-\u00e9change, les apiculteurs d\u00e9noncent <strong>une politique incoh\u00e9rente<\/strong> : \u00ab\u00a0Ce n\u2019est pas en autorisant ces substances en France qu\u2019on corrige l\u2019injustice, mais en les interdisant \u00e0 l\u2019\u00e9chelle europ\u00e9enne voire mondiale\u00a0\u00bb.<\/p>\n<p class=\" wall-content\">Thierry Vincent l\u2019assure :<\/p>\n<p class=\" wall-content\">\u00ab\u00a0Faute de solution imm\u00e9diate, certains apiculteurs en sont r\u00e9duits \u00e0 installer leurs ruches dans des zones sans pesticides ou m\u00eame \u00e0 fuir toute trace humaine\u00a0\u00bb.\u00a0<\/p>\n<p class=\" wall-content\">La proposition de loi des s\u00e9nateurs Laurent Duplomb (LR) et Franck Menonville (Union centriste) sera examin\u00e9e fin mai \u00e0 l\u2019Assembl\u00e9e. Un texte qui re\u00e7oit le soutien de certains syndicats d\u2019agriculteurs.<\/p>\n<p class=\" wall-content\">Suivez toute l\u2019actualit\u00e9 de vos villes et m\u00e9dias favoris en vous inscrivant \u00e0 <a href=\"https:\/\/moncompte.actu.fr\" title=\"D\u00e9couvez Mon Actu\" rel=\"nofollow noopener\" data-trk=\"{&quot;cta&quot;:{&quot;action&quot;:&quot;https:\\\/\\\/moncompte.actu.fr&quot;,&quot;category&quot;:&quot;mon compte&quot;,&quot;from&quot;:&quot;article footer&quot;,&quot;name&quot;:&quot;Mon actu&quot;,&quot;type&quot;:&quot;cta&quot;}}\" target=\"_blank\">Mon Actu<\/a>.<\/p>\n","protected":false},"excerpt":{"rendered":"Par Constance Viot Publi\u00e9 le 26 avr. 2025 \u00e0 16h18 \u00ab\u00a0Nous voulons sensibiliser le public toulousain au d\u00e9clin&hellip;\n","protected":false},"author":2,"featured_media":55427,"comment_status":"","ping_status":"","sticky":false,"template":"","format":"standard","meta":{"footnotes":""},"categories":[2816],"tags":[1111,11,327,1777,674,1011,27,12,2680,25,104,3427,2312],"class_list":{"0":"post-55426","1":"post","2":"type-post","3":"status-publish","4":"format-standard","5":"has-post-thumbnail","7":"category-toulouse","8":"tag-actu","9":"tag-actualites","10":"tag-agriculture","11":"tag-eu","12":"tag-europe","13":"tag-fr","14":"tag-france","15":"tag-news","16":"tag-occitanie","17":"tag-republique-francaise","18":"tag-societe","19":"tag-syndicats","20":"tag-toulouse"},"share_on_mastodon":{"url":"https:\/\/pubeurope.com\/@fr\/114406636045787259","error":""},"_links":{"self":[{"href":"https:\/\/www.europesays.com\/fr\/wp-json\/wp\/v2\/posts\/55426","targetHints":{"allow":["GET"]}}],"collection":[{"href":"https:\/\/www.europesays.com\/fr\/wp-json\/wp\/v2\/posts"}],"about":[{"href":"https:\/\/www.europesays.com\/fr\/wp-json\/wp\/v2\/types\/post"}],"author":[{"embeddable":true,"href":"https:\/\/www.europesays.com\/fr\/wp-json\/wp\/v2\/users\/2"}],"replies":[{"embeddable":true,"href":"https:\/\/www.europesays.com\/fr\/wp-json\/wp\/v2\/comments?post=55426"}],"version-history":[{"count":0,"href":"https:\/\/www.europesays.com\/fr\/wp-json\/wp\/v2\/posts\/55426\/revisions"}],"wp:featuredmedia":[{"embeddable":true,"href":"https:\/\/www.europesays.com\/fr\/wp-json\/wp\/v2\/media\/55427"}],"wp:attachment":[{"href":"https:\/\/www.europesays.com\/fr\/wp-json\/wp\/v2\/media?parent=55426"}],"wp:term":[{"taxonomy":"category","embeddable":true,"href":"https:\/\/www.europesays.com\/fr\/wp-json\/wp\/v2\/categories?post=55426"},{"taxonomy":"post_tag","embeddable":true,"href":"https:\/\/www.europesays.com\/fr\/wp-json\/wp\/v2\/tags?post=55426"}],"curies":[{"name":"wp","href":"https:\/\/api.w.org\/{rel}","templated":true}]}}