{"id":554260,"date":"2025-11-23T23:12:23","date_gmt":"2025-11-23T23:12:23","guid":{"rendered":"https:\/\/www.europesays.com\/fr\/554260\/"},"modified":"2025-11-23T23:12:23","modified_gmt":"2025-11-23T23:12:23","slug":"a-bordeaux-un-salon-pour-mettre-en-relation-employeurs-et-demandeurs-demploi","status":"publish","type":"post","link":"https:\/\/www.europesays.com\/fr\/554260\/","title":{"rendered":"\u00e0 Bordeaux, un salon pour mettre en relation employeurs et demandeurs d\u2019emploi"},"content":{"rendered":"<p>\u00ab\u00a0L\u2019id\u00e9e, c\u2019est de mettre en relation l\u2019industrie avec les demandeurs d\u2019emploi\u00a0\u00bb, souligne Jean-Marc De\u00a0Winter, \u00e9lu \u00e0 la CCI. Pour cr\u00e9er le lien avec les Girondins, des ateliers, simulations et conf\u00e9rences sont organis\u00e9s toute la journ\u00e9e. Au fond de la salle, un atelier smoothie vient de se terminer. Chaque \u00e9tape de la pr\u00e9paration correspond \u00e0 un m\u00e9tier de l\u2019agroalimentaire\u00a0: transporter les aliments, v\u00e9rifier le pH de la boisson, s\u2019assurer de sa qualit\u00e9, le redistribuer\u2026<\/p>\n<p>        <img decoding=\"async\" id=\"26827139\" src=\"https:\/\/www.europesays.com\/fr\/wp-content\/uploads\/2025\/11\/atelier-smoothie.jpg\" alt=\"L\u2019atelier smoothie a permis aux visiteurs de mieux comprendre les diff\u00e9rents m\u00e9tiers de l\u2019industrie agroalimentaire.\" itemprop=\"contentURL\"\/><\/p>\n<p>    L\u2019atelier smoothie a permis aux visiteurs de mieux comprendre les diff\u00e9rents m\u00e9tiers de l\u2019industrie agroalimentaire.<\/p>\n<p>M.\u00a0B.<\/p>\n<p>    R\u00e9concilier les Girondins avec l\u2019image de l\u2019industrie<\/p>\n<p>Nathalie repart avec son verre de smoothie, et une meilleure connaissance de la cha\u00eene agroalimentaire. \u00ab\u00a0Je suis venue ici pour glaner des informations sur les emplois en marketing. Je cherchais un poste dans le vin mais, au final, je me suis ouverte aux autres secteurs\u00a0\u00bb, explique la quadrag\u00e9naire, install\u00e9e dans la r\u00e9gion depuis peu.<\/p>\n<p>Comme elle, d\u2019autres personnes en reconversion ou en fin d\u2019\u00e9tudes sont venues rencontrer les entreprises locales. Saredo, 19\u00a0ans, tient une pile de feuilles A4. \u00ab\u00a0Je cherche un stage en sciences de l\u2019ing\u00e9nieur. Je dois encore distribuer quelques CV et, apr\u00e8s, j\u2019irai essayer l\u2019escape game\u00a0\u00bb, confie-t-elle. Derri\u00e8re elle, Adrien a rang\u00e9 dans une pochette jaune les documents qui lui permettraient de trouver un emploi dans la r\u00e9gion. \u00ab\u00a0Pour l\u2019instant, les postes en recherche ne me correspondent pas. Mais j\u2019ai bon espoir d\u2019obtenir des contacts.\u00a0\u00bb<\/p>\n<p>        <img decoding=\"async\" id=\"26827151\" src=\"https:\/\/www.europesays.com\/fr\/wp-content\/uploads\/2025\/11\/simulation-camion.jpg\" alt=\"Les participants ont pu s\u2019int\u00e9resser \u00e0 tous les secteurs de l\u2019industrie, en t\u00e9moigne cette simulation de conduite d\u2019appareils dans une scierie.\" itemprop=\"contentURL\"\/><\/p>\n<p>    Les participants ont pu s\u2019int\u00e9resser \u00e0 tous les secteurs de l\u2019industrie, en t\u00e9moigne cette simulation de conduite d\u2019appareils dans une scierie.<\/p>\n<p>M.\u00a0B.<\/p>\n","protected":false},"excerpt":{"rendered":"\u00ab\u00a0L\u2019id\u00e9e, c\u2019est de mettre en relation l\u2019industrie avec les demandeurs d\u2019emploi\u00a0\u00bb, souligne Jean-Marc De\u00a0Winter, \u00e9lu \u00e0 la CCI.&hellip;\n","protected":false},"author":2,"featured_media":554261,"comment_status":"","ping_status":"","sticky":false,"template":"","format":"standard","meta":{"footnotes":""},"categories":[2817],"tags":[1111,11,1997,1777,674,1011,27,12,2219,25],"class_list":{"0":"post-554260","1":"post","2":"type-post","3":"status-publish","4":"format-standard","5":"has-post-thumbnail","7":"category-bordeaux","8":"tag-actu","9":"tag-actualites","10":"tag-bordeaux","11":"tag-eu","12":"tag-europe","13":"tag-fr","14":"tag-france","15":"tag-news","16":"tag-nouvelle-aquitaine","17":"tag-republique-francaise"},"share_on_mastodon":{"url":"https:\/\/pubeurope.com\/@fr\/115601549934366176","error":""},"_links":{"self":[{"href":"https:\/\/www.europesays.com\/fr\/wp-json\/wp\/v2\/posts\/554260","targetHints":{"allow":["GET"]}}],"collection":[{"href":"https:\/\/www.europesays.com\/fr\/wp-json\/wp\/v2\/posts"}],"about":[{"href":"https:\/\/www.europesays.com\/fr\/wp-json\/wp\/v2\/types\/post"}],"author":[{"embeddable":true,"href":"https:\/\/www.europesays.com\/fr\/wp-json\/wp\/v2\/users\/2"}],"replies":[{"embeddable":true,"href":"https:\/\/www.europesays.com\/fr\/wp-json\/wp\/v2\/comments?post=554260"}],"version-history":[{"count":0,"href":"https:\/\/www.europesays.com\/fr\/wp-json\/wp\/v2\/posts\/554260\/revisions"}],"wp:featuredmedia":[{"embeddable":true,"href":"https:\/\/www.europesays.com\/fr\/wp-json\/wp\/v2\/media\/554261"}],"wp:attachment":[{"href":"https:\/\/www.europesays.com\/fr\/wp-json\/wp\/v2\/media?parent=554260"}],"wp:term":[{"taxonomy":"category","embeddable":true,"href":"https:\/\/www.europesays.com\/fr\/wp-json\/wp\/v2\/categories?post=554260"},{"taxonomy":"post_tag","embeddable":true,"href":"https:\/\/www.europesays.com\/fr\/wp-json\/wp\/v2\/tags?post=554260"}],"curies":[{"name":"wp","href":"https:\/\/api.w.org\/{rel}","templated":true}]}}