{"id":554291,"date":"2025-11-23T23:35:26","date_gmt":"2025-11-23T23:35:26","guid":{"rendered":"https:\/\/www.europesays.com\/fr\/554291\/"},"modified":"2025-11-23T23:35:26","modified_gmt":"2025-11-23T23:35:26","slug":"le-chancelier-allemand-friedrich-merz-sceptique-sur-les-chances-dun-accord-sur-lukraine-dici-jeudi","status":"publish","type":"post","link":"https:\/\/www.europesays.com\/fr\/554291\/","title":{"rendered":"Le chancelier allemand Friedrich Merz \u00ab\u00a0sceptique\u00a0\u00bb sur les chances d&rsquo;un accord sur l&rsquo;Ukraine d&rsquo;ici jeudi"},"content":{"rendered":"<p>Alors que les instances russes, ukrainiennes et am\u00e9ricaines sont r\u00e9unies ce dimanche 23 novembre \u00e0 Gen\u00e8ve (Suisse) pour travailler \u00e0 un accord de paix entre la Russie et l&rsquo;Ukraine, le chancelier allemand Friedrich Merz a exprim\u00e9 son inqui\u00e9tude sur le succ\u00e8s de cette rencontre.<\/p>\n<p>Le chancelier allemand Friedrich Merz s&rsquo;est dit ce dimanche 23 novembre \u00ab\u00a0sceptique\u00a0\u00bb sur les chances de parvenir \u00e0 un accord sur <a href=\"https:\/\/www.bfmtv.com\/international\/amerique-nord\/etats-unis\/guerre-en-ukraine-des-elus-americains-declarent-que-le-plan-de-paix-vient-de-la-russie-marco-rubio-dement-et-assure-qu-il-a-ete-redige-par-les-etats-unis_AD-202511230168.html\" title=\"Guerre en Ukraine: des \u00e9lus am\u00e9ricains d\u00e9clarent que le plan de paix vient de la Russie, Marco Rubio d\u00e9ment et assure qu&#039;il a \u00e9t\u00e9 &quot;r\u00e9dig\u00e9 par les \u00c9tats-Unis&quot;\" class=\"internal_link\" target=\"_blank\" rel=\"noopener\">le plan en 28 points de Donald Trump<\/a> pour l&rsquo;Ukraine d&rsquo;ici ce jeudi 27 novembre, date butoir fix\u00e9e par le pr\u00e9sident am\u00e9ricain.<\/p>\n<p>\u00ab\u00a0Je ne suis pas encore convaincu que les solutions souhait\u00e9es par le pr\u00e9sident Trump seront trouv\u00e9es dans les prochains jours\u00a0\u00bb, a d\u00e9clar\u00e9 Friedrich Merz lors du <a href=\"https:\/\/www.bfmtv.com\/economie\/international\/g20-le-sommet-s-ouvre-en-afrique-du-sud-en-l-absence-de-donald-trump_AD-202511220144.html\" title=\"G20: le sommet s&#039;ouvre en Afrique du Sud en l&#039;absence de Donald Trump\" class=\"internal_link\" target=\"_blank\" rel=\"noopener\">sommet du G20 \u00e0 Johannesburg<\/a> (Afrique du Sud), ajoutant qu&rsquo;il \u00e9tait \u00ab\u00a0sceptique quant \u00e0 la possibilit\u00e9 d&rsquo;un tel r\u00e9sultat compte tenu des divergences actuelles\u00a0\u00bb.<\/p>\n<p>\u00ab\u00a0Le plan du pr\u00e9sident Trump doit arriver \u00e0 une conclusion jeudi, mais nous en sommes encore loin\u00a0\u00bb, a ajout\u00e9 le dirigeant allemand, disant douter \u00ab\u00a0qu&rsquo;un tel r\u00e9sultat soit possible compte tenu des divergences actuelles\u00a0\u00bb.<\/p>\n<p><img width=\"1\" height=\"1\" class=\"lozad\"  alt=\"Tous les soirs dans Le Titre \u00e0 la Une, d\u00e9couvrez ce qui se cache derri\u00e8re les gros titres. Zacharie Legros vous raconte une histoire, un r\u00e9cit de vie, avec aussi le t\u00e9moignage intime de celles et ceux qui font l'actualit\u00e9.\"\/>Territoires ukrainiens contre non-agression russe: \u00e0 qui profite le plan de paix propos\u00e9 par Trump ?<\/p>\n<p><a href=\"https:\/\/www.bfmtv.com\/international\/europe\/ukraine\/guerre-en-ukraine-kiev-annonce-avoir-recu-un-projet-de-plan-sur-la-paix-de-la-part-des-etats-unis_AD-202511200741.html\" title=\"Guerre en Ukraine: Kiev annonce avoir re\u00e7u &quot;un projet de plan&quot; sur la paix de la part des \u00c9tats-Unis\" class=\"internal_link\" target=\"_blank\" rel=\"noopener\">Ce plan en 28 points<\/a>, que l&rsquo;administration am\u00e9ricaine pr\u00e9sente d\u00e9sormais comme \u00ab\u00a0un cadre pour des n\u00e9gociations\u00a0\u00bb, vise \u00e0 mettre fin au conflit en Ukraine d\u00e9clench\u00e9 en f\u00e9vrier 2022 par la Russie.<\/p>\n<p>\u00ab\u00a0Trouver un point d&rsquo;accord\u00a0\u00bb<\/p>\n<p>Il fait \u00e9cho \u00e0 plusieurs exigences de Moscou et a suscit\u00e9 l&rsquo;opposition de Kiev et de ses alli\u00e9s europ\u00e9ens. Des responsables de la s\u00e9curit\u00e9 nationale ukrainiens, europ\u00e9ens et canadiens se sont r\u00e9unis dimanche \u00e0 Gen\u00e8ve dans l&rsquo;espoir de \u00ab\u00a0r\u00e9gler les derniers d\u00e9tails\u00a0\u00bb du plan am\u00e9ricain.<\/p>\n<p>\u00ab\u00a0La t\u00e2che consiste d\u00e9sormais \u00e0 faire du plan (&#8230;) un document viable\u00a0\u00bb, a encore d\u00e9clar\u00e9 Friedrich Merz. Il a indiqu\u00e9 avoir fait une proposition, actuellement en discussion \u00e0 Gen\u00e8ve, qui pourrait permettre de \u00ab\u00a0faire au moins un premier pas jeudi\u00a0\u00bb.<\/p>\n<p>\u00ab\u00a0Si les 28 points \u00e9num\u00e9r\u00e9s sont trop nombreux (&#8230;) alors j&rsquo;aimerais au moins essayer de trouver un point sur lequel un accord peut \u00eatre trouv\u00e9\u00a0\u00bb, a-t-il d\u00e9clar\u00e9, sans donner plus de d\u00e9tails.<\/p>\n<p>Le chancelier allemand a d\u00e9clar\u00e9 qu&rsquo;il \u00e9tait important de d\u00e9terminer \u00ab\u00a0quelles garanties de s\u00e9curit\u00e9 peuvent \u00eatre donn\u00e9es pour vraiment garantir un \u00e9ventuel accord avec la Russie\u00a0\u00bb.<\/p>\n<p>Il a rejet\u00e9 le point du plan qui pr\u00e9voit le retour de la Russie au sein du G8. \u00ab\u00a0Si un changement doit intervenir, il ne sera d\u00e9cid\u00e9 que par l&rsquo;ensemble des membres actuels du G7, et pour l&rsquo;instant, je ne vois pas (&#8230;) de volont\u00e9 de r\u00e9admettre la Russie dans ce cercle\u00a0\u00bb, a-t-il d\u00e9clar\u00e9.<\/p>\n","protected":false},"excerpt":{"rendered":"Alors que les instances russes, ukrainiennes et am\u00e9ricaines sont r\u00e9unies ce dimanche 23 novembre \u00e0 Gen\u00e8ve (Suisse) pour&hellip;\n","protected":false},"author":2,"featured_media":554292,"comment_status":"","ping_status":"","sticky":false,"template":"","format":"standard","meta":{"footnotes":""},"categories":[1587],"tags":[11,672,1804,1805,1803,1777,674,1801,12,1802],"class_list":{"0":"post-554291","1":"post","2":"type-post","3":"status-publish","4":"format-standard","5":"has-post-thumbnail","7":"category-allemagne","8":"tag-actualites","9":"tag-allemagne","10":"tag-bundesrepublik-deutschland","11":"tag-de","12":"tag-deutschland","13":"tag-eu","14":"tag-europe","15":"tag-germany","16":"tag-news","17":"tag-republique-federale-dallemagne"},"share_on_mastodon":{"url":"https:\/\/pubeurope.com\/@fr\/115601638947644112","error":""},"_links":{"self":[{"href":"https:\/\/www.europesays.com\/fr\/wp-json\/wp\/v2\/posts\/554291","targetHints":{"allow":["GET"]}}],"collection":[{"href":"https:\/\/www.europesays.com\/fr\/wp-json\/wp\/v2\/posts"}],"about":[{"href":"https:\/\/www.europesays.com\/fr\/wp-json\/wp\/v2\/types\/post"}],"author":[{"embeddable":true,"href":"https:\/\/www.europesays.com\/fr\/wp-json\/wp\/v2\/users\/2"}],"replies":[{"embeddable":true,"href":"https:\/\/www.europesays.com\/fr\/wp-json\/wp\/v2\/comments?post=554291"}],"version-history":[{"count":0,"href":"https:\/\/www.europesays.com\/fr\/wp-json\/wp\/v2\/posts\/554291\/revisions"}],"wp:featuredmedia":[{"embeddable":true,"href":"https:\/\/www.europesays.com\/fr\/wp-json\/wp\/v2\/media\/554292"}],"wp:attachment":[{"href":"https:\/\/www.europesays.com\/fr\/wp-json\/wp\/v2\/media?parent=554291"}],"wp:term":[{"taxonomy":"category","embeddable":true,"href":"https:\/\/www.europesays.com\/fr\/wp-json\/wp\/v2\/categories?post=554291"},{"taxonomy":"post_tag","embeddable":true,"href":"https:\/\/www.europesays.com\/fr\/wp-json\/wp\/v2\/tags?post=554291"}],"curies":[{"name":"wp","href":"https:\/\/api.w.org\/{rel}","templated":true}]}}