{"id":554293,"date":"2025-11-23T23:36:19","date_gmt":"2025-11-23T23:36:19","guid":{"rendered":"https:\/\/www.europesays.com\/fr\/554293\/"},"modified":"2025-11-23T23:36:19","modified_gmt":"2025-11-23T23:36:19","slug":"le-suv-qui-veut-seduire-leurope","status":"publish","type":"post","link":"https:\/\/www.europesays.com\/fr\/554293\/","title":{"rendered":"le SUV qui veut s\u00e9duire l\u2019Europe !"},"content":{"rendered":"<p>En mai dernier, Jeep nous pr\u00e9sentait la troisi\u00e8me g\u00e9n\u00e9ration de<br \/>\nson Compass. Un mod\u00e8le qui est tr\u00e8s important pour la marque, \u00e9tant<br \/>\ndonn\u00e9 qu\u2019il s\u2019est d\u2019ores et d\u00e9j\u00e0 \u00e9coul\u00e9 <strong>\u00e0 plus de 2,5<br \/>\nmillions d\u2019exemplaires dans le monde<\/strong>. Aujourd\u2019hui, il est<br \/>\nl\u2019heure de prendre en main la nouvelle g\u00e9n\u00e9ration de ce<br \/>\nCompass.<\/p>\n<p><strong>Il prend de l\u2019embonpoint !<\/strong><\/p>\n<p>Tout de suite, au niveau du design, on ressent une belle<br \/>\n\u00e9volution par rapport \u00e0 la pr\u00e9c\u00e9dente g\u00e9n\u00e9ration, que ce soit en<br \/>\ntermes de forme, mais \u00e9galement de gabarit. En effet, ce Compass<br \/>\nest plus imposant dans tous les domaines. <strong>Celui-ci mesure<br \/>\n4,55 m de long, 1,90 m de large et 1,67 m de haut<\/strong>. Son<br \/>\nempattement a, quant \u00e0 lui, \u00e9t\u00e9 mesur\u00e9 \u00e0 2,80 m, c\u2019est 16<br \/>\ncentim\u00e8tres de plus par rapport \u00e0 l\u2019ancienne g\u00e9n\u00e9ration.<\/p>\n<p>Ce Compass repose sur la plateforme <strong>STLA Medium du<br \/>\ngroupe Stellantis<\/strong>. Une plateforme bien connue, \u00e9tant donn\u00e9<br \/>\nqu\u2019elle accueille \u00e9galement pl\u00e9thore de mod\u00e8les du groupe, comme le<br \/>\nPeugeot 3008, le 5008 ou encore l\u2019Opel Grandland. Cette plateforme<br \/>\nest multi\u00e9nergie, ce qui permet \u00e0 ce Compass de proposer aussi bien<br \/>\ndes motorisations thermiques que 100 % \u00e9lectriques.<\/p>\n<p><strong>Un design dans la pure tradition des SUV<br \/>\nJeep<\/strong><\/p>\n<p>Jeep a apport\u00e9 un bon coup de pinceau par rapport \u00e0 la version<br \/>\npr\u00e9c\u00e9dente pour tout ce qui touche au design. Avec cette troisi\u00e8me<br \/>\ng\u00e9n\u00e9ration, nous avons droit \u00e0 quelque chose de plus cubique, dans<br \/>\nla plus pure tradition des mod\u00e8les de la marque.<\/p>\n<p>En parlant de tradition, <strong>vous avez la fameuse calandre<br \/>\nembl\u00e9matique de la marque<\/strong>, une calandre \u00e0 sept fentes<br \/>\nverticales. Une calandre qui est r\u00e9tro\u00e9clair\u00e9e, comme c\u2019est souvent<br \/>\nle cas d\u00e9sormais pour les nouveaux mod\u00e8les. Tout est tr\u00e8s cubique<br \/>\nsur ce Jeep Compass, c\u2019est le cas de ses blocs optiques, que ce<br \/>\nsoit \u00e0 l\u2019avant ou \u00e0 l\u2019arri\u00e8re, mais aussi de ses passages de roues<br \/>\nabritant des jantes de 18 ou 20 pouces.<\/p>\n<p>Pour le reste, ce Compass adopte un capot nervur\u00e9 positionn\u00e9 de<br \/>\nfa\u00e7on horizontale, de l\u2019a\u00e9rodynamique active et des protections en<br \/>\nplastique faisant tout le tour de la voiture pour accentuer son<br \/>\nstyle de SUV baroudeur.<\/p>\n<p>Un mot \u00e9galement sur le volume de coffre. Avec ses dimensions<br \/>\ng\u00e9n\u00e9reuses, <strong>ce Compass propose 45 litres suppl\u00e9mentaires<br \/>\npour atteindre 550 litres de volume de chargement en configuration<br \/>\nnormale.<\/strong><\/p>\n<p><strong>Un int\u00e9rieur spacieux et techno !<\/strong><\/p>\n<p>\u00c0 bord de ce nouveau Compass, l\u00e0 encore, vous avez une belle<br \/>\n\u00e9volution par rapport \u00e0 la g\u00e9n\u00e9ration pr\u00e9c\u00e9dente. La pr\u00e9sentation \u00e0<br \/>\nbord est assez simple et tr\u00e8s num\u00e9rique, \u00e9tant donn\u00e9 que vous avez<br \/>\nl\u2019\u00e9cran principal, positionn\u00e9 au centre de la planche de bord, qui<br \/>\nvous permet de quasiment tout param\u00e9trer. <strong>Positionn\u00e9 \u00e0<br \/>\nl\u2019horizontale, cet \u00e9cran offre 16 pouces de diagonale<\/strong>. Il<br \/>\nest d\u00e9coup\u00e9 en deux parties, avec, pr\u00e8s du conducteur, certaines<br \/>\ninformations pour le conducteur. Ensuite, vous avez un \u00e9cran<br \/>\nd\u2019instrumentation pour toutes les informations relatives \u00e0 la<br \/>\nconduite, proposant une taille de 10,25 pouces, qui peut \u00eatre<br \/>\ncompl\u00e9t\u00e9 en option avec un affichage t\u00eate haute.<\/p>\n<p>Sur la console centrale, deux prises USB de type C, un s\u00e9lecteur<br \/>\nde bo\u00eete de vitesses sous forme de molette, ainsi qu\u2019un petit<br \/>\nbouton sur sa gauche, permettant de choisir son mode de conduite en<br \/>\nfonction des conditions. <strong>Pas de doute, nous sommes bien \u00e0<br \/>\nl\u2019int\u00e9rieur d\u2019un Jeep.<\/strong><\/p>\n<p>Pour le reste, vous avez beaucoup d\u2019espace de rangement \u00e0 bord<br \/>\nde ce Jeep, puisqu\u2019il offre 34 litres dans l\u2019habitacle. C\u2019est bien<br \/>\nplus que l\u2019ancienne g\u00e9n\u00e9ration qui ne proposait que 14 litres de<br \/>\nvolume \u00e0 l\u2019avant ! Si la qualit\u00e9 des mat\u00e9riaux est bonne, il y a un<br \/>\npoint sur lequel ce Compass fait moins bien, c\u2019est sur la qualit\u00e9<br \/>\ndes finitions\u2026<\/p>\n<p>Concernant la place \u00e0 bord de ce Jeep, avec 2,80 m<br \/>\nd\u2019empattement, <strong>vous n\u2019aurez aucun souci, que ce soit \u00e0<br \/>\nl\u2019avant ou \u00e0 l\u2019arri\u00e8re<\/strong>. Les grands gabarits seront<br \/>\nparfaitement install\u00e9s dans cette banquette positionn\u00e9e en<br \/>\n40\/20\/40. Avec cet espace et ses nombreux espaces de rangement, ce<br \/>\nCompass sera l\u2019ami des familles !<\/p>\n<p><strong>Une motorisation hybride bien connue chez<br \/>\nStellantis<\/strong><\/p>\n<p>Comme nous l\u2019avons \u00e9voqu\u00e9 en amont, ce Compass propose aussi<br \/>\nbien des motorisations \u00e9lectriques que thermiques. <strong>Ici,<br \/>\nnous sommes en pr\u00e9sence de la version hybride, qui embarque un<br \/>\nmoteur d\u20191,2 litres de cylindr\u00e9e<\/strong>. Ce dernier fait appel \u00e0<br \/>\nune micro-hybridation gr\u00e2ce \u00e0 l\u2019ajout d\u2019une petite batterie de 48<br \/>\nV. Cette motorisation est bien connue dans le groupe Stellantis,<br \/>\npuisqu\u2019elle est propos\u00e9e sur les Peugeot 3008, le 5008 ou encore<br \/>\nles Opel Frontera et Grandland. Sur notre Compass du jour, ce<br \/>\nmoteur est reli\u00e9 \u00e0 une bo\u00eete de vitesses automatique \u00e0 six<br \/>\nrapports.<\/p>\n<p>C\u00f4t\u00e9 consommation, ce Compass <strong>affiche seulement 5,6<br \/>\nl\/100 km de moyenne selon le cycle WLTP<\/strong>, ce qui est faible<br \/>\nau vu de son gabarit. Il faut dire que, malgr\u00e9 ses dimensions et<br \/>\nses allures de SUV robuste, ce Compass est assez l\u00e9ger, puisque son<br \/>\npoids est contenu en dessous de la barre des 1,6 tonnes.<\/p>\n<p><strong>Bluffant sur la route !<\/strong><\/p>\n<p>Jeep annonce avoir travaill\u00e9 en profondeur sur la suspension de<br \/>\nson Compass ainsi que sur la direction, le train avant semble viss\u00e9<br \/>\nau sol. Vous n\u2019avez presque aucun mouvement de caisse. Les<br \/>\nmouvements de caisse sont contenus, et ce, <strong>m\u00eame quand vous<br \/>\naugmentez le rythme<\/strong> ! C\u2019est vraiment \u00e9tonnant pour un SUV.<br \/>\nSachez que tout ce travail a \u00e9t\u00e9 r\u00e9alis\u00e9 pour que le mod\u00e8le puisse<br \/>\n\u00eatre \u00e0 l\u2019aise sur tous les terrains.<\/p>\n<p>D\u2019ailleurs, le mod\u00e8le n\u2019abandonne pas son ADN de baroudeur avec<br \/>\nson mode Selec-Terrain et ses quatre modes de conduite, \u00e0 savoir<br \/>\n<strong>Auto, Sport, Neige et Sable\/Boue<\/strong>. Selon Jeep,<br \/>\nchacun de ses modes agit sur des param\u00e8tres pr\u00e9cis pour que le<br \/>\nmod\u00e8le ait de vraies capacit\u00e9s hors des sentiers battus.<\/p>\n<p><strong>Un SUV produit en Europe<\/strong><\/p>\n<p>Sachez que ce Jeep Compass est produit en Europe, dans l\u2019usine<br \/>\nitalienne de Stellantis situ\u00e9e \u00e0 Melfi. <strong>Le prix d\u2019appel de<br \/>\ncette version hybride est de 39 190 \u20ac en finition Altitude, ce qui<br \/>\ncorrespond \u00e0 l\u2019entr\u00e9e de gamme, tandis que notre mod\u00e8le d\u2019essai en<br \/>\nfinition \u00ab First Edition \u00bb propose un prix d\u2019entr\u00e9e \u00e0 partir de 40<br \/>\n990 \u20ac.<\/strong><\/p>\n<p>De nouvelles motorisations \u00e9lectriques arriveront tr\u00e8s<br \/>\nprochainement dans la gamme du Compass, ainsi qu\u2019une version<br \/>\nhybride rechargeable. Ce qui est s\u00fbr, c\u2019est que Jeep a de grandes<br \/>\nambitions pour son Compass en voulant clairement s\u2019imposer sur le<br \/>\nsegment des SUV du segment C !<\/p>\n<p><img decoding=\"async\" src=\"https:\/\/www.europesays.com\/fr\/wp-content\/uploads\/2025\/11\/jeep-compass-083-1-750x410.jpg\" alt=\"Essai Jeep Compass : le SUV qui veut s\u00e9duire l\u2019Europe\" class=\"pinit-here\"\/><\/p>\n<p>\u00a9 Jeep<\/p>\n<ul class=\"lists_legend\">\n<li class=\"active\">\n<p>Essai Jeep Compass : le SUV qui veut<br \/>\ns\u00e9duire l\u2019Europe<\/p>\n<\/li>\n<li class=\"\">\n<p>Essai Jeep Compass : le SUV qui veut<br \/>\ns\u00e9duire l\u2019Europe<\/p>\n<\/li>\n<li class=\"\">\n<p>Essai Jeep Compass : le SUV qui veut<br \/>\ns\u00e9duire l\u2019Europe<\/p>\n<\/li>\n<li class=\"\">\n<p>Essai Jeep Compass : le SUV qui veut<br \/>\ns\u00e9duire l\u2019Europe<\/p>\n<\/li>\n<li class=\"\">\n<p>Essai Jeep Compass : le SUV qui veut<br \/>\ns\u00e9duire l\u2019Europe<\/p>\n<\/li>\n<li class=\"\">\n<p>Essai Jeep Compass : le SUV qui veut<br \/>\ns\u00e9duire l\u2019Europe<\/p>\n<\/li>\n<\/ul>\n","protected":false},"excerpt":{"rendered":"En mai dernier, Jeep nous pr\u00e9sentait la troisi\u00e8me g\u00e9n\u00e9ration de son Compass. Un mod\u00e8le qui est tr\u00e8s important&hellip;\n","protected":false},"author":2,"featured_media":554294,"comment_status":"","ping_status":"","sticky":false,"template":"","format":"standard","meta":{"footnotes":""},"categories":[1586],"tags":[11,1777,674,1011,27,1638,12,25,729],"class_list":{"0":"post-554293","1":"post","2":"type-post","3":"status-publish","4":"format-standard","5":"has-post-thumbnail","7":"category-europe","8":"tag-actualites","9":"tag-eu","10":"tag-europe","11":"tag-fr","12":"tag-france","13":"tag-has_diapo","14":"tag-news","15":"tag-republique-francaise","16":"tag-yout_video"},"share_on_mastodon":{"url":"https:\/\/pubeurope.com\/@fr\/115601643811601750","error":""},"_links":{"self":[{"href":"https:\/\/www.europesays.com\/fr\/wp-json\/wp\/v2\/posts\/554293","targetHints":{"allow":["GET"]}}],"collection":[{"href":"https:\/\/www.europesays.com\/fr\/wp-json\/wp\/v2\/posts"}],"about":[{"href":"https:\/\/www.europesays.com\/fr\/wp-json\/wp\/v2\/types\/post"}],"author":[{"embeddable":true,"href":"https:\/\/www.europesays.com\/fr\/wp-json\/wp\/v2\/users\/2"}],"replies":[{"embeddable":true,"href":"https:\/\/www.europesays.com\/fr\/wp-json\/wp\/v2\/comments?post=554293"}],"version-history":[{"count":0,"href":"https:\/\/www.europesays.com\/fr\/wp-json\/wp\/v2\/posts\/554293\/revisions"}],"wp:featuredmedia":[{"embeddable":true,"href":"https:\/\/www.europesays.com\/fr\/wp-json\/wp\/v2\/media\/554294"}],"wp:attachment":[{"href":"https:\/\/www.europesays.com\/fr\/wp-json\/wp\/v2\/media?parent=554293"}],"wp:term":[{"taxonomy":"category","embeddable":true,"href":"https:\/\/www.europesays.com\/fr\/wp-json\/wp\/v2\/categories?post=554293"},{"taxonomy":"post_tag","embeddable":true,"href":"https:\/\/www.europesays.com\/fr\/wp-json\/wp\/v2\/tags?post=554293"}],"curies":[{"name":"wp","href":"https:\/\/api.w.org\/{rel}","templated":true}]}}