{"id":554295,"date":"2025-11-23T23:37:17","date_gmt":"2025-11-23T23:37:17","guid":{"rendered":"https:\/\/www.europesays.com\/fr\/554295\/"},"modified":"2025-11-23T23:37:17","modified_gmt":"2025-11-23T23:37:17","slug":"la-contre-proposition-europeenne-au-plan-de-paix-americain-pour-lukraine","status":"publish","type":"post","link":"https:\/\/www.europesays.com\/fr\/554295\/","title":{"rendered":"La contre-proposition europ\u00e9enne au plan de paix am\u00e9ricain pour l\u2019Ukraine"},"content":{"rendered":"<p>L&rsquo;Europe n&rsquo;a pas dit son dernier mot. Les pays du Vieux Continent ont soumis une version amend\u00e9e du plan de paix pour l&rsquo;Ukraine <a class=\"Link\" href=\"https:\/\/www.lepoint.fr\/monde\/le-plan-trump-pousse-le-corbillard-de-l-ukraine-22-11-2025-2603715_24.php\" title=\"\" data-gtm=\"click:capsule\" data-capsule=\"Lien\" target=\"_blank\" rel=\"noopener\">pr\u00e9sent\u00e9 en\u00a028\u00a0points par les \u00c9tats-Unis<\/a> le 20\u00a0novembre dernier. La proposition europ\u00e9enne vise\u00a0\u00e0 accro\u00eetre le quota des effectifs de l&rsquo;arm\u00e9e ukrainienne\u00a0et \u00e0 modifier les concessions territoriales auxquelles Kiev devra adh\u00e9rer, selon un document consult\u00e9 par Reuters ce dimanche 23\u00a0novembre.<\/p>\n<p>L&rsquo;Union europ\u00e9enne tente de continuer \u00e0 jouer un r\u00f4le \u00ab\u00a0central\u00a0\u00bb, comme l&rsquo;a fait comprendre la pr\u00e9sidente de la Commission europ\u00e9enne, Ursula von der Leyen.\u00a0Une mise \u00e0 l&rsquo;\u00e9cart de l&rsquo;UE n&rsquo;est ainsi pas envisageable, a martel\u00e9 le pr\u00e9sident de la R\u00e9publique, <a class=\"Link\" href=\"https:\/\/www.lepoint.fr\/tags\/emmanuel-macron\" data-gtm=\"click:capsule\" data-capsule=\"Lien\" target=\"_blank\" rel=\"noopener\">Emmanuel Macron<\/a>, qui souhaite une consultation plus large des 27. Cette position est partag\u00e9e par son pr\u00e9d\u00e9cesseur Fran\u00e7ois Hollande dans un entretien publi\u00e9 aujourd&rsquo;hui dans <a class=\"Link\" href=\"https:\/\/www.lemonde.fr\/politique\/article\/2025\/11\/23\/francois-hollande-le-plan-de-trump-reduit-l-europe-au-rang-de-spectatrice-assiegee_6654505_823448.html\" target=\"_blank\" title=\"\" data-gtm=\"click:capsule\" data-capsule=\"Lien\" rel=\"noopener\">Le Monde<\/a>. L&rsquo;ancien chef de l&rsquo;\u00c9tat estime que le plan am\u00e9ricain pour l&rsquo;Ukraine rel\u00e9guerait l&rsquo;Europe \u00ab\u00a0au rang de spectatrice assi\u00e9g\u00e9e\u00a0\u00bb.<\/p>\n<p>\u00c0 LIRE AUSSI <strong class=\"strong\"><a href=\"https:\/\/www.lepoint.fr\/monde\/fragilise-par-le-mindichgate-zelensky-aborde-affaibli-l-affrontement-avec-trump-21-11-2025-2603624_24.php\" title=\"Fragilis\u00e9 par le \u00ab\u00a0Mindichgate\u00a0\u00bb, Zelensky aborde affaibli l&#039;affrontement avec Trump\" style=\"text-decoration: none; color: inherit;\" data-gtm=\"click:capsule\" data-capsule=\"\u00c0 lire aussi\" target=\"_blank\" rel=\"noopener\">Fragilis\u00e9 par le \u00ab\u00a0Mindichgate\u00a0\u00bb, Zelensky aborde affaibli l&rsquo;affrontement avec Trump<\/a><\/strong>Le document, pr\u00e9par\u00e9 dans le cadre des n\u00e9gociations en cours \u00e0 Gen\u00e8ve (<a class=\"Link\" href=\"https:\/\/www.lepoint.fr\/tags\/suisse\" data-gtm=\"click:capsule\" data-capsule=\"Lien\" target=\"_blank\" rel=\"noopener\">Suisse<\/a>), propose que les forces arm\u00e9es ukrainiennes soient limit\u00e9es \u00e0 800\u00a0000 hommes \u00ab\u00a0en temps de paix\u00a0\u00bb au lieu du plafond de 600\u00a0000 hommes propos\u00e9 dans le plan am\u00e9ricain. Il pr\u00e9cise \u00e9galement que \u00ab\u00a0les n\u00e9gociations sur les \u00e9changes territoriaux commenceront \u00e0 partir de la ligne de contact\u00a0\u00bb au lieu de fixer \u00e0 l&rsquo;avance que certaines zones devront \u00eatre reconnues comme \u00ab\u00a0de facto russes\u00a0\u00bb, tel que le sugg\u00e8re le plan am\u00e9ricain.<\/p>\n<p>\u00ab\u00a0Ce plan\u00a0n&rsquo;a pas \u00e9t\u00e9 n\u00e9goci\u00e9 avec les Europ\u00e9ens\u00a0\u00bb<\/p>\n<p>La contre-proposition a \u00e9t\u00e9 r\u00e9dig\u00e9e par le groupe dit E3, comprenant la Grande-Bretagne, la France et l&rsquo;Allemagne, selon une source ayant eu acc\u00e8s au document. Ce dernier s&rsquo;appuie sur la proposition am\u00e9ricaine, mais reprend chaque point en sugg\u00e9rant des suppressions ou des modifications. Il sugg\u00e8re notamment que l&rsquo;Ukraine re\u00e7oive des \u00c9tats-Unis une garantie de s\u00e9curit\u00e9 similaire \u00e0 l&rsquo;article\u00a05 de l&rsquo;Otan et s&rsquo;oppose \u00e0 la proposition am\u00e9ricaine d&rsquo;utiliser les avoirs russes gel\u00e9s en Occident, principalement dans l&rsquo;Union europ\u00e9enne. Un point sur lequel le pr\u00e9sident fran\u00e7ais a insist\u00e9\u00a0: \u00ab\u00a0Ce plan, d&rsquo;abord, n&rsquo;a pas \u00e9t\u00e9 n\u00e9goci\u00e9 avec les Europ\u00e9ens. Or, il stipule pour les Europ\u00e9ens beaucoup de choses\u00a0: les actifs gel\u00e9s sont d\u00e9tenus par les Europ\u00e9ens, l&rsquo;int\u00e9gration europ\u00e9enne de l&rsquo;Ukraine, c&rsquo;est dans la main des Europ\u00e9ens.\u00a0\u00bb<\/p>\n<p>\u00ab\u00a0L&rsquo;Ukraine sera enti\u00e8rement reconstruite et indemnis\u00e9e financi\u00e8rement, notamment par le biais d&rsquo;avoirs souverains russes qui resteront gel\u00e9s jusqu&rsquo;\u00e0 ce que la Russie ait indemnis\u00e9 l&rsquo;Ukraine pour les dommages subis\u00a0\u00bb, peut-on lire dans le document. Le plan am\u00e9ricain propose d&rsquo;investir 100\u00a0milliards de dollars de fonds russes gel\u00e9s dans un \u00ab\u00a0effort men\u00e9 par les \u00c9tats-Unis pour reconstruire et investir en Ukraine\u00a0\u00bb et que les \u00c9tats-Unis re\u00e7oivent 50\u00a0% des b\u00e9n\u00e9fices de cette entreprise. Washington a \u00e9galement propos\u00e9 que le solde soit investi dans un \u00ab\u00a0v\u00e9hicule d&rsquo;investissement am\u00e9ricano-russe distinct\u00a0\u00bb.<\/p>\n<p>Zelensky pourrait se rendre \u00e0 Washington<\/p>\n<p>Le secr\u00e9taire d&rsquo;\u00c9tat am\u00e9ricain Marco Rubio s&rsquo;est quant \u00e0 lui montr\u00e9 plus que satisfait des progr\u00e8s r\u00e9alis\u00e9s \u00e0\u00a0l&rsquo;occasion des discussions avec une d\u00e9l\u00e9gation ukrainienne \u00e0 Gen\u00e8ve, le 23\u00a0novembre. \u00ab\u00a0La\u00a0meilleure r\u00e9union et la meilleure journ\u00e9e que nous ayons eues jusqu&rsquo;\u00e0 pr\u00e9sent dans tout ce processus, depuis notre entr\u00e9e en fonction en janvier\u00a0\u00bb, a-t-il ainsi comment\u00e9.<\/p>\n<p>\n\u00c0 D\u00e9couvrir<br \/>\n<strong class=\"discover-kangourou__line\"><br \/>\n<img decoding=\"async\" class=\"discover-kangourou__img\" src=\"https:\/\/static.lpnt.fr\/static\/img\/kangourou\/kangourou_filled.svg\"\/><br \/>\n<strong class=\"discover-kangourou__txt\"><br \/>\n<strong>Le Kangourou du jour<\/strong><br \/>\n<a href=\"https:\/\/kangourou.lepoint.fr\" title=\"kangourou\" data-gtm-cta=\"kangourou_article\" class=\"discover-kangourou__lnk\" target=\"_blank\" rel=\"noopener\"><br \/>\nR\u00e9pondre<br \/>\n<\/a><br \/>\n<\/strong><br \/>\n<\/strong><br \/>\nAccus\u00e9 de faire preuve d&rsquo;ingratitude par Donald Trump, Volodymyr Zelensky a, lui, tent\u00e9 d&rsquo;arrondir les angles, d\u00e9clarant\u00a0: \u00ab\u00a0L&rsquo;Ukraine\u00a0est reconnaissante envers les Etats-Unis, envers chaque Am\u00e9ricain et en particulier envers le pr\u00e9sident Trump pour l&rsquo;aide qui, \u00e0 commencer par les missiles Javelin, sauve des vies ukrainiennes.\u00a0\u00bb\u00a0<\/p>\n<p>Des responsables am\u00e9ricains et ukrainiens discutent d&rsquo;une \u00e9ventuelle visite du pr\u00e9sident ukrainien \u00e0 Washington d\u00e8s cette semaine pour aborder un plan de paix avec\u00a0Donald Trump, ont d\u00e9clar\u00e9 dimanche deux sources proches du dossier. L&rsquo;id\u00e9e principale serait que Trump et Zelensky discutent directement des questions les plus sensibles soulev\u00e9es par les \u00c9tats-Unis dans la proposition, notamment la question territoriale.<\/p>\n<p>Toute l\u2019actualit\u00e9 \u00e0 1\u20ac le premier mois<\/p>\n<p><a href=\"https:\/\/abo.lepoint.fr\/?provenance=21EDI020098\" class=\"btn\" title=\"S&#039;abonner\" data-gtm=\"click:abo|display:abo\" data-campaign=\"paywall_maison\" target=\"_blank\" rel=\"noopener\">S&rsquo;abonner<\/a><\/p>\n<p>ou<\/p>\n","protected":false},"excerpt":{"rendered":"L&rsquo;Europe n&rsquo;a pas dit son dernier mot. Les pays du Vieux Continent ont soumis une version amend\u00e9e du&hellip;\n","protected":false},"author":2,"featured_media":554296,"comment_status":"","ping_status":"","sticky":false,"template":"","format":"standard","meta":{"footnotes":""},"categories":[1586],"tags":[11,75,1073,1777,674,1779,1011,27,1907,12,25,3067,1778,364],"class_list":{"0":"post-554295","1":"post","2":"type-post","3":"status-publish","4":"format-standard","5":"has-post-thumbnail","7":"category-europe","8":"tag-actualites","9":"tag-donald-trump","10":"tag-emmanuel-macron","11":"tag-eu","12":"tag-europe","13":"tag-european-union","14":"tag-fr","15":"tag-france","16":"tag-marco-rubio","17":"tag-news","18":"tag-republique-francaise","19":"tag-suisse","20":"tag-ue","21":"tag-union-europeenne"},"share_on_mastodon":{"url":"https:\/\/pubeurope.com\/@fr\/115601647375145228","error":""},"_links":{"self":[{"href":"https:\/\/www.europesays.com\/fr\/wp-json\/wp\/v2\/posts\/554295","targetHints":{"allow":["GET"]}}],"collection":[{"href":"https:\/\/www.europesays.com\/fr\/wp-json\/wp\/v2\/posts"}],"about":[{"href":"https:\/\/www.europesays.com\/fr\/wp-json\/wp\/v2\/types\/post"}],"author":[{"embeddable":true,"href":"https:\/\/www.europesays.com\/fr\/wp-json\/wp\/v2\/users\/2"}],"replies":[{"embeddable":true,"href":"https:\/\/www.europesays.com\/fr\/wp-json\/wp\/v2\/comments?post=554295"}],"version-history":[{"count":0,"href":"https:\/\/www.europesays.com\/fr\/wp-json\/wp\/v2\/posts\/554295\/revisions"}],"wp:featuredmedia":[{"embeddable":true,"href":"https:\/\/www.europesays.com\/fr\/wp-json\/wp\/v2\/media\/554296"}],"wp:attachment":[{"href":"https:\/\/www.europesays.com\/fr\/wp-json\/wp\/v2\/media?parent=554295"}],"wp:term":[{"taxonomy":"category","embeddable":true,"href":"https:\/\/www.europesays.com\/fr\/wp-json\/wp\/v2\/categories?post=554295"},{"taxonomy":"post_tag","embeddable":true,"href":"https:\/\/www.europesays.com\/fr\/wp-json\/wp\/v2\/tags?post=554295"}],"curies":[{"name":"wp","href":"https:\/\/api.w.org\/{rel}","templated":true}]}}