{"id":554297,"date":"2025-11-23T23:38:14","date_gmt":"2025-11-23T23:38:14","guid":{"rendered":"https:\/\/www.europesays.com\/fr\/554297\/"},"modified":"2025-11-23T23:38:14","modified_gmt":"2025-11-23T23:38:14","slug":"en-seine-saint-denis-jean-luc-melenchon-lance-son-offensive-pour-les-elections-municipales-liberation","status":"publish","type":"post","link":"https:\/\/www.europesays.com\/fr\/554297\/","title":{"rendered":"en Seine-Saint-Denis, Jean-Luc M\u00e9lenchon lance son offensive pour les \u00e9lections municipales \u2013 Lib\u00e9ration"},"content":{"rendered":"<p class=\"sc-cPiKLX AiZTS text-element\">Jean-Luc M\u00e9lenchon ma\u00eetrise toujours l\u2019art de la synth\u00e8se, savoir-faire embl\u00e9matique de son ancienne maison quitt\u00e9e en 2008, le Parti socialiste. Et a r\u00e9ussi, ce dimanche 23 novembre, \u00e0 livrer un discours calibr\u00e9 pour des enjeux nationaux, lors du meeting de lancement de la campagne municipale de son mouvement aux Docks d\u2019Aubervilliers (Seine-Saint-Denis). Alors que le reste de la gauche, dont son potentiel rival pour 2027 l\u2019ex-insoumis <a href=\"https:\/\/www.liberation.fr\/economie\/social\/ou-sont-passes-les-144-millions-deuros-la-famille-ruffin-frere-et-soeur-au-chevet-de-lusine-teisseire-en-greve-20251120_CNPYPOO2DJDSXEWQ25FZSUXVSM\/\" target=\"_blank\" rel=\"noopener\" title=\"https:\/\/www.liberation.fr\/economie\/social\/ou-sont-passes-les-144-millions-deuros-la-famille-ruffin-frere-et-soeur-au-chevet-de-lusine-teisseire-en-greve-20251120_CNPYPOO2DJDSXEWQ25FZSUXVSM\/\">Fran\u00e7ois Ruffin<\/a>, l\u2019accuse de ne s\u2019adresser qu\u2019aux populations des grandes agglom\u00e9rations, en abandonnant la France rurale et p\u00e9riurbaine \u00e0 la conqu\u00eate de l\u2019extr\u00eame droite, le leader insoumis a saisi l\u2019occasion pour contester cette vision.<\/p>\n<p class=\"sc-cPiKLX AiZTS text-element\">\u00abEn ville et en ruralit\u00e9, les uns et les autres vivent les m\u00eames aspirations au bonheur\u00bb, a-t-il martel\u00e9, en appelant \u00e0 \u00ababandonner les sch\u00e9mas caricaturaux\u00bb. \u00abLes habitants des grandes villes ne sont pas des bobos qui font la f\u00eate en faisant pousser du cannabis sur leur balcon [\u2026] et les ruraux de notre temps ne sont pas tous des agriculteurs ou des chasseurs qui r\u00eavent de r<\/p>\n","protected":false},"excerpt":{"rendered":"Jean-Luc M\u00e9lenchon ma\u00eetrise toujours l\u2019art de la synth\u00e8se, savoir-faire embl\u00e9matique de son ancienne maison quitt\u00e9e en 2008, le&hellip;\n","protected":false},"author":2,"featured_media":554298,"comment_status":"","ping_status":"","sticky":false,"template":"","format":"standard","meta":{"footnotes":""},"categories":[2],"tags":[11,1011,27,3081,780,12,25,1945],"class_list":{"0":"post-554297","1":"post","2":"type-post","3":"status-publish","4":"format-standard","5":"has-post-thumbnail","7":"category-actualites","8":"tag-actualites","9":"tag-fr","10":"tag-france","11":"tag-jean-luc-melenchon","12":"tag-lfi","13":"tag-news","14":"tag-republique-francaise","15":"tag-seine-saint-denis"},"share_on_mastodon":{"url":"https:\/\/pubeurope.com\/@fr\/115601650781215336","error":""},"_links":{"self":[{"href":"https:\/\/www.europesays.com\/fr\/wp-json\/wp\/v2\/posts\/554297","targetHints":{"allow":["GET"]}}],"collection":[{"href":"https:\/\/www.europesays.com\/fr\/wp-json\/wp\/v2\/posts"}],"about":[{"href":"https:\/\/www.europesays.com\/fr\/wp-json\/wp\/v2\/types\/post"}],"author":[{"embeddable":true,"href":"https:\/\/www.europesays.com\/fr\/wp-json\/wp\/v2\/users\/2"}],"replies":[{"embeddable":true,"href":"https:\/\/www.europesays.com\/fr\/wp-json\/wp\/v2\/comments?post=554297"}],"version-history":[{"count":0,"href":"https:\/\/www.europesays.com\/fr\/wp-json\/wp\/v2\/posts\/554297\/revisions"}],"wp:featuredmedia":[{"embeddable":true,"href":"https:\/\/www.europesays.com\/fr\/wp-json\/wp\/v2\/media\/554298"}],"wp:attachment":[{"href":"https:\/\/www.europesays.com\/fr\/wp-json\/wp\/v2\/media?parent=554297"}],"wp:term":[{"taxonomy":"category","embeddable":true,"href":"https:\/\/www.europesays.com\/fr\/wp-json\/wp\/v2\/categories?post=554297"},{"taxonomy":"post_tag","embeddable":true,"href":"https:\/\/www.europesays.com\/fr\/wp-json\/wp\/v2\/tags?post=554297"}],"curies":[{"name":"wp","href":"https:\/\/api.w.org\/{rel}","templated":true}]}}