{"id":554315,"date":"2025-11-23T23:51:15","date_gmt":"2025-11-23T23:51:15","guid":{"rendered":"https:\/\/www.europesays.com\/fr\/554315\/"},"modified":"2025-11-23T23:51:15","modified_gmt":"2025-11-23T23:51:15","slug":"deux-belles-ventes-chez-artcurial-a-paris","status":"publish","type":"post","link":"https:\/\/www.europesays.com\/fr\/554315\/","title":{"rendered":"Deux belles ventes chez Artcurial \u00e0 Paris"},"content":{"rendered":"<p>23\/11\/25 &#8211; <strong> March\u00e9 de l\u2019art &#8211; Paris <\/strong> &#8211; Parce qu\u2019un David et Goliath (ill. 1) peut en cacher un autre, c\u2019est avec une grande composition (in\u00e9dite) de Domenico Fetti que d\u00e9bute notre d\u00e9ambulation dans la riche exposition organis\u00e9e chez Artcurial avant les deux ventes de la semaine prochaine. Mardi sera consacr\u00e9 \u00e0 la grande vente classique de novembre avec en lot vedette l\u2019\u00ab\u00a0autre\u00a0\u00bb David et Goliath, la d\u00e9sormais fameuse toile red\u00e9couverte de Guido Reni (voir la <a href=\"https:\/\/www.latribunedelart.com\/reapparition-d-un-david-et-goliath-de-guido-reni\" class=\"spip_in\" target=\"_blank\" rel=\"noopener\">br\u00e8ve du 5\/6\/25<\/a>) dont on attend d\u00e9j\u00e0 le r\u00e9sultat, et surtout la future destination, tandis que le mercredi sera r\u00e9serv\u00e9 \u00e0 la dispersion de la collection d\u2019un couple d\u2019amateurs vivant entre Clermont-Ferrand et Gu\u00e9thary, ce qui explique la pr\u00e9sence de plusieurs tableaux du peintre basque Ramiro Arrue. On y retiendra cependant plut\u00f4t cette belle version d\u2019un des sujets de pr\u00e9dilection de cet artiste \u00e9galement connu pour son ou plut\u00f4t ses images de La M\u00e9lancolie, dont <a href=\"https:\/\/collections.louvre.fr\/ark:\/53355\/cl010062413\" class=\"spip_out\" rel=\"external noopener\" target=\"_blank\">l\u2019une<\/a> fut achet\u00e9e pour Louis XIV en 1685 avant de passer au Mus\u00e9e du Louvre et une autre fit l\u2019actualit\u00e9 lors de sa pr\u00e9sentation \u00e0 la TEFAF de Maastricht en 2019 (voir l\u2019<a href=\"https:\/\/www.latribunedelart.com\/la-tefaf-toujours-au-sommet\" class=\"spip_in\" target=\"_blank\" rel=\"noopener\">article<\/a>), o\u00f9 elle fut acquise par l\u2019Art Institute de Chicago (voir la <a href=\"https:\/\/www.latribunedelart.com\/un-domenico-fetti-acquis-par-l-art-institute-de-chicago\" class=\"spip_in\" target=\"_blank\" rel=\"noopener\">br\u00e8ve du 28\/6\/19<\/a>)\u00a0! Les amis des chiens auront d\u2019ailleurs aussit\u00f4t reconnu le m\u00eame animal dans toutes ces toiles.<\/p>\n<dl class=\"spip_document_77013 spip_documents spip_documents_center\" itemprop=\"image\" itemscope=\"\" itemtype=\"http:\/\/schema.org\/ImageObject\">\n<dt>\n\t\t<a href=\"https:\/\/www.latribunedelart.com\/IMG\/jpg\/artcurial_fetti.jpg?77013\/f2d1c81ef23ddbbac1a4fc53eaf1de72ac68dc9868d14ccd579e97f4093d71c8\" title=\"\" type=\"image\/jpeg\" target=\"_blank\" rel=\"noopener\"><br \/>\n\t\t\t<img loading=\"lazy\" decoding=\"async\" src=\"https:\/\/www.europesays.com\/fr\/wp-content\/uploads\/2025\/11\/artcurial_fetti-f593d.jpg\" width=\"402\" height=\"500\" alt=\"\" itemprop=\"contentUrl\"\/><br \/>\n\t\t<\/a>\n\t<\/dt>\n<dd class=\"crayon document-descriptif-77013 spip_doc_descriptif\" style=\"width:350px;\" itemprop=\"description\">1. Domenico Fetti (1589-1623)<br class=\"autobr\"\/><br \/>\nDavid et Goliath<br class=\"autobr\"\/><br \/>\nHuile sur toile &#8211; 168 x 136 cm<br class=\"autobr\"\/><br \/>\nEn vente chez Artcurial \u00e0 Paris le 26\/11\/25<br class=\"autobr\"\/><br \/>\nPhoto\u00a0: Artcurial\n<\/dd>\n<dd class=\"spip_doc_lien-galerie\">\n\t\t<a href=\"https:\/\/www.latribunedelart.com\/spip.php?page=docbig&amp;id_document=77013&amp;id_article=13088\" target=\"_blank\" rel=\"noopener\">Voir l\u00b4image dans sa page<\/a>\n\t<\/dd>\n<\/dl>\n<p>Poursuivons notre logique spatio-temporelle en restant au rez-de-chauss\u00e9e, d\u00e9volu \u00e0 cette collection priv\u00e9e propos\u00e9e mercredi, et o\u00f9 l\u2019on zigzague entre les <a href=\"https:\/\/www.artcurial.com\/ventes\/6434\/lots\/309-a\" class=\"spip_out\" rel=\"external noopener\" target=\"_blank\">l\u00e9opards<\/a> et les <a href=\"https:\/\/www.artcurial.com\/ventes\/6434\/lots\/308-a\" class=\"spip_out\" rel=\"external noopener\" target=\"_blank\">antilopes<\/a> de Rembrandt Bugatti pour admirer une tr\u00e8s belle Sainte Famille (ill. 2) peinte \u00e0 Rome en 1742 par No\u00ebl Hall\u00e9. M\u00e9connu, voire d\u00e9mod\u00e9, celui-ci est toujours mis en valeur par Artcurial, chez qui le Nationalmuseum de Stockholm (voir la <a href=\"https:\/\/www.latribunedelart.com\/deux-nouvelles-acquisitions-parisiennes-du-nationalmuseum-de-stockholm\" class=\"spip_in\" target=\"_blank\" rel=\"noopener\">br\u00e8ve du 22\/11\/20<\/a>) ou le Mus\u00e9e des Beaux-Arts d\u2019Orl\u00e9ans (voir la <a href=\"https:\/\/www.latribunedelart.com\/un-noel-halle-pour-orleans\" class=\"spip_in\" target=\"_blank\" rel=\"noopener\">br\u00e8ve du 15\/11\/22<\/a>) ont pu assez r\u00e9cemment\u2026<\/p>\n<p>Pour avoir acc\u00e8s \u00e0 ce contenu, vous devez vous abonner \u00e0 La Tribune de l\u2019Art. Les avantages et les conditions de cet abonnement, qui vous permettra par ailleurs de soutenir La Tribune de l\u2019Art, sont d\u00e9crits sur <a href=\"https:\/\/www.latribunedelart.com\/s-abonner\" target=\"_blank\" rel=\"noopener\">la page d\u2019abonnement<\/a>.<\/p>\n","protected":false},"excerpt":{"rendered":"23\/11\/25 &#8211; March\u00e9 de l\u2019art &#8211; Paris &#8211; Parce qu\u2019un David et Goliath (ill. 1) peut en cacher&hellip;\n","protected":false},"author":2,"featured_media":554316,"comment_status":"","ping_status":"","sticky":false,"template":"","format":"standard","meta":{"footnotes":""},"categories":[1358],"tags":[1348,1384,1385,1386,58,59,1011,27],"class_list":{"0":"post-554315","1":"post","2":"type-post","3":"status-publish","4":"format-standard","5":"has-post-thumbnail","7":"category-arts-et-design","8":"tag-arts","9":"tag-arts-and-design","10":"tag-arts-et-design","11":"tag-design","12":"tag-divertissement","13":"tag-entertainment","14":"tag-fr","15":"tag-france"},"share_on_mastodon":{"url":"","error":""},"_links":{"self":[{"href":"https:\/\/www.europesays.com\/fr\/wp-json\/wp\/v2\/posts\/554315","targetHints":{"allow":["GET"]}}],"collection":[{"href":"https:\/\/www.europesays.com\/fr\/wp-json\/wp\/v2\/posts"}],"about":[{"href":"https:\/\/www.europesays.com\/fr\/wp-json\/wp\/v2\/types\/post"}],"author":[{"embeddable":true,"href":"https:\/\/www.europesays.com\/fr\/wp-json\/wp\/v2\/users\/2"}],"replies":[{"embeddable":true,"href":"https:\/\/www.europesays.com\/fr\/wp-json\/wp\/v2\/comments?post=554315"}],"version-history":[{"count":0,"href":"https:\/\/www.europesays.com\/fr\/wp-json\/wp\/v2\/posts\/554315\/revisions"}],"wp:featuredmedia":[{"embeddable":true,"href":"https:\/\/www.europesays.com\/fr\/wp-json\/wp\/v2\/media\/554316"}],"wp:attachment":[{"href":"https:\/\/www.europesays.com\/fr\/wp-json\/wp\/v2\/media?parent=554315"}],"wp:term":[{"taxonomy":"category","embeddable":true,"href":"https:\/\/www.europesays.com\/fr\/wp-json\/wp\/v2\/categories?post=554315"},{"taxonomy":"post_tag","embeddable":true,"href":"https:\/\/www.europesays.com\/fr\/wp-json\/wp\/v2\/tags?post=554315"}],"curies":[{"name":"wp","href":"https:\/\/api.w.org\/{rel}","templated":true}]}}