{"id":554321,"date":"2025-11-23T23:55:15","date_gmt":"2025-11-23T23:55:15","guid":{"rendered":"https:\/\/www.europesays.com\/fr\/554321\/"},"modified":"2025-11-23T23:55:15","modified_gmt":"2025-11-23T23:55:15","slug":"critique-qui-tire-a-blanc","status":"publish","type":"post","link":"https:\/\/www.europesays.com\/fr\/554321\/","title":{"rendered":"critique qui tire \u00e0 blanc"},"content":{"rendered":"<p>        <strong>MISTER PROPRE WITH A VENGEANCE\u00a0<\/strong><\/p>\n<p>Sur le papier, le choix de Bruce Willis dans le r\u00f4le du type vraiment tr\u00e8s gentil qui d\u00e9zingue des trillions de d\u00e9linquants pas forc\u00e9ment su\u00e9dois, pour venger sa famille que la vilaine justice laxiste ne veut pas venger, semblait risqu\u00e9. En effet, avant que sa maladie (d\u00e9mence fronto-temporale) ne soit publiquement annonc\u00e9e en 2022, <strong>l\u2019interpr\u00e8te de l\u2019immortel John McClane semblait encha\u00eener les r\u00f4les et films de seconde zone.<\/strong><\/p>\n<p>De toute \u00e9vidence, Eli Roth, r\u00e9alisateur de\u00a0<strong><a href=\"https:\/\/www.ecranlarge.com\/films\/840361-hostel\" target=\"_blank\" rel=\"noopener\">Hostel<\/a><\/strong>,\u00a0<strong><a href=\"https:\/\/www.ecranlarge.com\/films\/838126-cabin-fever-fievre-noire\" target=\"_blank\" rel=\"noopener\">Cabin Fever <\/a><\/strong>ou encore\u00a0<strong><a href=\"https:\/\/www.ecranlarge.com\/films\/935172-knock-knock\" target=\"_blank\" rel=\"noopener\">Knock Knock<\/a><\/strong>, n\u2019a m\u00eame pas tent\u00e9 de ressusciter Bruce Willis, de prime abord aussi cr\u00e9dible en chirurgien que le serait Robert Downey Jr. en dauphin, puis carr\u00e9ment d\u00e9missionnaire d\u00e8s lors que s\u2019amorce la deuxi\u00e8me partie du r\u00e9cit. A peine capable de hisser ici et l\u00e0 un sourcil, trop paresseux pour se hasarder \u00e0 jouer quoi que ce soit, <strong>l\u2019acteur souligne involontairement l\u2019incroyable pauvret\u00e9 de la mise en sc\u00e8ne et des dispositifs dramatiques.<\/strong> L\u2019amateur de grosses fusillades comme l\u2019habitu\u00e9 du d\u00e9squamage de figurants n\u2019auront \u00e0 se mettre sous la dent qu\u2019une poign\u00e9e de s\u00e9quences jamais spectaculaires, inventives ou choquantes.<\/p>\n<p class=\"text-center\"><a href=\"https:\/\/www.ecranlarge.com\/content\/uploads\/2018\/01\/un-justicier-dans-la-ville-photo-bruce-willis-1008972.jpg\" data-lightbox=\"article-images\" target=\"_blank\" rel=\"noopener\"><img loading=\"lazy\" decoding=\"async\" alt=\"Photo Bruce Willis\" src=\"https:\/\/www.europesays.com\/fr\/wp-content\/uploads\/2025\/11\/un-justicier-dans-la-ville-photo-bruce-willis-1008972-630x421.jpg\" width=\"630\" height=\"421\"\/><\/a>Jouer ou ne pas jouer, l\u00e0 n\u2019est plus la question<\/p>\n<p><strong>ELI ROTE<\/strong><\/p>\n<p>Incapable de divertir,\u00a0<strong><a href=\"https:\/\/www.ecranlarge.com\/films\/967967-death-wish\" target=\"_blank\" rel=\"noopener\">Death Wish<\/a><\/strong> d\u00e9voile par cons\u00e9quent au grand jour la b\u00eatise de son propos. Non pas que le film soit v\u00e9ritablement r\u00e9actionnaire, car il ne sid\u00e8re jamais par l\u2019agressivit\u00e9 ou la port\u00e9e d\u2019un \u00e9ventuel propos pro-armes et r\u00e9ac. Non, ce qui s\u2019av\u00e8re proprement hallucinant, c\u2019est la totale absence de point de vue.<\/p>\n<p>H\u00e9ros vengeur ? Homme tortur\u00e9 ? Sanglant samaritain aveugl\u00e9 par la soif de revanche ? <strong>Le personnage principal souffre d\u2019une sous-\u00e9criture embarrassante en cela qu\u2019elle n\u2019appr\u00e9hende absolument jamais le monde contemporain.<\/strong><\/p>\n<p class=\"text-center\"><a href=\"https:\/\/www.ecranlarge.com\/content\/uploads\/2018\/01\/un-justicier-dans-la-ville-photo-bruce-willis-elisabeth-shue-1008971.jpg\" data-lightbox=\"article-images\" target=\"_blank\" rel=\"noopener\"><img loading=\"lazy\" decoding=\"async\" alt=\"Photo Bruce Willis, Elisabeth Shue\" src=\"https:\/\/www.europesays.com\/fr\/wp-content\/uploads\/2025\/11\/un-justicier-dans-la-ville-photo-bruce-willis-elisabeth-shue-1008971-630x420.jpg\" width=\"630\" height=\"420\"\/><\/a>Que vient faire\u00a0<a href=\"https:\/\/www.ecranlarge.com\/personnalite\/652290-elisabeth-shue\" target=\"_blank\" rel=\"noopener\">Elisabeth Shue<\/a>\u00a0l\u00e0-dedans ?<\/p>\n<p>Le remake aurait pu se vouloir comme la r\u00e9affirmation du second amendement am\u00e9ricain, un uppercut contre la suppos\u00e9e bienpensance d\u2019une partie du monde occidental. Mais il pr\u00e9f\u00e8re n\u2019\u00eatre qu\u2019un embarrassant morceau de n\u00e9ant, qui costume son vengeur blanc d\u2019un hoodie cens\u00e9 l\u2019anonymiser, quand il est devenu aux\u00a0Etats-Unis le terrible symbole d\u2019une jeunesse noire que la police tue. <strong>Ou comment incons\u00e9quence en vient \u00e0 rimer avec putrescence.\u00a0<\/strong><\/p>\n<p class=\"text-center\"><a href=\"https:\/\/www.ecranlarge.com\/content\/uploads\/2018\/04\/death-wish-affiche-francaise-1018336-scaled.jpg\" data-lightbox=\"article-images\" target=\"_blank\" rel=\"noopener\"><img loading=\"lazy\" decoding=\"async\" alt=\"Affiche fran\u00e7aise\" src=\"https:\/\/www.europesays.com\/fr\/wp-content\/uploads\/2025\/11\/death-wish-affiche-francaise-1018336-630x858.jpg\" width=\"630\" height=\"858\"\/><\/a><\/p>\n","protected":false},"excerpt":{"rendered":"MISTER PROPRE WITH A VENGEANCE\u00a0 Sur le papier, le choix de Bruce Willis dans le r\u00f4le du type&hellip;\n","protected":false},"author":2,"featured_media":554322,"comment_status":"","ping_status":"","sticky":false,"template":"","format":"standard","meta":{"footnotes":""},"categories":[1354],"tags":[58,59,1346,1011,27,1360],"class_list":{"0":"post-554321","1":"post","2":"type-post","3":"status-publish","4":"format-standard","5":"has-post-thumbnail","7":"category-films","8":"tag-divertissement","9":"tag-entertainment","10":"tag-films","11":"tag-fr","12":"tag-france","13":"tag-movies"},"share_on_mastodon":{"url":"https:\/\/pubeurope.com\/@fr\/115601718875570059","error":""},"_links":{"self":[{"href":"https:\/\/www.europesays.com\/fr\/wp-json\/wp\/v2\/posts\/554321","targetHints":{"allow":["GET"]}}],"collection":[{"href":"https:\/\/www.europesays.com\/fr\/wp-json\/wp\/v2\/posts"}],"about":[{"href":"https:\/\/www.europesays.com\/fr\/wp-json\/wp\/v2\/types\/post"}],"author":[{"embeddable":true,"href":"https:\/\/www.europesays.com\/fr\/wp-json\/wp\/v2\/users\/2"}],"replies":[{"embeddable":true,"href":"https:\/\/www.europesays.com\/fr\/wp-json\/wp\/v2\/comments?post=554321"}],"version-history":[{"count":0,"href":"https:\/\/www.europesays.com\/fr\/wp-json\/wp\/v2\/posts\/554321\/revisions"}],"wp:featuredmedia":[{"embeddable":true,"href":"https:\/\/www.europesays.com\/fr\/wp-json\/wp\/v2\/media\/554322"}],"wp:attachment":[{"href":"https:\/\/www.europesays.com\/fr\/wp-json\/wp\/v2\/media?parent=554321"}],"wp:term":[{"taxonomy":"category","embeddable":true,"href":"https:\/\/www.europesays.com\/fr\/wp-json\/wp\/v2\/categories?post=554321"},{"taxonomy":"post_tag","embeddable":true,"href":"https:\/\/www.europesays.com\/fr\/wp-json\/wp\/v2\/tags?post=554321"}],"curies":[{"name":"wp","href":"https:\/\/api.w.org\/{rel}","templated":true}]}}