{"id":554364,"date":"2025-11-24T00:32:35","date_gmt":"2025-11-24T00:32:35","guid":{"rendered":"https:\/\/www.europesays.com\/fr\/554364\/"},"modified":"2025-11-24T00:32:35","modified_gmt":"2025-11-24T00:32:35","slug":"des-regrets-partages-apres-fc-nantes-fc-lorient-1-1","status":"publish","type":"post","link":"https:\/\/www.europesays.com\/fr\/554364\/","title":{"rendered":"Des regrets partag\u00e9s apr\u00e8s FC Nantes &#8211; FC Lorient (1-1)"},"content":{"rendered":"<p class=\"block date\" id=\"dateEtAuteur\">Publi\u00e9 : 23 novembre 2025 \u00e0 22h06 &#8211; Modifi\u00e9 : 23 novembre 2025 \u00e0 22h10 Simon  Reungoat <\/p>\n<p><img decoding=\"async\" class=\"\" style=\"width:100%\" src=\"https:\/\/www.europesays.com\/fr\/wp-content\/uploads\/2025\/11\/WhatsApp_Image_2025_11_23___21_40_58_46d7c84b1763930618613.jpg\" alt=\"La Beaujoire\"\/>Personne n&rsquo;\u00e9tait satisfait ce dimanche soir apr\u00e8s le match nul entre Nantais et Lorientais. <\/p>\n<p>Le FC Nantes a v\u00e9cu une nouvelle d\u00e9convenue devant 26.000 supporters ce dimanche soir \u00e0 La Beaujoire. Un match nul (1-1) face \u00e0 Lorient, qui n\u2019avait pourtant pris qu\u2019un petit point \u00e0 l\u2019ext\u00e9rieur depuis le d\u00e9but de la saison. Les Canaris auraient m\u00eame d\u00fb perdre cette rencontre, sans une \u00e9galisation in extremis d\u2019Awaziem, auteur \u00e9galement d\u2019un but contre son camp en premi\u00e8re p\u00e9riode.<\/p>\n<p>\u00a0<\/p>\n<blockquote><p>\n\u00ab\u00a02 points sur 9 possibles face \u00e0 des concurrents directs, c&rsquo;est insuffisant !\u00a0\u00bb\n<\/p><\/blockquote>\n<p>\u00a0<\/p>\n<p>Pour le gardien nantais Anthony Lopes, \u00ab\u00a0c&rsquo;est une d\u00e9ception parce qu&rsquo;on est \u00e0 domicile, et on se doit de prendre les 3 points contre un concurrent direct pour le maintien. La victoire \u00e9tait tr\u00e8s importante. On va quand m\u00eame garder la t\u00eate haute, car revenir en fin de match comme \u00e7a, c&rsquo;est aussi tr\u00e8s satisfaisant. Cela dit, on est dans une situation en bas de classement, on sait qu&rsquo;on va subir des actions, on sait qu&rsquo;on va subir des tirs, on sait qu&rsquo;on va prendre des buts. Mais par contre, si on garde le m\u00eame \u00e9tat d&rsquo;esprit que ce qu&rsquo;on a montr\u00e9 en deuxi\u00e8me mi-temps, on va beaucoup marquer. Quand tu prends deux points sur neuf possible face \u00e0 des concurrents directs, c&rsquo;est insuffisant. Maintenant, il va falloir regarder vers l&rsquo;avant. On a des adversaires coriaces qui arrivent face \u00e0 nous et il faut se concentrer sur le match de Lyon dimanche\u00a0\u00bb.<\/p>\n<p>Anthony LopesAnthony Lopes <\/p>\n<blockquote><p>\n\u00ab\u00a0La peur et le stress, c&rsquo;est \u00e0 cause du classement\u00a0\u00bb\n<\/p><\/blockquote>\n<p>\u00a0<\/p>\n<p>Le capitaine des Canaris Kelvin Amian estime de son c\u00f4t\u00e9 que la f\u00e9brilit\u00e9 de son \u00e9quipe est due \u00ab\u00a0peut-\u00eatre inconsciemment \u00e0 la peur et au stress. Mais il faut faire abstraction de tout \u00e7a, il faut jouer notre jeu, ne pas avoir peur, mettre toute l&rsquo;envie qu&rsquo;il faut, durant tout le match et non pas une seul mi-temps. La peur et le stress, c&rsquo;est \u00e0 cause du classement, des supporters qui sifflent, un peu de tout. On n&rsquo;est pas dans une bonne situation, donc peut-\u00eatre qu&rsquo;inconsciemment \u00e7a peut jouer. A nous de mettre du rythme, de la combativit\u00e9 et si on y croit, on va gagner les matchs\u00a0\u00bb.<\/p>\n<p>C\u00f4t\u00e9 Lorientais, les hommes d&rsquo;Olivier Pantaloni, pouss\u00e9s par un milliers de supporters qui avaient fait le d\u00e9placement, sont sortis frustr\u00e9s de ce derby.<\/p>\n<p>\u00a0<\/p>\n<blockquote><p>\n\u00ab\u00a0On a beaucoup recul\u00e9 et on a moins gard\u00e9 le ballon\u00a0\u00bb\n<\/p><\/blockquote>\n<p>\u00a0<\/p>\n<p>Pour le d\u00e9fenseur Bamo Meit\u00e9, c&rsquo;est \u00ab\u00a0beaucoup de regrets parce qu&rsquo;on r\u00e9alise une premi\u00e8re mi-temps assez convaincante avec l&rsquo;avantage au score. Quand on rentre \u00e0 la mi-temps, les mots, c&rsquo;est de continuer et de pousser pour arriver au 2-0, et pouvoir fermer le match. Mais la deuxi\u00e8me mi-temps, \u00e7a a \u00e9t\u00e9 compliqu\u00e9, on a beaucoup recul\u00e9 et on a moins gard\u00e9 le ballon. On a \u00e9t\u00e9 moins efficace avec le ballon, beaucoup de jeux directs. Donc voil\u00e0, on doit apprendre de cette mi-temps et malheureusement, on prend ce but \u00e0 la 90e minute qui fait qu&rsquo;on ne rentre pas avec les trois points ce soir !\u00a0\u00bb<\/p>\n<p>Au classement, Nantes et Lorient sont respectivement 15e et 16e avec 11 points chacun. Les Canaris iront \u00e0 Lyon dimanche prochain, tandis que les Merlus recevront Nice.<\/p>\n","protected":false},"excerpt":{"rendered":"Publi\u00e9 : 23 novembre 2025 \u00e0 22h06 &#8211; Modifi\u00e9 : 23 novembre 2025 \u00e0 22h10 Simon Reungoat Personne&hellip;\n","protected":false},"author":2,"featured_media":554365,"comment_status":"","ping_status":"","sticky":false,"template":"","format":"standard","meta":{"footnotes":""},"categories":[2818],"tags":[1111,11,13292,1438,1465,13293,3450,829,4356,2171,4357,3472,434,1777,674,9593,3337,3321,2257,1011,27,9518,848,1114,13289,2693,66,3047,1781,13291,13290,3729,766,12,9144,2636,3319,584,25,4937,3728,3272,60,3087,3165,2546],"class_list":{"0":"post-554364","1":"post","2":"type-post","3":"status-publish","4":"format-standard","5":"has-post-thumbnail","7":"category-nantes","8":"tag-actu","9":"tag-actualites","10":"tag-aeroport-notre-dame-des-landes","11":"tag-angers","12":"tag-basket","13":"tag-bonnets-rouges","14":"tag-brest","15":"tag-bretagne","16":"tag-coronavirus","17":"tag-cotes-darmor","18":"tag-covid-19","19":"tag-dinan","20":"tag-epidemie","21":"tag-eu","22":"tag-europe","23":"tag-fcn","24":"tag-festivals","25":"tag-finistere","26":"tag-foot","27":"tag-fr","28":"tag-france","29":"tag-hand","30":"tag-ille-et-vilaine","31":"tag-infos","32":"tag-la-roche-sur-yon","33":"tag-laval","34":"tag-ligue-1","35":"tag-loire-atlantique","36":"tag-lorient","37":"tag-maine-et-loire","38":"tag-mayenne","39":"tag-morbihan","40":"tag-nantes","41":"tag-news","42":"tag-ouest","43":"tag-pays-de-la-loire","44":"tag-quimper","45":"tag-rennes","46":"tag-republique-francaise","47":"tag-saint-brieuc","48":"tag-saint-malo","49":"tag-saint-nazaire","50":"tag-sports","51":"tag-stade-rennais","52":"tag-vannes","53":"tag-vendee"},"share_on_mastodon":{"url":"","error":"Validation failed: Text character limit of 500 exceeded"},"_links":{"self":[{"href":"https:\/\/www.europesays.com\/fr\/wp-json\/wp\/v2\/posts\/554364","targetHints":{"allow":["GET"]}}],"collection":[{"href":"https:\/\/www.europesays.com\/fr\/wp-json\/wp\/v2\/posts"}],"about":[{"href":"https:\/\/www.europesays.com\/fr\/wp-json\/wp\/v2\/types\/post"}],"author":[{"embeddable":true,"href":"https:\/\/www.europesays.com\/fr\/wp-json\/wp\/v2\/users\/2"}],"replies":[{"embeddable":true,"href":"https:\/\/www.europesays.com\/fr\/wp-json\/wp\/v2\/comments?post=554364"}],"version-history":[{"count":0,"href":"https:\/\/www.europesays.com\/fr\/wp-json\/wp\/v2\/posts\/554364\/revisions"}],"wp:featuredmedia":[{"embeddable":true,"href":"https:\/\/www.europesays.com\/fr\/wp-json\/wp\/v2\/media\/554365"}],"wp:attachment":[{"href":"https:\/\/www.europesays.com\/fr\/wp-json\/wp\/v2\/media?parent=554364"}],"wp:term":[{"taxonomy":"category","embeddable":true,"href":"https:\/\/www.europesays.com\/fr\/wp-json\/wp\/v2\/categories?post=554364"},{"taxonomy":"post_tag","embeddable":true,"href":"https:\/\/www.europesays.com\/fr\/wp-json\/wp\/v2\/tags?post=554364"}],"curies":[{"name":"wp","href":"https:\/\/api.w.org\/{rel}","templated":true}]}}