{"id":554370,"date":"2025-11-24T00:35:13","date_gmt":"2025-11-24T00:35:13","guid":{"rendered":"https:\/\/www.europesays.com\/fr\/554370\/"},"modified":"2025-11-24T00:35:13","modified_gmt":"2025-11-24T00:35:13","slug":"toulouse-un-spectacle-daurores-boreales-va-illuminer-le-centre-ville-pour-noel","status":"publish","type":"post","link":"https:\/\/www.europesays.com\/fr\/554370\/","title":{"rendered":"Toulouse. Un spectacle d&rsquo;aurores bor\u00e9ales va illuminer le centre-ville pour No\u00ebl"},"content":{"rendered":"<p>                    Par<br \/>\n        <strong><br \/>\n            <a href=\"https:\/\/actu.fr\/auteur\/mareva-laville-actu-fr\" title=\"Consulter tous les articles de Mar\u00e9va Laville\" target=\"_blank\" rel=\"noopener\">Mar\u00e9va Laville<\/a><br \/>\n                    <\/strong><\/p>\n<p>        Publi\u00e9 le<\/p>\n<p>            23 nov. 2025 \u00e0 18h04        <\/p>\n<p>Qui n\u2019a jamais r\u00eav\u00e9 de voir des<strong> aurores bor\u00e9ales<\/strong> ? Pour ceux qui n\u2019ont pas eu la chance de les voir de leurs propres yeux, <a href=\"http:\/\/www.actu.fr\/toulouse\" target=\"_blank\" rel=\"noopener\"><strong>Toulouse<\/strong> <\/a>simulera l\u2019exp\u00e9rience pour les f\u00eates. A quelques jours seulement de No\u00ebl, samedi 20 d\u00e9cembre 2025, un spectacle sur<a href=\"https:\/\/actu.fr\/occitanie\/toulouse_31555\/en-images-ciel-rose-des-aurores-boreales-apercues-dans-le-ciel-de-toulouse-et-de-la-haute-garonne_61720180.html\" target=\"_blank\" rel=\"noopener\"> le th\u00e8me des aurores bor\u00e9ales<\/a> aura lieu en plein c\u0153ur de la Ville rose.<\/p>\n<p>Des aurores bor\u00e9ales tout autour du port de la Daurade<\/p>\n<p class=\" wall-content\">Direction la Daurade pour se croire, le temps de quelques minutes, en Scandinavie ou en Islande. \u00c0 la tomb\u00e9e de la nuit, dans le noir profond, les train\u00e9es lumineuses danseront tout autour du port de la Daurade.\u00a0\u00a0<\/p>\n<p class=\" wall-content\">Le (faux) ph\u00e9nom\u00e8ne durera quatre heures, <strong>entre 18h et 22h.<\/strong> Il cl\u00f4turera une soir\u00e9e festive d\u00e9marr\u00e9e par la <strong>parade traditionnelle de No\u00ebl.<\/strong><\/p>\n<p>Trois parades de No\u00ebl<\/p>\n<p class=\" wall-content\"><strong>Trois d\u00e9fil\u00e9s<\/strong> sont programm\u00e9s ce soir-l\u00e0 \u00e0 Toulouse, pour c\u00e9l\u00e9brer le premier jour des vacances scolaires et l\u2019arriv\u00e9e proche des cadeaux de No\u00ebl sous le sapin.\u00a0<\/p>\n<p class=\" wall-content\">Les trois parades s\u2019\u00e9lanceront de divers points de la Ville rose. Une premi\u00e8re parade partira \u00e0 <strong>17h30 de la place Saint-Georges.<\/strong> Une seconde commencera son d\u00e9fil\u00e9 \u00e0 <strong>18h depuis la rue de Metz<\/strong>. Enfin, la troisi\u00e8me s\u2019\u00e9lancera depuis la <strong>place Saint-Sernin<\/strong> quinze minutes plus tard, \u00e0 <strong>18h15<\/strong>. De quoi gentiment ouvrir le bal d\u2019une soir\u00e9e enchant\u00e9e, et donner le la aux aurores bor\u00e9ales \u00e0 quelques m\u00e8tres de l\u00e0.<\/p>\n<p>Vid\u00e9os : en ce moment sur Actu<\/p>\n<p class=\" wall-content\">Personnalisez votre actualit\u00e9 en ajoutant vos villes et m\u00e9dias en favori avec <a href=\"https:\/\/moncompte.actu.fr\" title=\"D\u00e9couvez Mon Actu\" rel=\"nofollow noopener\" data-trk=\"{&quot;cta&quot;:{&quot;action&quot;:&quot;https:\\\/\\\/moncompte.actu.fr&quot;,&quot;category&quot;:&quot;mon compte&quot;,&quot;from&quot;:&quot;article footer&quot;,&quot;name&quot;:&quot;Mon actu&quot;,&quot;type&quot;:&quot;cta&quot;}}\" target=\"_blank\">Mon Actu<\/a>.<\/p>\n","protected":false},"excerpt":{"rendered":"Par Mar\u00e9va Laville Publi\u00e9 le 23 nov. 2025 \u00e0 18h04 Qui n\u2019a jamais r\u00eav\u00e9 de voir des aurores&hellip;\n","protected":false},"author":2,"featured_media":554371,"comment_status":"","ping_status":"","sticky":false,"template":"","format":"standard","meta":{"footnotes":""},"categories":[2816],"tags":[1111,11,1777,674,1011,27,1652,12,15830,2680,25,2312],"class_list":{"0":"post-554370","1":"post","2":"type-post","3":"status-publish","4":"format-standard","5":"has-post-thumbnail","7":"category-toulouse","8":"tag-actu","9":"tag-actualites","10":"tag-eu","11":"tag-europe","12":"tag-fr","13":"tag-france","14":"tag-loisirs-culture","15":"tag-news","16":"tag-noel","17":"tag-occitanie","18":"tag-republique-francaise","19":"tag-toulouse"},"share_on_mastodon":{"url":"https:\/\/pubeurope.com\/@fr\/115601875221965964","error":""},"_links":{"self":[{"href":"https:\/\/www.europesays.com\/fr\/wp-json\/wp\/v2\/posts\/554370","targetHints":{"allow":["GET"]}}],"collection":[{"href":"https:\/\/www.europesays.com\/fr\/wp-json\/wp\/v2\/posts"}],"about":[{"href":"https:\/\/www.europesays.com\/fr\/wp-json\/wp\/v2\/types\/post"}],"author":[{"embeddable":true,"href":"https:\/\/www.europesays.com\/fr\/wp-json\/wp\/v2\/users\/2"}],"replies":[{"embeddable":true,"href":"https:\/\/www.europesays.com\/fr\/wp-json\/wp\/v2\/comments?post=554370"}],"version-history":[{"count":0,"href":"https:\/\/www.europesays.com\/fr\/wp-json\/wp\/v2\/posts\/554370\/revisions"}],"wp:featuredmedia":[{"embeddable":true,"href":"https:\/\/www.europesays.com\/fr\/wp-json\/wp\/v2\/media\/554371"}],"wp:attachment":[{"href":"https:\/\/www.europesays.com\/fr\/wp-json\/wp\/v2\/media?parent=554370"}],"wp:term":[{"taxonomy":"category","embeddable":true,"href":"https:\/\/www.europesays.com\/fr\/wp-json\/wp\/v2\/categories?post=554370"},{"taxonomy":"post_tag","embeddable":true,"href":"https:\/\/www.europesays.com\/fr\/wp-json\/wp\/v2\/tags?post=554370"}],"curies":[{"name":"wp","href":"https:\/\/api.w.org\/{rel}","templated":true}]}}