{"id":554395,"date":"2025-11-24T00:53:22","date_gmt":"2025-11-24T00:53:22","guid":{"rendered":"https:\/\/www.europesays.com\/fr\/554395\/"},"modified":"2025-11-24T00:53:22","modified_gmt":"2025-11-24T00:53:22","slug":"starmer-et-trump-discutent-des-pourparlers-de-geneve-sur-le-plan-de-paix-pour-lukraine","status":"publish","type":"post","link":"https:\/\/www.europesays.com\/fr\/554395\/","title":{"rendered":"Starmer et Trump discutent des pourparlers de Gen\u00e8ve sur le plan de paix pour l\u2019Ukraine"},"content":{"rendered":"<p>AA \/ Londres \/ Burak Bir<\/p>\n<p>\u200b\u200b\u200b\u200b\u200b\u200b\u200b<\/p>\n<p>Le Premier ministre britannique Keir Starmer et le pr\u00e9sident am\u00e9ricain Donald Trump se sont entretenus dimanche par t\u00e9l\u00e9phone au sujet des discussions de Gen\u00e8ve portant sur le plan de Washington visant \u00e0 mettre fin \u00e0 la guerre entre la Russie et l\u2019Ukraine.<\/p>\n<p>Dans un communiqu\u00e9, les services du Premier ministre ont pr\u00e9cis\u00e9 que les deux dirigeants ont \u00e9voqu\u00e9 plusieurs aspects des discussions de haut niveau tenues dimanche \u00e0 Gen\u00e8ve autour du plan de paix am\u00e9ricain pour l\u2019Ukraine.<\/p>\n<p>\u00ab Ils ont convenu que nous devons tous travailler ensemble, en ce moment critique, pour instaurer une paix juste et durable. Ils sont convenus de rester en contact \u00bb, poursuit le communiqu\u00e9.<\/p>\n<p>Cet \u00e9change intervient alors que de hauts responsables am\u00e9ricains et ukrainiens ont tenu des pourparlers \u00e0 Gen\u00e8ve sur une proposition en 28 points destin\u00e9e \u00e0 faire avancer les efforts de paix en Ukraine.<\/p>\n<p>Les discussions r\u00e9unissent une d\u00e9l\u00e9gation am\u00e9ricaine conduite par le secr\u00e9taire d\u2019\u00c9tat Marco Rubio et l\u2019envoy\u00e9 du pr\u00e9sident Trump, Steve Witkoff. La partie ukrainienne est men\u00e9e par le chef de cabinet de la pr\u00e9sidence, Andriy Yermak. Le secr\u00e9taire \u00e0 l\u2019Arm\u00e9e am\u00e9ricaine, Daniel Driscoll, fait \u00e9galement partie de la d\u00e9l\u00e9gation pr\u00e9sente \u00e0 Gen\u00e8ve.<\/p>\n<p>Parall\u00e8lement, les conseillers \u00e0 la s\u00e9curit\u00e9 nationale du groupe E3, Royaume-Uni, France et Allemagne, ont \u00e9galement rencontr\u00e9 la d\u00e9l\u00e9gation ukrainienne \u00e0 Gen\u00e8ve.<\/p>\n<p>Le plan am\u00e9ricain en 28 points pour mettre fin \u00e0 un conflit vieux de plus de trois ans et demi est au centre des discussions \u00e0 Gen\u00e8ve, o\u00f9 se sont r\u00e9unis des repr\u00e9sentants de Washington, Kiev et de plusieurs capitales europ\u00e9ennes.<\/p>\n<p>Donald Trump a d\u00e9clar\u00e9 samedi que ce plan r\u00e9dig\u00e9 par les \u00c9tats-Unis ne constitue pas son \u00ab offre finale \u00bb, alors que la proposition suscite des inqui\u00e9tudes \u00e0 Kiev et parmi ses alli\u00e9s.<\/p>\n<p>Le projet pr\u00e9voit notamment que l\u2019Ukraine c\u00e8de des territoires suppl\u00e9mentaires \u00e0 la Russie, limite la taille de son arm\u00e9e et renonce officiellement \u00e0 int\u00e9grer l\u2019OTAN. Trump a laiss\u00e9 jusqu\u2019\u00e0 jeudi au pr\u00e9sident ukrainien pour r\u00e9pondre.<\/p>\n<p>Volodymyr Zelensky a reconnu \u00eatre confront\u00e9 \u00e0 un choix difficile : \u00ab perdre notre dignit\u00e9 ou risquer de perdre un partenaire cl\u00e9 \u00bb.<\/p>\n<p>Samedi, neuf dirigeants europ\u00e9ens, ainsi que le Japon, le Canada et de hauts responsables de l\u2019UE, ont exprim\u00e9 leurs inqui\u00e9tudes quant aux restrictions pr\u00e9vues pour les forces arm\u00e9es ukrainiennes, avertissant qu\u2019elles \u00ab rendraient l\u2019Ukraine vuln\u00e9rable \u00e0 de futures attaques \u00bb.<\/p>\n<p>* Traduit de l&rsquo;anglais par Adama Bamba<\/p>\n<p>                            &#13;<br \/>\n                                <a href=\"https:\/\/www.aa.com.tr\/fr\/p\/abonnement\/1001\" target=\"_blank\" style=\"font-size:12px; color:#444; text-decoration:none;\" rel=\"noopener\">&#13;<br \/>\n                                    Seulement une partie des d\u00e9p\u00eaches, que l&rsquo;Agence Anadolu diffuse \u00e0 ses abonn\u00e9s via le Syst\u00e8me de Diffusion interne (HAS), est diffus\u00e9e sur le site de l&rsquo;AA, de mani\u00e8re r\u00e9sum\u00e9e. <b style=\"color:#1897F7\">Contactez-nous s&rsquo;il vous pla\u00eet pour vous abonner.<\/b>&#13;<br \/>\n                                <\/a>&#13;<\/p>\n","protected":false},"excerpt":{"rendered":"AA \/ Londres \/ Burak Bir \u200b\u200b\u200b\u200b\u200b\u200b\u200b Le Premier ministre britannique Keir Starmer et le pr\u00e9sident am\u00e9ricain Donald&hellip;\n","protected":false},"author":2,"featured_media":554396,"comment_status":"","ping_status":"","sticky":false,"template":"","format":"standard","meta":{"footnotes":""},"categories":[1590],"tags":[4295,67200,11,1785,75,1777,674,3482,61632,12,220],"class_list":{"0":"post-554395","1":"post","2":"type-post","3":"status-publish","4":"format-standard","5":"has-post-thumbnail","7":"category-ukraine","8":"tag-tats-unis","9":"tag-accord-de-genve","10":"tag-actualites","11":"tag-anadolu-ajansi","12":"tag-donald-trump","13":"tag-eu","14":"tag-europe","15":"tag-guerre-russie-ukraine","16":"tag-le-premier-ministre-britannique-keir-starmer","17":"tag-news","18":"tag-ukraine"},"share_on_mastodon":{"url":"https:\/\/pubeurope.com\/@fr\/115601945646710418","error":""},"_links":{"self":[{"href":"https:\/\/www.europesays.com\/fr\/wp-json\/wp\/v2\/posts\/554395","targetHints":{"allow":["GET"]}}],"collection":[{"href":"https:\/\/www.europesays.com\/fr\/wp-json\/wp\/v2\/posts"}],"about":[{"href":"https:\/\/www.europesays.com\/fr\/wp-json\/wp\/v2\/types\/post"}],"author":[{"embeddable":true,"href":"https:\/\/www.europesays.com\/fr\/wp-json\/wp\/v2\/users\/2"}],"replies":[{"embeddable":true,"href":"https:\/\/www.europesays.com\/fr\/wp-json\/wp\/v2\/comments?post=554395"}],"version-history":[{"count":0,"href":"https:\/\/www.europesays.com\/fr\/wp-json\/wp\/v2\/posts\/554395\/revisions"}],"wp:featuredmedia":[{"embeddable":true,"href":"https:\/\/www.europesays.com\/fr\/wp-json\/wp\/v2\/media\/554396"}],"wp:attachment":[{"href":"https:\/\/www.europesays.com\/fr\/wp-json\/wp\/v2\/media?parent=554395"}],"wp:term":[{"taxonomy":"category","embeddable":true,"href":"https:\/\/www.europesays.com\/fr\/wp-json\/wp\/v2\/categories?post=554395"},{"taxonomy":"post_tag","embeddable":true,"href":"https:\/\/www.europesays.com\/fr\/wp-json\/wp\/v2\/tags?post=554395"}],"curies":[{"name":"wp","href":"https:\/\/api.w.org\/{rel}","templated":true}]}}