{"id":554399,"date":"2025-11-24T00:55:45","date_gmt":"2025-11-24T00:55:45","guid":{"rendered":"https:\/\/www.europesays.com\/fr\/554399\/"},"modified":"2025-11-24T00:55:45","modified_gmt":"2025-11-24T00:55:45","slug":"lenquete-sur-la-gestion-du-covid-19-au-royaume-uni-cible-boris-johnson","status":"publish","type":"post","link":"https:\/\/www.europesays.com\/fr\/554399\/","title":{"rendered":"l\u2019enqu\u00eate sur la gestion du Covid-19 au Royaume-Uni cible Boris Johnson"},"content":{"rendered":"\n<p>\u201cDes retards \u2018inexcusables\u2019 li\u00e9s \u00e0 la pand\u00e9mie ont co\u00fbt\u00e9 la vie \u00e0 23\u00a0000\u00a0personnes.\u201d C\u2019est <a class=\"ithalc\" data-ithal=\"lien_externe\" data-ithalc=\"[nav_article]\" target=\"_blank\" href=\"https:\/\/www.thetimes.com\/uk\/politics\/article\/covid-inquiry-cost-news-wgczzdlxt?t=1763736121673\" rel=\"noopener\">la une accusatrice du journal <strong>The Times<\/strong><\/a> ce vendredi 21\u00a0novembre, apr\u00e8s la publication du rapport de l\u2019enqu\u00eate sur la gestion du Covid-19\u00a0au Royaume-Uni, accompagn\u00e9e d\u2019une photo o\u00f9 Boris Johnson, Premier ministre \u00e0 l\u2019\u00e9poque, affiche un air contrit.<\/p>\n<p>Le rapport affirme que ces morts \u00e9taient \u201c\u00e9vitables\u201d. Selon les mod\u00e9lisations cit\u00e9es, un confinement impos\u00e9 autour du 16\u00a0mars au lieu du <a href=\"https:\/\/www.courrierinternational.com\/revue-de-presse\/coronavirus-sous-la-pression-boris-johnson-finit-par-decreter-un-confinement\" target=\"_blank\" rel=\"noopener\">23\u00a0mars 2020<\/a> aurait r\u00e9duit le nombre de d\u00e9c\u00e8s de la premi\u00e8re vague de \u201c48\u00a0%, soit 23\u00a0000 d\u00e9c\u00e8s en moins\u201d. Boris Johnson est critiqu\u00e9 pour n\u2019avoir pas pris en compte \u201cla catastrophe qui mena\u00e7ait le Royaume-Uni\u201d, ce qui \u00e9quivaut \u00e0 des manquements jug\u00e9s \u201cinexcusables\u201d.<\/p>\n<p>               \u201cDes cicatrices durables sur la soci\u00e9t\u00e9\u201d       <\/p>\n<p>La baronne Hallett, juge britannique de haut rang et pr\u00e9sidente de l\u2019enqu\u00eate publique sur la gestion de la pand\u00e9mie, d\u00e9peint une politique sanitaire min\u00e9e par \u201cune culture de la peur, de la m\u00e9fiance mutuelle et de la suspicion\u201d, instaur\u00e9e par <a href=\"https:\/\/www.courrierinternational.com\/article\/coup-de-theatre-dominic-cummings-influent-conseiller-de-boris-johnson-sen-va\" target=\"_blank\" rel=\"noopener\">Dominic Cummings<\/a>, ancien strat\u00e8ge du Brexit et conseiller sp\u00e9cial de Boris Johnson \u00e0 Downing Street. Selon elle, Dominic Cummings aurait \u201cempoisonn\u00e9 l\u2019atmosph\u00e8re et sap\u00e9 l\u2019autorit\u00e9 du Premier ministre\u201d. Le rapport d\u00e9crit un fonctionnement \u201ctoxique, sexiste et chaotique\u201d dans lequel \u201cles voix les plus bruyantes l\u2019emportaient\u201d, au d\u00e9triment d\u2019une prise de d\u00e9cision coh\u00e9rente.<\/p>\n<p>Si les confinements ont \u201csans aucun doute\u201d sauv\u00e9 des vies, le rapport souligne qu\u2019ils ont aussi \u201claiss\u00e9 des cicatrices durables sur la soci\u00e9t\u00e9\u201d, interrompu l\u2019enfance des petits Britanniques, creus\u00e9 les in\u00e9galit\u00e9s et pes\u00e9 lourdement sur la sant\u00e9 mentale de la population. La juge Hallett pr\u00e9vient que, \u201csi des le\u00e7ons ne sont pas tir\u00e9es et des changements fondamentaux instaur\u00e9s, le co\u00fbt humain et financier de la pand\u00e9mie aura \u00e9t\u00e9 vain\u201d.<\/p>\n<p>Les familles endeuill\u00e9es accusent Boris Johnson d\u2019avoir \u201cconstamment tard\u00e9 \u00e0 agir, ignor\u00e9 les avis et privil\u00e9gi\u00e9 sa r\u00e9putation politique au d\u00e9triment de la s\u00e9curit\u00e9 du peuple\u201d. Dominic Cummings a rejet\u00e9 ces conclusions, jugeant qu\u2019il s\u2019agissait d\u2019\u201cun m\u00e9lange d\u2019inspecteur Clouseau, de dissimulations et de r\u00e9\u00e9criture de l\u2019histoire\u201d.<\/p>\n<p>L\u2019\u00e9ditorial du quotidien londonien est sans appel\u00a0: \u201cAucun Premier ministre de l\u2019\u00e9poque moderne n\u2019a \u00e9t\u00e9 confront\u00e9 \u00e0 des accusations si pr\u00e9cises en mati\u00e8re de co\u00fbt humain et si accablantes envers un leadership r\u00e9v\u00e9l\u00e9 d\u00e9faillant. Toute suggestion selon laquelle ce bouffon autoproclam\u00e9 de la sc\u00e8ne politique britannique pourrait revenir en tant que sauveur du Parti conservateur est d\u00e9sormais \u00e9cart\u00e9e.\u201d<\/p>\n<p>Nos lecteurs ont lu\u00a0aussi<\/p>\n<p>Source de l\u2019article<\/p>\n<p>   <img decoding=\"async\" class=\"source-logo\" src=\"https:\/\/www.europesays.com\/fr\/wp-content\/uploads\/2025\/04\/1745749512_584_6daa7ca_1643653582538-the-times.jpg\"  alt=\"Logo\" loading=\"lazy\" width=\"32\" height=\"32\"\/>  The Times  (Londres)       <\/p>\n<p>Le plus ancien des quotidiens britanniques (1785) et le plus connu \u00e0 l\u2019\u00e9tranger appartient depuis 1981\u00a0\u00e0 News UK, propri\u00e9t\u00e9 du milliardaire Rupert Murdoch. De tendance conservatrice, il a longtemps \u00e9t\u00e9 le journal de r\u00e9f\u00e9rence et la voix de l\u2019establishment. En 2016, The Times se prononce contre la sortie du Royaume-Uni de l\u2019Union europ\u00e9enne et continue de militer pour la pr\u00e9servation de bonnes relations avec le continent.<\/p>\n<p>Aux quelque 360\u00a0000\u00a0lecteurs du journal en version papier s\u2019ajoutent plus de 400\u00a0000\u00a0abonn\u00e9s num\u00e9riques. Au d\u00e9but de l\u2019agression russe en Ukraine, le 24\u00a0f\u00e9vrier 2022, le site de The Times (partag\u00e9 avec son \u00e9dition dominicale The Sunday Times) enregistre 1\u00a0000\u00a0nouveaux abonnements par jour, reflet de son excellent travail de terrain en mati\u00e8re d\u2019actualit\u00e9 internationale. Sept reporters couvrent le conflit en permanence, sur le terrain.<\/p>\n<p>En 2020, News UK a lanc\u00e9 Times Radio, station de radio g\u00e9n\u00e9raliste pens\u00e9e pour concurrencer BBC Radio 4, l\u2019\u00e9quivalent britannique de France Inter. Anim\u00e9es en partie par des journalistes de la r\u00e9daction de The Times, ses \u00e9missions attirent un demi-million d\u2019auditeurs par semaine.<\/p>\n<p>      <a href=\"https:\/\/www.courrierinternational.com\/notule-source\/the-times\" class=\"source-link\" target=\"_blank\" rel=\"noopener\">Lire la suite<\/a>                   <\/p>\n<p>Nos services<\/p>\n","protected":false},"excerpt":{"rendered":"\u201cDes retards \u2018inexcusables\u2019 li\u00e9s \u00e0 la pand\u00e9mie ont co\u00fbt\u00e9 la vie \u00e0 23\u00a0000\u00a0personnes.\u201d C\u2019est la une accusatrice du&hellip;\n","protected":false},"author":2,"featured_media":554400,"comment_status":"","ping_status":"","sticky":false,"template":"","format":"standard","meta":{"footnotes":""},"categories":[1588],"tags":[11,5356,9491,4357,1777,674,11066,12,316,473,1853,1857,1851,1850,1852],"class_list":{"0":"post-554399","1":"post","2":"type-post","3":"status-publish","4":"format-standard","5":"has-post-thumbnail","7":"category-royaume-uni","8":"tag-actualites","9":"tag-boris-johnson","10":"tag-confinement","11":"tag-covid-19","12":"tag-eu","13":"tag-europe","14":"tag-lapru00e8s-covid-19","15":"tag-news","16":"tag-politique","17":"tag-royaume-uni","18":"tag-royaume-uni-de-grande-bretagne-et-dirlande-du-nord","19":"tag-sociu00e9tu00e9","20":"tag-uk","21":"tag-united-kingdom","22":"tag-united-kingdom-of-great-britain-and-northern-ireland"},"share_on_mastodon":{"url":"https:\/\/pubeurope.com\/@fr\/115601954162668600","error":""},"_links":{"self":[{"href":"https:\/\/www.europesays.com\/fr\/wp-json\/wp\/v2\/posts\/554399","targetHints":{"allow":["GET"]}}],"collection":[{"href":"https:\/\/www.europesays.com\/fr\/wp-json\/wp\/v2\/posts"}],"about":[{"href":"https:\/\/www.europesays.com\/fr\/wp-json\/wp\/v2\/types\/post"}],"author":[{"embeddable":true,"href":"https:\/\/www.europesays.com\/fr\/wp-json\/wp\/v2\/users\/2"}],"replies":[{"embeddable":true,"href":"https:\/\/www.europesays.com\/fr\/wp-json\/wp\/v2\/comments?post=554399"}],"version-history":[{"count":0,"href":"https:\/\/www.europesays.com\/fr\/wp-json\/wp\/v2\/posts\/554399\/revisions"}],"wp:featuredmedia":[{"embeddable":true,"href":"https:\/\/www.europesays.com\/fr\/wp-json\/wp\/v2\/media\/554400"}],"wp:attachment":[{"href":"https:\/\/www.europesays.com\/fr\/wp-json\/wp\/v2\/media?parent=554399"}],"wp:term":[{"taxonomy":"category","embeddable":true,"href":"https:\/\/www.europesays.com\/fr\/wp-json\/wp\/v2\/categories?post=554399"},{"taxonomy":"post_tag","embeddable":true,"href":"https:\/\/www.europesays.com\/fr\/wp-json\/wp\/v2\/tags?post=554399"}],"curies":[{"name":"wp","href":"https:\/\/api.w.org\/{rel}","templated":true}]}}