{"id":554403,"date":"2025-11-24T00:58:11","date_gmt":"2025-11-24T00:58:11","guid":{"rendered":"https:\/\/www.europesays.com\/fr\/554403\/"},"modified":"2025-11-24T00:58:11","modified_gmt":"2025-11-24T00:58:11","slug":"washington-tres-optimiste-apres-une-journee-de-pourparlers-sur-lukraine-a-geneve","status":"publish","type":"post","link":"https:\/\/www.europesays.com\/fr\/554403\/","title":{"rendered":"Washington \u00ab\u00a0tr\u00e8s optimiste\u00a0\u00bb apr\u00e8s une journ\u00e9e de pourparlers sur l\u2019Ukraine \u00e0 Gen\u00e8ve"},"content":{"rendered":"<p>Ces discussions se tenaient sur la base du projet de plan en 28 points de Donald Trump visant \u00e0 mettre fin au conflit provoqu\u00e9 par pr\u00e8s de quatre ans d\u2019invasion russe.<\/p>\n<p>Les pourparlers de dimanche sont d\u00e9sormais officiellement clos, mais de nombreuses inconnues demeurent.<\/p>\n<p>\u00ab\u00a0Nous avons fait d\u2019\u00e9normes progr\u00e8s\u00a0\u00bb et \u00ab\u00a0je peux vous dire que les points qui restent en suspens ne sont pas insurmontables. Nous avons simplement besoin de plus de temps\u00a0\u00bb, a d\u00e9clar\u00e9 M. Rubio aux journalistes, sans donner plus de pr\u00e9cision. Il a rappel\u00e9 que les Russes auront \u00ab\u00a0leur mot \u00e0 dire\u00a0\u00bb.<\/p>\n<p>Le n\u00e9gociateur ukrainien Andri\u00ef Iermak, bras droit du pr\u00e9sident ukrainien, a \u00e9galement fait \u00e9tat \u00ab\u00a0de tr\u00e8s bons progr\u00e8s\u00a0\u00bb, apr\u00e8s que Volodymyr Zelensky a indiqu\u00e9 que la nouvelle version du plan am\u00e9ricain refl\u00e9tait \u00ab\u00a0d\u00e9j\u00e0 la plupart des priorit\u00e9s cl\u00e9s\u00a0\u00bb de Kiev.<\/p>\n<p>Le pr\u00e9sident am\u00e9ricain avait donn\u00e9 jusqu\u2019au 27\u00a0novembre \u00e0 son homologue ukrainien pour donner une r\u00e9ponse, avant d\u2019indiquer samedi que ce plan ne constituait pas sa \u00ab\u00a0derni\u00e8re offre\u00a0\u00bb.<\/p>\n<p>M.\u00a0Rubio a \u00e9galement laiss\u00e9 entendre dimanche qu\u2019il y avait une certaine souplesse quant au calendrier\u00a0: \u00ab\u00a0Nous nous voulons que cela soit fait le plus rapidement possible. \u00c9videmment, nous aimerions que ce soit jeudi\u00a0\u00bb.<\/p>\n<p>Trump \u00ab\u00a0assez satisfait\u00a0\u00bb<\/p>\n<p>La version initiale du document avait suscit\u00e9 l\u2019opposition de Kiev et de ses alli\u00e9s europ\u00e9ens, venus dimanche \u00e0 Gen\u00e8ve pour \u00e9viter une paix en forme de capitulation.<\/p>\n<p>\u00ab\u00a0Nous sommes arriv\u00e9s ici aujourd\u2019hui avec un seul objectif, qui \u00e9tait d\u2019obtenir, vous le savez, 28 points ou 26 points &#8211; selon la version car elle continue d\u2019\u00e9voluer &#8211; et d\u2019essayer de r\u00e9duire le nombre de points en suspens, et nous y sommes parvenus aujourd\u2019hui de mani\u00e8re tr\u00e8s substantielle\u00a0\u00bb, a indiqu\u00e9 M. Rubio.<\/p>\n<p>Selon lui, Donald Trump est \u00ab\u00a0assez satisfait des informations\u00a0\u00bb qu\u2019il a re\u00e7ues concernant les \u00ab\u00a0progr\u00e8s\u00a0\u00bb r\u00e9alis\u00e9s durant les pourparlers \u00e0 Gen\u00e8ve.<\/p>\n<p>Plusieurs r\u00e9unions de coordination ont eu lieu entre Europ\u00e9ens, Am\u00e9ricains et Ukrainiens, avant une longue r\u00e9union bilat\u00e9rale de ces deux derni\u00e8res d\u00e9l\u00e9gations au sein de la Repr\u00e9sentation am\u00e9ricaine \u00e0 Gen\u00e8ve.<\/p>\n<p>C\u00f4t\u00e9 am\u00e9ricain, \u00e9taient notamment pr\u00e9sents Jared Kushner, gendre du pr\u00e9sident, Steve Witkoff, son \u00e9missaire diplomatique, et le commandant supr\u00eame des forces de l\u2019Otan en Europe, le g\u00e9n\u00e9ral Alexus Grynkewich, qui figurait sous sa casquette am\u00e9ricaine.<\/p>\n<p>Reconnaissant envers Trump<\/p>\n<p>Salu\u00e9 par le pr\u00e9sident russe Vladimir Poutine, le texte initial du plan de Trump reprend plusieurs exigences cl\u00e9s de Moscou\u00a0: que l\u2019Ukraine lui c\u00e8de des territoires, accepte de r\u00e9duire la taille de son arm\u00e9e et renonce \u00e0 int\u00e9grer l\u2019Otan. Tout en offrant des garanties de s\u00e9curit\u00e9 occidentales \u00e0 Kiev pour pr\u00e9venir toute nouvelle attaque russe.<\/p>\n<p>Le texte propose aussi la fin de l\u2019isolement de la Russie \u00e0 l\u2019\u00e9gard du monde occidental, avec sa r\u00e9int\u00e9gration au G8 et la lev\u00e9e progressive des sanctions.<\/p>\n<p>Volodymyr Zelensky a d\u00e9clar\u00e9 dimanche qu\u2019il \u00e9tait \u00ab\u00a0personnellement\u00a0\u00bb reconnaissant envers Donald Trump, apr\u00e8s la publication par le pr\u00e9sident am\u00e9ricain d\u2019un message sur les r\u00e9seaux sociaux accusant une nouvelle fois Kiev de manquer de gratitude.<\/p>\n<p>\u00ab\u00a0Les responsables ukrainiens n\u2019ont exprim\u00e9 aucune gratitude pour nos efforts\u00a0\u00bb, a \u00e9crit le pr\u00e9sident am\u00e9ricain sur Truth Social, affirmant avoir \u00ab\u00a0h\u00e9rit\u00e9 d\u2019une guerre qui n\u2019aurait jamais d\u00fb arriver\u00a0\u00bb.<\/p>\n<p>R\u00f4le \u00ab\u00a0central\u00a0\u00bb de l\u2019UE<\/p>\n<p>Les Europ\u00e9ens cherchent pour leur part \u00e0 ne pas \u00eatre tenus \u00e0 l\u2019\u00e9cart des tractations.<\/p>\n<p>\u00ab\u00a0L\u2019Ukraine doit avoir la libert\u00e9 et le droit souverain de choisir son propre destin. Elle a choisi un destin europ\u00e9en\u00a0\u00bb, a affirm\u00e9 dimanche la pr\u00e9sidente de la Commission Ursula von der Leyen, soulignant que le r\u00f4le \u00ab\u00a0central\u00a0\u00bb de l\u2019Union europ\u00e9enne doit \u00eatre \u00ab\u00a0pleinement reconnu\u00a0\u00bb.<\/p>\n<p>Le chancelier allemand Friedrich Merz s\u2019est dit \u00ab\u00a0sceptique\u00a0\u00bb sur les chances de parvenir \u00e0 un accord d\u2019ici le 27\u00a0novembre. Il a fait une proposition, actuellement en discussion \u00e0 Gen\u00e8ve, qui pourrait permettre de \u00ab\u00a0faire au moins un premier pas jeudi\u00a0\u00bb.<\/p>\n<p>Depuis le sommet du G20 en Afrique du Sud, la Premi\u00e8re ministre italienne Giorgia Meloni a elle d\u00e9clar\u00e9 qu\u2019il n\u2019\u00e9tait pas n\u00e9cessaire de pr\u00e9senter une \u00ab\u00a0contre-proposition compl\u00e8te\u00a0\u00bb au plan am\u00e9ricain, affirmant que les discussions constituaient un \u00ab\u00a0test de maturit\u00e9\u00a0\u00bb pour l\u2019Europe.<\/p>\n<p>Donald Trump et le Premier ministre britannique Keir Starmer ont eux convenu dimanche lors d\u2019un appel t\u00e9l\u00e9phonique qu\u2019il \u00e9tait important de \u00ab\u00a0travailler tous ensemble en ce moment critique\u00a0\u00bb pour l\u2019avenir de l\u2019Ukraine, a indiqu\u00e9 Downing Street.<\/p>\n","protected":false},"excerpt":{"rendered":"Ces discussions se tenaient sur la base du projet de plan en 28 points de Donald Trump visant&hellip;\n","protected":false},"author":2,"featured_media":554404,"comment_status":"","ping_status":"","sticky":false,"template":"","format":"standard","meta":{"footnotes":""},"categories":[1586],"tags":[11,1777,674,1011,27,12,25],"class_list":{"0":"post-554403","1":"post","2":"type-post","3":"status-publish","4":"format-standard","5":"has-post-thumbnail","7":"category-europe","8":"tag-actualites","9":"tag-eu","10":"tag-europe","11":"tag-fr","12":"tag-france","13":"tag-news","14":"tag-republique-francaise"},"share_on_mastodon":{"url":"https:\/\/pubeurope.com\/@fr\/115601965329386992","error":""},"_links":{"self":[{"href":"https:\/\/www.europesays.com\/fr\/wp-json\/wp\/v2\/posts\/554403","targetHints":{"allow":["GET"]}}],"collection":[{"href":"https:\/\/www.europesays.com\/fr\/wp-json\/wp\/v2\/posts"}],"about":[{"href":"https:\/\/www.europesays.com\/fr\/wp-json\/wp\/v2\/types\/post"}],"author":[{"embeddable":true,"href":"https:\/\/www.europesays.com\/fr\/wp-json\/wp\/v2\/users\/2"}],"replies":[{"embeddable":true,"href":"https:\/\/www.europesays.com\/fr\/wp-json\/wp\/v2\/comments?post=554403"}],"version-history":[{"count":0,"href":"https:\/\/www.europesays.com\/fr\/wp-json\/wp\/v2\/posts\/554403\/revisions"}],"wp:featuredmedia":[{"embeddable":true,"href":"https:\/\/www.europesays.com\/fr\/wp-json\/wp\/v2\/media\/554404"}],"wp:attachment":[{"href":"https:\/\/www.europesays.com\/fr\/wp-json\/wp\/v2\/media?parent=554403"}],"wp:term":[{"taxonomy":"category","embeddable":true,"href":"https:\/\/www.europesays.com\/fr\/wp-json\/wp\/v2\/categories?post=554403"},{"taxonomy":"post_tag","embeddable":true,"href":"https:\/\/www.europesays.com\/fr\/wp-json\/wp\/v2\/tags?post=554403"}],"curies":[{"name":"wp","href":"https:\/\/api.w.org\/{rel}","templated":true}]}}