{"id":554405,"date":"2025-11-24T00:59:18","date_gmt":"2025-11-24T00:59:18","guid":{"rendered":"https:\/\/www.europesays.com\/fr\/554405\/"},"modified":"2025-11-24T00:59:18","modified_gmt":"2025-11-24T00:59:18","slug":"cristiano-ronaldo-a-eu-le-dernier-mot-face-a-anthony-moris","status":"publish","type":"post","link":"https:\/\/www.europesays.com\/fr\/554405\/","title":{"rendered":"Cristiano Ronaldo a eu le dernier mot face \u00e0 Anthony Moris"},"content":{"rendered":"<p><strong>Moris battu par Man\u00e9, CR7 et Joao Felix<\/strong><\/p>\n<p class=\"ap-StoryElement ap-StoryElement--mb ap-StoryText\">Battu 1-0 lundi pass\u00e9 en Irlande, pour cl\u00f4turer une campagne de qualification difficile du Grand-Duch\u00e9 (aucun point), Anthony Moris a subi une nouvelle d\u00e9faite hier (4-1), pour la reprise du championnat arabe. Et pas contre n&rsquo;importe qui puisqu&rsquo;Al Khaleej, son \u00e9quipe, s&rsquo;est inclin\u00e9e contre le puissant Al Nassr, le club de Cristiano Ronaldo, Sadio Man\u00e9 et Joao Felix. Les trois joueurs ont d&rsquo;ailleurs marqu\u00e9, mais CR 7\u00a0a d\u00fb attendre les arr\u00eats de jeu pour le faire, marquant au prix d&rsquo;un superbe retourn\u00e9. Auparavant, le gardien habaysien avait r\u00e9ussi un superbe arr\u00eat sur une reprise \u00e0 bout portant du quintuple Ballon d&rsquo;or.<\/p>\n<p><strong>Bassette ce lundi<\/strong><\/p>\n<p class=\"ap-StoryElement ap-StoryElement--mb ap-StoryText\">En manque de temps de jeu, Norman Bassette n&rsquo;a pas jou\u00e9 avec le Stade de Reims le week-end pass\u00e9 en Coupe de France (succ\u00e8s 0-1 \u00e0 Charleville). Et pour cause puisqu&rsquo;il \u00e9tait repris avec les espoirs belges, battus 1-0 par l&rsquo;Autriche. Mont\u00e9 pour les vingt derni\u00e8res minutes, l&rsquo;attaquant gaumais n&rsquo;a pu am\u00e9liorer le rendement offensif des Diablotins. Reims affronte Montpellier ce lundi, en Ligue 2.<\/p>\n<p><strong>Siquet trois mois plus tard<\/strong><\/p>\n<p class=\"ap-StoryElement ap-StoryElement--mb ap-StoryText\">\u00c0 Bruges, les blessures de Sabbe et Meijer profitent \u00e0 Hugo Siquet. Le lat\u00e9ral famennois, qui n&rsquo;avait plus \u00e9t\u00e9 titulaire depuis le 16\u00a0ao\u00fbt (0-1 \u00e0 Zulte-Waregem), a disput\u00e9 la quasi enti\u00e8ret\u00e9 de la rencontre face \u00e0 Charleroi samedi (1-0). Tr\u00e8s volontaire et pr\u00e9sent en premi\u00e8re p\u00e9riode, il a distill\u00e9 pas mal de centres (dont un qui a failli provoquer un auto-goal), mais s&rsquo;est un peu \u00e9teint au fil de la seconde. Il a \u00e9t\u00e9 remplac\u00e9 \u00e0 cinq minutes du terme, sous les applaudissements.<\/p>\n<p><strong>Fran\u00e7ois sur le banc<\/strong><\/p>\n<p class=\"ap-StoryElement ap-StoryElement--mb ap-StoryText\">Autre lat\u00e9ral droit, Guillaume Fran\u00e7ois n&rsquo;a, lui, pas quitt\u00e9 le banc de l&rsquo;Union qui a dict\u00e9 sa loi au Cercle de Bruges et reste bien install\u00e9e en t\u00eate du championnat.<\/p>\n<p><strong>Cachbach battu<\/strong><\/p>\n<p class=\"ap-StoryElement ap-StoryElement--mb ap-StoryText\">L&rsquo;Olympic, avec un Mathieu Cachbach comme toujours titulaire, s&rsquo;est inclin\u00e9 1-2 devant le Beerschot en D1 B, non sans confirmer ses r\u00e9cents progr\u00e8s. Les Dogues restent toutefois avant-derniers.<\/p>\n<p><strong>20 minutes pour Lockman<\/strong><\/p>\n<p class=\"ap-StoryElement ap-StoryElement--mb ap-StoryText\">Tom Lockman, comme il en a l&rsquo;habitude d\u00e9sormais, est entr\u00e9 dans le final du match que disputait Seraing \u00e0 Anderlecht B (2-2). Il a jou\u00e9 les vingt derni\u00e8res minutes. Dans les rangs du RWDM, Noah Dodeigne n&rsquo;est, lui, pas encore op\u00e9rationnel.<\/p>\n<p><strong>Un quart d&rsquo;heure pour D\u00e9om<\/strong><\/p>\n<p class=\"ap-StoryElement ap-StoryElement--mb ap-StoryText\">Roda, en D2 n\u00e9erlandaise, a d\u00fb se contenter d&rsquo;un point \u00e0 Emmen samedi (1-1). J\u00e9r\u00f4me D\u00e9om est mont\u00e9 au jeu pour un dernier quart d&rsquo;heure que son \u00e9quipe a domin\u00e9 sans pouvoir \u00e9merger.<\/p>\n<p><strong>Un assist et un break pour Henen<\/strong><\/p>\n<p class=\"ap-StoryElement ap-StoryElement--mb ap-StoryText\">David Henen a d\u00e9livr\u00e9 un assist en Coupe du Vietnam, face au FC SLNA. Son deuxi\u00e8me cette saison. Son \u00e9quipe, Da Nang, se hisse ainsi en quarts de finale avant une tr\u00eave hivernale qui prendra fin d\u00e9but f\u00e9vrier.<\/p>\n","protected":false},"excerpt":{"rendered":"Moris battu par Man\u00e9, CR7 et Joao Felix Battu 1-0 lundi pass\u00e9 en Irlande, pour cl\u00f4turer une campagne&hellip;\n","protected":false},"author":2,"featured_media":554406,"comment_status":"","ping_status":"","sticky":false,"template":"","format":"standard","meta":{"footnotes":""},"categories":[1586],"tags":[11,1777,674,1779,63,1011,27,12,25,1778,364],"class_list":{"0":"post-554405","1":"post","2":"type-post","3":"status-publish","4":"format-standard","5":"has-post-thumbnail","7":"category-europe","8":"tag-actualites","9":"tag-eu","10":"tag-europe","11":"tag-european-union","12":"tag-football","13":"tag-fr","14":"tag-france","15":"tag-news","16":"tag-republique-francaise","17":"tag-ue","18":"tag-union-europeenne"},"share_on_mastodon":{"url":"https:\/\/pubeurope.com\/@fr\/115601969387725385","error":""},"_links":{"self":[{"href":"https:\/\/www.europesays.com\/fr\/wp-json\/wp\/v2\/posts\/554405","targetHints":{"allow":["GET"]}}],"collection":[{"href":"https:\/\/www.europesays.com\/fr\/wp-json\/wp\/v2\/posts"}],"about":[{"href":"https:\/\/www.europesays.com\/fr\/wp-json\/wp\/v2\/types\/post"}],"author":[{"embeddable":true,"href":"https:\/\/www.europesays.com\/fr\/wp-json\/wp\/v2\/users\/2"}],"replies":[{"embeddable":true,"href":"https:\/\/www.europesays.com\/fr\/wp-json\/wp\/v2\/comments?post=554405"}],"version-history":[{"count":0,"href":"https:\/\/www.europesays.com\/fr\/wp-json\/wp\/v2\/posts\/554405\/revisions"}],"wp:featuredmedia":[{"embeddable":true,"href":"https:\/\/www.europesays.com\/fr\/wp-json\/wp\/v2\/media\/554406"}],"wp:attachment":[{"href":"https:\/\/www.europesays.com\/fr\/wp-json\/wp\/v2\/media?parent=554405"}],"wp:term":[{"taxonomy":"category","embeddable":true,"href":"https:\/\/www.europesays.com\/fr\/wp-json\/wp\/v2\/categories?post=554405"},{"taxonomy":"post_tag","embeddable":true,"href":"https:\/\/www.europesays.com\/fr\/wp-json\/wp\/v2\/tags?post=554405"}],"curies":[{"name":"wp","href":"https:\/\/api.w.org\/{rel}","templated":true}]}}