{"id":554407,"date":"2025-11-24T01:00:17","date_gmt":"2025-11-24T01:00:17","guid":{"rendered":"https:\/\/www.europesays.com\/fr\/554407\/"},"modified":"2025-11-24T01:00:17","modified_gmt":"2025-11-24T01:00:17","slug":"kylian-mbappe-a-pique-une-crise-contre-larbitre","status":"publish","type":"post","link":"https:\/\/www.europesays.com\/fr\/554407\/","title":{"rendered":"Kylian Mbapp\u00e9 a piqu\u00e9 une crise contre l\u2019arbitre"},"content":{"rendered":"<p>Ce dimanche soir, le <a href=\"https:\/\/www.footmercato.net\/club\/real-madrid\/\" target=\"_blank\" rel=\"noopener\">Real Madrid<\/a> s\u2019est cass\u00e9 les dents sur la pelouse d\u2019Elche (2-2). Une rencontre frustrante pour les Merengues qui ont affich\u00e9 un visage morose et qui ne comptent d\u00e9sormais plus qu\u2019un petit point d\u2019avance sur le Bar\u00e7a en t\u00eate du classement en <a href=\"https:\/\/www.footmercato.net\/espagne\/liga\/\" target=\"_blank\" rel=\"noopener\">Liga<\/a>. Outre l\u2019aspect comptable, les Madril\u00e8nes sont totalement pass\u00e9s au travers de leur rencontre. <\/p>\n<p>            La suite apr\u00e8s cette publicit\u00e9<\/p>\n<p>Remuant, <a href=\"https:\/\/www.footmercato.net\/joueur\/kylian-mbappe\/\" target=\"_blank\" rel=\"noopener\">Kylian Mbapp\u00e9<\/a> n\u2019a pas su faire la diff\u00e9rence face au but. Malgr\u00e9 une passe d\u00e9cisive pour l\u2019\u00e9galisation de Jude Bellingham en fin de match, le Bondynois \u00e9tait logiquement frustr\u00e9 au coup de sifflet final. Furieux, il s\u2019en est m\u00eame pris aux arbitres de la rencontre en allant leur demander, selon la presse espagnole, pourquoi il n\u2019avait pas laiss\u00e9 plus de temps additionnel. Pour rappel, l\u2019arbitre de la rencontre avait donn\u00e9 huit minutes suppl\u00e9mentaires. Apr\u00e8s cette crise, Mbapp\u00e9 a h\u00e9rit\u00e9 d\u2019un carton jaune. <\/p>\n<p>\n    Pub. le 24\/11\/2025 00:17<br \/>\n            &#8211; MAJ le 24\/11\/2025 01:25\n    <\/p>\n","protected":false},"excerpt":{"rendered":"Ce dimanche soir, le Real Madrid s\u2019est cass\u00e9 les dents sur la pelouse d\u2019Elche (2-2). Une rencontre frustrante&hellip;\n","protected":false},"author":2,"featured_media":520181,"comment_status":"","ping_status":"","sticky":false,"template":"","format":"standard","meta":{"footnotes":""},"categories":[2],"tags":[11,1011,27,12,25],"class_list":{"0":"post-554407","1":"post","2":"type-post","3":"status-publish","4":"format-standard","5":"has-post-thumbnail","7":"category-actualites","8":"tag-actualites","9":"tag-fr","10":"tag-france","11":"tag-news","12":"tag-republique-francaise"},"share_on_mastodon":{"url":"https:\/\/pubeurope.com\/@fr\/115601973152064847","error":""},"_links":{"self":[{"href":"https:\/\/www.europesays.com\/fr\/wp-json\/wp\/v2\/posts\/554407","targetHints":{"allow":["GET"]}}],"collection":[{"href":"https:\/\/www.europesays.com\/fr\/wp-json\/wp\/v2\/posts"}],"about":[{"href":"https:\/\/www.europesays.com\/fr\/wp-json\/wp\/v2\/types\/post"}],"author":[{"embeddable":true,"href":"https:\/\/www.europesays.com\/fr\/wp-json\/wp\/v2\/users\/2"}],"replies":[{"embeddable":true,"href":"https:\/\/www.europesays.com\/fr\/wp-json\/wp\/v2\/comments?post=554407"}],"version-history":[{"count":0,"href":"https:\/\/www.europesays.com\/fr\/wp-json\/wp\/v2\/posts\/554407\/revisions"}],"wp:featuredmedia":[{"embeddable":true,"href":"https:\/\/www.europesays.com\/fr\/wp-json\/wp\/v2\/media\/520181"}],"wp:attachment":[{"href":"https:\/\/www.europesays.com\/fr\/wp-json\/wp\/v2\/media?parent=554407"}],"wp:term":[{"taxonomy":"category","embeddable":true,"href":"https:\/\/www.europesays.com\/fr\/wp-json\/wp\/v2\/categories?post=554407"},{"taxonomy":"post_tag","embeddable":true,"href":"https:\/\/www.europesays.com\/fr\/wp-json\/wp\/v2\/tags?post=554407"}],"curies":[{"name":"wp","href":"https:\/\/api.w.org\/{rel}","templated":true}]}}