{"id":554417,"date":"2025-11-24T01:11:13","date_gmt":"2025-11-24T01:11:13","guid":{"rendered":"https:\/\/www.europesays.com\/fr\/554417\/"},"modified":"2025-11-24T01:11:13","modified_gmt":"2025-11-24T01:11:13","slug":"cyclo-cross-de-saint-andre-de-lidon-classements-actualite","status":"publish","type":"post","link":"https:\/\/www.europesays.com\/fr\/554417\/","title":{"rendered":"Cyclo-cross de Saint-Andr\u00e9-de-Lidon : Classements &#8211; Actualit\u00e9"},"content":{"rendered":"<p style=\"text-align: justify;\">Anthony Br\u00e9gi\u00e8re (Entente Cycliste 3M Montendre-Montguyon-Montlieu la Garde) a remport\u00e9, ce dimanche, le cyclo-cross de Saint-Andr\u00e9-de-Lidon (Charente-Maritime) organis\u00e9 par l&rsquo;A.PO.GE Cycliste. Il a devanc\u00e9 Th\u00e9o Lauseille (CC P\u00e9rigueux-Dordogne) et Valentin Petiteau (Angoul\u00eame VC).<br \/>Anthony Br\u00e9gi\u00e8re se succ\u00e8de \u00e0 lui-m\u00eame au palmar\u00e8s de l&rsquo;\u00e9preuve.<\/p>\n<p><strong>Classements :<\/strong><br \/><strong>U23 et S\u00e9niors<\/strong><br \/>1. BREGIERE Anthony ENTENTE CYCLISTE 3 M en 50&rsquo;39\u00a0\u00bb<br \/>2. LAUSEILLE Th\u00e9o CC PERIGUEUX DORDOGNE 50:45<br \/>3. PETITEAU Valentin ANGOULEME VC 53:55<br \/>4. CHAMINAUD Romain VC BAZAS\/BERNOS BEAULAC 53:56<br \/>5. BUREAU Cl\u00e9ment TC LE CHATEAU D&rsquo;OLERON 54:30<br \/>6. JOBIT Yanis A.PO.GE CYCLISTE \u00e0 1 tour<br \/>7. PEREZ Thomas TEAM SAINT SAUVEUR <br \/>8. DELAGE Tim\u00e9o VC SAINTAIS <br \/>9. BOUILLER Patrice LA ROUE LIBRE SAVINOISE \u00e0 2 tours<\/p>\n<p><strong>U19<\/strong><br \/>1. ALVAREZ Alban TEAM IPARALDE 39:45<br \/>2. GILBERT Antoine A.PO.GE CYCLISTE 39:52<br \/>3. PAPIN Ethan A.PO.GE CYCLISTE 41:52<br \/>4. BOIRIVANT Nathan A.PO.GE CYCLISTE 42:18<br \/>5. SUBRA Mael A.PO.GE CYCLISTE 43:00<br \/>6. MILLASSEAU Louis VCCO LA ROCHELLE 43:18<br \/>7. ROBIN Paul A.PO.GE CYCLISTE 44:20<br \/>8. DAZY Arthur VCCO LA ROCHELLE 46:20<br \/>9. COG\u00c9 Loan AC NIEUL LES SAINTES 46:57<br \/>10. GUEGAN Zadig A.PO.GE CYCLISTE \u00e0 1 tour<br \/>11. BOUTIN Noa A.PO.GE CYCLISTE <br \/>12. GAILLARD Quentin VC ROCHEFORT<\/p>\n<p><strong>U17<\/strong><br \/>1. PINEAU Tom VC SAINTAIS en 26&rsquo;30\u00a0\u00bb<br \/>2. PICHONNET Maxence A.PO.GE CYCLISTE 27:30<br \/>3. FRIOU H\u00e9li\u00e8s VC SAINTAIS 27:35<br \/>4. BENOIST Paul VC ROCHEFORT 27:42<br \/>5. AMARI Chemseddine VCCO LA ROCHELLE 28:15<br \/>6. PACAUD Martin VC SAINTAIS 29:07<br \/>7. FORT Tom UC GRADIGNAN 30:35<br \/>8. BOUVIER LANNOY Antonin UC GRADIGNAN 31:41<br \/>9. BODEREAU Lucas AVC LIBOURNAIS 31:56<br \/>10. LEMOINE No\u00e9 UC ARCACHON 33:38<br \/>11. COUTE Luna VTT ESTUAIRE CLUB GAURIAC 34:02<br \/>12. TRANQUARD Lola VC SAINTAIS \u00e0 1 tour<br \/>13. BODIN L\u00e9opold VC SAINTAIS <br \/>14. THOMAS Math\u00e9o A.PO.GE CYCLISTE <br \/>15. BARANGER Thomas A.PO.GE CYCLISTE \u00e0 2 tours<\/p>\n<p><strong>Access<\/strong><br \/>1. VIGNEAUD Johann ORANGES MECANIQUES TEAM CHEPNIERS en 38&rsquo;09\u00a0\u00bb<br \/>2. BONNIN Nicolas LA PEDALE JONZACAISE 39:25<br \/>3. DEBEAU Alexandre Individuel 41:44<br \/>4. SAUVIGNON Christophe LA PEDALE JONZACAISE 42:03<br \/>5. CHATELIER St\u00e9phane GRAVEL OLERON 42:15<br \/>6. BONNIN No\u00e9mie US VERN CYCLISME 42:59<br \/>7. MADIOT Axel VC CORME-ROYAL 43:13<br \/>8. LETEURTRE J\u00e9r\u00f4me VCCO LA ROCHELLE 43:29<br \/>9. VERGER Mathieu VC SAINTAIS 43:35<br \/>10. SUBRA S\u00e9bastien VC SAINTAIS 43:40<br \/>11. HALIMI Felix VC SAINTAIS 43:48<br \/>12. DESNOYER Michael A.PO.GE CYCLISTE 43:50<br \/>13. BREGIERE Patrick LA PEDALE JONZACAISE 44:31<br \/>14. DAURIAC J\u00e9r\u00f4me A.PO.GE CYCLISTE 44:45<br \/>15. JURADO Daniel VC SAINTAIS 45:19<br \/>16. MIALHE Felix VC ROCHEFORT 45:52<br \/>17. BOUTIN C\u00e9dric VC BRAQUET LIDONNAIS 46:14<br \/>18. LACOMBE J\u00e9r\u00e9my Individuel \u00e0 1 tour<br \/>19. MECHAIN Philippe VC CORME-ROYAL <br \/>20. CAUMONT Jean Christophe TEAM SAINT SAUVEUR <br \/>21. MONERAT Geoffrey ENTENTE CYCLISTE 3 M <br \/>22. BOURDEAU Cl\u00e9ment TEAM SAINT SAUVEUR <br \/>23. SUBRA Tom VC SAINTAIS <br \/>24. DAZY Emmanuel TEAM SAINT SAUVEUR <br \/>25. PAPIN C\u00e9dric LA ROUE LIBRE SAVINOISE <br \/>26. BODIN C\u00e9dric VC SAINTAIS <br \/>27. QUENTIN Olivier V.C. SAINT-AGNANT <br \/>28. DEL POZZO Alexandre TEAM SAINT SAUVEUR <br \/>29. GILBERT R\u00e9gis Individuel <br \/>30. VINCENDEAU Mathis Individuel <br \/>31. GIRARD Jean Luc TC LE CHATEAU D&rsquo;OLERON <br \/>32. RIDEAU Cedric VC SAINTAIS <br \/>33. BENOIST Alain VC ROCHEFORT <br \/>34. PEREZ BACH Faustine VCCO LA ROCHELLE \u00e0 2 tours<\/p>\n<p><strong>U15<\/strong><br \/>1. VERGER Tilio VC SAINTAIS en 19&rsquo;31\u00a0\u00bb<br \/>2. MIALHE Ana\u00ebl VC ROCHEFORT 21:41<br \/>3. MARQUET Enzo VC SAINTAIS 23:03<br \/>4. PEREZ BACH Marin VCCO LA ROCHELLE 24:24<br \/>5. TARDY Valentin VC SAINTAIS 25:58<br \/>6. PAPIN Lizie VC SAINTAIS 26:50<br \/>7. GOYON Florie VC SAINTAIS 27:05<br \/>8. MAUFRAS Louis AC NIEUL LES SAINTES \u00e0 1 tour<\/p>\n<p><strong>U13<\/strong><br \/>1. MARQUET Tom VC SAINTAIS en 15&rsquo;10\u00a0\u00bb<br \/>2. MONTOROY Math\u00e9o VC SAINTAIS 15:36<br \/>3. DUCOUDERT Jasmin VC ROCHEFORT 15:50<br \/>4. SUBRA Na\u00e9 VC SAINTAIS 16:13<br \/>5. VELLUET Awen AC NIEUL LES SAINTES 16:30<br \/>6. SPADA Timoth\u00e9 VC ROCHEFORT 16:40<br \/>7. RENOUX Louis VC SAINTAIS 16:48<\/p>\n<p><strong>U11<\/strong><br \/>1. JACQUES Arthur VC SAINTAIS en 11&rsquo;52\u00a0\u00bb<br \/>2. VANDENCRUYCE Ma\u00ebl A.PO.GE CYCLISTE 12:25<br \/>3. SAUV\u00caTRE L\u00e9o VC SAINTAIS 13:55<br \/>4. DEBOVE S\u00e9bastien A.PO.GE CYCLISTE 15:00<\/p>\n<p><strong>U9<\/strong><br \/>1. JAUNAS MOUTARDE Lucas UV ANGERIENNE en 7&rsquo;40\u00a0\u00bb<br \/>2. TURFIN Mathys VC SAINTAIS 8:40<\/p>\n<p>Remerciements au secr\u00e9tariat A.PO.GE Cycliste.<\/p>\n","protected":false},"excerpt":{"rendered":"Anthony Br\u00e9gi\u00e8re (Entente Cycliste 3M Montendre-Montguyon-Montlieu la Garde) a remport\u00e9, ce dimanche, le cyclo-cross de Saint-Andr\u00e9-de-Lidon (Charente-Maritime) organis\u00e9&hellip;\n","protected":false},"author":2,"featured_media":554418,"comment_status":"","ping_status":"","sticky":false,"template":"","format":"standard","meta":{"footnotes":""},"categories":[1411],"tags":[834,828,836,829,837,827,83,826,824,823,1154,207,814,817,815,816,822,821,832,211,839,1011,27,820,818,819,835,831,830,833,838,60,212,208,825],"class_list":{"0":"post-554417","1":"post","2":"type-post","3":"status-publish","4":"format-standard","5":"has-post-thumbnail","7":"category-cyclisme","8":"tag-attaque","9":"tag-belgique","10":"tag-braquet","11":"tag-bretagne","12":"tag-chute","13":"tag-competition","14":"tag-coupe-de-france","15":"tag-coureur","16":"tag-course-cyclisme","17":"tag-course-cycliste","18":"tag-cycling","19":"tag-cyclisme","20":"tag-direct","21":"tag-direct-velo","22":"tag-directvelo","23":"tag-directvelo-com","24":"tag-epreuve","25":"tag-epreuve-cycliste","26":"tag-federation-francaise-de-cyclisme","27":"tag-ffc","28":"tag-flandres","29":"tag-fr","30":"tag-france","31":"tag-live","32":"tag-live-course","33":"tag-live-epreuve","34":"tag-peloton","35":"tag-radio-peloton","36":"tag-radio-tour","37":"tag-ravitaillement","38":"tag-relance","39":"tag-sports","40":"tag-uci","41":"tag-velo","42":"tag-velos"},"share_on_mastodon":{"url":"https:\/\/pubeurope.com\/@fr\/115602016592441400","error":""},"_links":{"self":[{"href":"https:\/\/www.europesays.com\/fr\/wp-json\/wp\/v2\/posts\/554417","targetHints":{"allow":["GET"]}}],"collection":[{"href":"https:\/\/www.europesays.com\/fr\/wp-json\/wp\/v2\/posts"}],"about":[{"href":"https:\/\/www.europesays.com\/fr\/wp-json\/wp\/v2\/types\/post"}],"author":[{"embeddable":true,"href":"https:\/\/www.europesays.com\/fr\/wp-json\/wp\/v2\/users\/2"}],"replies":[{"embeddable":true,"href":"https:\/\/www.europesays.com\/fr\/wp-json\/wp\/v2\/comments?post=554417"}],"version-history":[{"count":0,"href":"https:\/\/www.europesays.com\/fr\/wp-json\/wp\/v2\/posts\/554417\/revisions"}],"wp:featuredmedia":[{"embeddable":true,"href":"https:\/\/www.europesays.com\/fr\/wp-json\/wp\/v2\/media\/554418"}],"wp:attachment":[{"href":"https:\/\/www.europesays.com\/fr\/wp-json\/wp\/v2\/media?parent=554417"}],"wp:term":[{"taxonomy":"category","embeddable":true,"href":"https:\/\/www.europesays.com\/fr\/wp-json\/wp\/v2\/categories?post=554417"},{"taxonomy":"post_tag","embeddable":true,"href":"https:\/\/www.europesays.com\/fr\/wp-json\/wp\/v2\/tags?post=554417"}],"curies":[{"name":"wp","href":"https:\/\/api.w.org\/{rel}","templated":true}]}}