{"id":554419,"date":"2025-11-24T01:12:19","date_gmt":"2025-11-24T01:12:19","guid":{"rendered":"https:\/\/www.europesays.com\/fr\/554419\/"},"modified":"2025-11-24T01:12:19","modified_gmt":"2025-11-24T01:12:19","slug":"mercato-le-barca-met-fin-au-reve-du-psg","status":"publish","type":"post","link":"https:\/\/www.europesays.com\/fr\/554419\/","title":{"rendered":"Mercato, le Bar\u00e7a met fin au r\u00eave du PSG"},"content":{"rendered":"<p>Face \u00e0 cette r\u00e9sistance du Bar\u00e7a, le Paris Saint-Germain se voit contraint d\u2019\u00e9largir ses options. Si Eric Garcia \u00e9tait l\u2019un des profils appr\u00e9ci\u00e9s pour son adaptabilit\u00e9 et son exp\u00e9rience, d\u2019autres d\u00e9fenseurs sont \u00e9galement suivis. Parmi eux,<a href=\"https:\/\/www.goal.com\/fr\/listes\/mercato-le-bayern-munich-attaque-paris-en-direct-le-psg\/blt7e95ed45091b5f7e\" target=\"_self\" rel=\"noopener\">\u00a0Dayot Upamecano<\/a> (Bayern Munich), <a href=\"https:\/\/www.goal.com\/fr\/listes\/psg-real-madrid-ou-bayern-munich-tylel-tati-a-tranche\/blt027a7f4f436df4bc\" target=\"_self\" rel=\"noopener\">Tylel Tati<\/a> (FC Nantes) et <a href=\"https:\/\/www.goal.com\/fr\/listes\/mercato-les-nouvelles-pistes-du-psg-pour-remplacer-milan-skriniar\/blta6aa7745fa02774e\" target=\"_self\" rel=\"noopener\">Antonio Silva<\/a> (Benfica) figurent dans la liste des joueurs analys\u00e9s par la direction sportive. Le club sait qu\u2019il devra, t\u00f4t ou tard, pallier les absences r\u00e9p\u00e9t\u00e9es qui fragilisent son syst\u00e8me d\u00e9fensif.<\/p>\n<p>Pour le PSG, la qu\u00eate d\u2019un renfort fiable demeure urgente, mais les conditions du march\u00e9 imposent de la prudence. L\u2019impasse autour d\u2019Eric Garcia rappelle que chaque dossier comporte des obstacles non n\u00e9gligeables, surtout lorsque les clubs concern\u00e9s souhaitent prot\u00e9ger leurs \u00e9l\u00e9ments les plus prometteurs. Le prochain mercato pourrait ainsi r\u00e9server d\u2019autres rebondissements, mais une certitude demeure : Paris devra frapper juste pour combler ses besoins.<\/p>\n","protected":false},"excerpt":{"rendered":"Face \u00e0 cette r\u00e9sistance du Bar\u00e7a, le Paris Saint-Germain se voit contraint d\u2019\u00e9largir ses options. Si Eric Garcia&hellip;\n","protected":false},"author":2,"featured_media":554420,"comment_status":"","ping_status":"","sticky":false,"template":"","format":"standard","meta":{"footnotes":""},"categories":[1410],"tags":[34081,448,11871,67203,67202,67201,5695,63,1011,27,19317,66,447,91,39733,60,18015],"class_list":{"0":"post-554419","1":"post","2":"type-post","3":"status-publish","4":"format-standard","5":"has-post-thumbnail","7":"category-football","8":"tag-barcelona","9":"tag-champions-league","10":"tag-chelsea","11":"tag-chelsea-vs-barcelona","12":"tag-chelsea-vs-fc-barcelone","13":"tag-e-garcia","14":"tag-fc-barcelone","15":"tag-football","16":"tag-fr","17":"tag-france","18":"tag-laliga","19":"tag-ligue-1","20":"tag-ligue-des-champions","21":"tag-paris-saint-germain","22":"tag-paris-saint-germain-vs-tottenham","23":"tag-sports","24":"tag-tottenham"},"share_on_mastodon":{"url":"https:\/\/pubeurope.com\/@fr\/115602020505092642","error":""},"_links":{"self":[{"href":"https:\/\/www.europesays.com\/fr\/wp-json\/wp\/v2\/posts\/554419","targetHints":{"allow":["GET"]}}],"collection":[{"href":"https:\/\/www.europesays.com\/fr\/wp-json\/wp\/v2\/posts"}],"about":[{"href":"https:\/\/www.europesays.com\/fr\/wp-json\/wp\/v2\/types\/post"}],"author":[{"embeddable":true,"href":"https:\/\/www.europesays.com\/fr\/wp-json\/wp\/v2\/users\/2"}],"replies":[{"embeddable":true,"href":"https:\/\/www.europesays.com\/fr\/wp-json\/wp\/v2\/comments?post=554419"}],"version-history":[{"count":0,"href":"https:\/\/www.europesays.com\/fr\/wp-json\/wp\/v2\/posts\/554419\/revisions"}],"wp:featuredmedia":[{"embeddable":true,"href":"https:\/\/www.europesays.com\/fr\/wp-json\/wp\/v2\/media\/554420"}],"wp:attachment":[{"href":"https:\/\/www.europesays.com\/fr\/wp-json\/wp\/v2\/media?parent=554419"}],"wp:term":[{"taxonomy":"category","embeddable":true,"href":"https:\/\/www.europesays.com\/fr\/wp-json\/wp\/v2\/categories?post=554419"},{"taxonomy":"post_tag","embeddable":true,"href":"https:\/\/www.europesays.com\/fr\/wp-json\/wp\/v2\/tags?post=554419"}],"curies":[{"name":"wp","href":"https:\/\/api.w.org\/{rel}","templated":true}]}}