{"id":554437,"date":"2025-11-24T01:23:19","date_gmt":"2025-11-24T01:23:19","guid":{"rendered":"https:\/\/www.europesays.com\/fr\/554437\/"},"modified":"2025-11-24T01:23:19","modified_gmt":"2025-11-24T01:23:19","slug":"fermer-ses-volets-la-nuit-fait-baisser-la-facture-de-chauffage","status":"publish","type":"post","link":"https:\/\/www.europesays.com\/fr\/554437\/","title":{"rendered":"Fermer ses volets la nuit fait baisser la facture de chauffage"},"content":{"rendered":"<p itemprop=\"description\">Alors que l\u2019hiver alourdit les factures<br \/>\nde gaz et d\u2019\u00e9lectricit\u00e9, de nombreux foyers s\u2019interrogent sur<br \/>\nl\u2019effet r\u00e9el des volets ferm\u00e9s la nuit. Geste utile ou \u00e9conomie<br \/>\nminime sur le chauffage ?<\/p>\n<p>Les premiers gels arrivent, le chauffage tourne d\u00e9j\u00e0 \u00e0 plein<br \/>\nr\u00e9gime et la question revient chaque hiver dans les conversations<br \/>\nfamiliales\u202f: fermer les volets le soir sert il vraiment \u00e0 quelque<br \/>\nchose pour le porte monnaie, ou est ce juste un r\u00e9flexe h\u00e9rit\u00e9 des<br \/>\nmaisons de nos grands parents\u202f? Entre hausse des tarifs et<br \/>\nlogements parfois mal isol\u00e9s, chaque petit geste compte, mais tous<br \/>\nne se valent pas.<\/p>\n<p>Sur une saison de chauffe, la d\u00e9pense peut vite grimper. Selon<br \/>\nle site <strong>Hellowatt<\/strong>, une maison de 110 m\u00b2 \u00e9quip\u00e9e de<br \/>\nradiateurs \u00e9lectriques g\u00e9n\u00e8re par exemple des frais de chauffage<br \/>\nd\u2019environ 1 800 euros par an, et une maison de 100 m\u00b2 chauff\u00e9e au<br \/>\ngaz autour de 1 638 euros. Dans ce contexte, l\u2019id\u00e9e de<br \/>\n<strong>fermer ses volets en hiver pour r\u00e9duire la facture de<br \/>\nchauffage<\/strong> intrigue forc\u00e9ment.<\/p>\n<p>Fermer ses volets en hiver limite bien les d\u00e9perditions de<br \/>\nchaleur<\/p>\n<p>Dans un logement, <a href=\"https:\/\/www.maison-travaux.fr\/actualites\/fenetres-et-bien-etre-comment-elles-influencent-votre-sante-mentale-569876.html\" target=\"_blank\" rel=\"noopener\"><br \/>\nles fen\u00eatres<\/a> repr\u00e9sentent une <strong>zone sensible.<\/strong><br \/>\nDiverses \u00e9tudes estiment qu\u2019elles peuvent \u00eatre responsables<br \/>\nd\u2019environ <strong>25 % des d\u00e9perditions de chaleur d\u2019une<br \/>\nhabitation,<\/strong> car le verre n\u2019est pas un isolant tr\u00e8s<br \/>\nperformant, m\u00eame si les vitrages ont beaucoup \u00e9volu\u00e9. Poser un<br \/>\nobstacle suppl\u00e9mentaire devant ces surfaces vitr\u00e9es joue donc le<br \/>\nr\u00f4le d\u2019\u00e9cran face au froid ext\u00e9rieur.<\/p>\n<p>C\u2019est l\u00e0 que les <strong>volets et les stores<\/strong> entrent<br \/>\nen jeu. L\u2019Agence de la transition \u00e9cologique<br \/>\n(<strong>ADEME<\/strong>) indique que les fermer permet de limiter<br \/>\njusqu\u2019\u00e0 <strong>60 % les d\u00e9perditions de chaleur<\/strong> qui<br \/>\npassent par les fen\u00eatres. Les sp\u00e9cialistes recommandent en hiver de<br \/>\nlaisser les volets ouverts en journ\u00e9e pour profiter des apports du<br \/>\nsoleil, puis de <strong><a href=\"https:\/\/www.maison-travaux.fr\/actualites\/fermeture-volets-reduire-facture-chauffage-596729.html\" target=\"_blank\" rel=\"noopener\"><br \/>\nfermer ses volets<\/a> la nuit<\/strong> afin de conserver la chaleur<br \/>\naccumul\u00e9e, y compris lorsque l\u2019on dispose d\u00e9j\u00e0 de double ou triple<br \/>\nvitrage.<\/p>\n<p>Combien fermer ses volets fait vraiment gagner sur la facture<br \/>\nde chauffage<\/p>\n<p>Une fois ce principe pos\u00e9, reste la question qui int\u00e9resse<br \/>\nbeaucoup de m\u00e9nages\u202f: <strong>quel impact concret sur la <a href=\"https:\/\/www.maison-travaux.fr\/chauffage\/reduisez-vos-factures-de-chauffage-des-ce-soir-astuces-simples-et-efficaces-sans-travaux-majeurs-603443.html\" target=\"_blank\" rel=\"noopener\"><br \/>\nfacture de chauffage<\/a> ?<\/strong>\u00a0Sur la base de ces<br \/>\ntravaux, l\u2019ADEME estime qu\u2019un usage r\u00e9gulier des volets permet<br \/>\n<strong>une r\u00e9duction d\u2019au moins 2 % de la facture annuelle de<br \/>\nchauffage.<\/strong> D\u2019autres estimations, relay\u00e9es notamment par<br \/>\ndes sites sp\u00e9cialis\u00e9s, \u00e9voquent un gain pouvant aller de <strong>5<br \/>\n\u00e0 10 % selon le type de logement,<\/strong> l\u2019anciennet\u00e9 des<br \/>\nfen\u00eatres ou encore la zone climatique.<\/p>\n<p>Certains calculs d\u00e9taill\u00e9s cit\u00e9s par la presse font \u00e9tat<br \/>\nd\u2019\u00e9conomies de l\u2019ordre de <strong>15 \u00e0 35 euros par an<\/strong><br \/>\npour un foyer moyen, ce qui reste modeste mais non n\u00e9gligeable sur<br \/>\nplusieurs ann\u00e9es. Les b\u00e9n\u00e9fices sont en g\u00e9n\u00e9ral plus sensibles dans<br \/>\nles <a href=\"https:\/\/www.maison-travaux.fr\/actualites\/voici-pourquoi-il-faut-absolument-acheter-un-logement-ayant-besoin-de-travaux-453640.html\" target=\"_blank\" rel=\"noopener\"><br \/>\nlogements anciens<\/a> dot\u00e9s de simples vitrages, o\u00f9 les volets et<br \/>\nles stores constituent une vraie barri\u00e8re suppl\u00e9mentaire, que dans<br \/>\nles b\u00e2timents r\u00e9cents d\u00e9j\u00e0 tr\u00e8s bien isol\u00e9s, o\u00f9 le gain se traduit<br \/>\ndavantage par une am\u00e9lioration du confort pr\u00e8s des fen\u00eatres.<\/p>\n<p>Comment bien utiliser volets et<br \/>\nfen\u00eatres pour limiter sa facture de chauffage<\/p>\n<p>Pour tirer parti de cet effet isolant, la mani\u00e8re d\u2019utiliser les<br \/>\nfermetures compte autant que leur pr\u00e9sence. Les professionnels<br \/>\nconseillent de <strong><a href=\"https:\/\/www.maison-travaux.fr\/sequiper\/conseils-pratiques\/cambriolage-faut-il-laisser-ses-volets-ouverts-ou-fermes-quand-on-part-en-vacances-467990.html\" target=\"_blank\" rel=\"noopener\"><br \/>\nlaisser les volets ouverts<\/a> d\u00e8s que le soleil donne sur les<br \/>\nvitrages<\/strong> pour profiter des apports gratuits en chaleur,<br \/>\npuis de les refermer d\u00e8s que la nuit tombe ou que la temp\u00e9rature<br \/>\next\u00e9rieure chute. Il est aussi judicieux d\u2019associer les volets \u00e0<br \/>\ndes <strong>rideaux \u00e9pais ou thermiques,<\/strong> voire \u00e0 des<br \/>\nstores, afin de multiplier les couches entre l\u2019air froid et la<br \/>\npi\u00e8ce. Quelques gestes simples ressortent souvent dans les<br \/>\nrecommandations des organismes de logement social et des acteurs de<br \/>\nl\u2019\u00e9nergie\u202f:<\/p>\n<ul>\n<li><strong>Ouvrir largement volets et rideaux en journ\u00e9e<\/strong><br \/>\nd\u00e8s que le soleil appara\u00eet sur les fen\u00eatres,<\/li>\n<li><strong>Fermer volets et doubles rideaux<\/strong> d\u00e8s la tomb\u00e9e<br \/>\nde la nuit pour renforcer l\u2019isolation termique,<\/li>\n<li><strong>\u00c9viter d\u2019encombrer <a href=\"https:\/\/www.maison-travaux.fr\/renover\/gros-oeuvre-renovation-par-type\/chauffage-renovation-par-type\/radiateur-intelligent-economies-chauffage-facture-reduite-573452.html\" target=\"_blank\" rel=\"noopener\"><br \/>\nles radiateurs<\/a> ou convecteurs<\/strong> pour ne pas brider leur<br \/>\ndiffusion de chaleur.<\/li>\n<\/ul>\n<p>Le <strong>choix du mat\u00e9riel<\/strong> joue aussi un r\u00f4le. Les<br \/>\narticles sp\u00e9cialis\u00e9s rappellent que des <strong>volets en<br \/>\nPVC<\/strong> sont g\u00e9n\u00e9ralement plus protecteurs que des<br \/>\n<strong>volets en bois ou en m\u00e9tal,<\/strong> m\u00eame si ces derniers<br \/>\nrestent tr\u00e8s appr\u00e9ci\u00e9s pour l\u2019esth\u00e9tique. Pour <strong>les<br \/>\nstores,<\/strong> installer le coffre \u00e0 l\u2019ext\u00e9rieur permet au store<br \/>\nde descendre au plus pr\u00e8s du vitrage, ce qui am\u00e9liore encore la<br \/>\nperformance. Et pour les logements sans volets, des <strong>rideaux<br \/>\nthermiques ou des films isolants<\/strong> \u00e0 poser sur les vitres<br \/>\nconstituent des compl\u00e9ments int\u00e9ressants pour limiter les pertes<br \/>\npar les fen\u00eatres.<\/p>\n","protected":false},"excerpt":{"rendered":"Alors que l\u2019hiver alourdit les factures de gaz et d\u2019\u00e9lectricit\u00e9, de nombreux foyers s\u2019interrogent sur l\u2019effet r\u00e9el des&hellip;\n","protected":false},"author":2,"featured_media":554438,"comment_status":"","ping_status":"","sticky":false,"template":"","format":"standard","meta":{"footnotes":""},"categories":[6],"tags":[35,27378,33,34,1011,27,729],"class_list":{"0":"post-554437","1":"post","2":"type-post","3":"status-publish","4":"format-standard","5":"has-post-thumbnail","7":"category-economie","8":"tag-business","9":"tag-chauffage","10":"tag-economie","11":"tag-economy","12":"tag-fr","13":"tag-france","14":"tag-yout_video"},"share_on_mastodon":{"url":"https:\/\/pubeurope.com\/@fr\/115602063661214855","error":""},"_links":{"self":[{"href":"https:\/\/www.europesays.com\/fr\/wp-json\/wp\/v2\/posts\/554437","targetHints":{"allow":["GET"]}}],"collection":[{"href":"https:\/\/www.europesays.com\/fr\/wp-json\/wp\/v2\/posts"}],"about":[{"href":"https:\/\/www.europesays.com\/fr\/wp-json\/wp\/v2\/types\/post"}],"author":[{"embeddable":true,"href":"https:\/\/www.europesays.com\/fr\/wp-json\/wp\/v2\/users\/2"}],"replies":[{"embeddable":true,"href":"https:\/\/www.europesays.com\/fr\/wp-json\/wp\/v2\/comments?post=554437"}],"version-history":[{"count":0,"href":"https:\/\/www.europesays.com\/fr\/wp-json\/wp\/v2\/posts\/554437\/revisions"}],"wp:featuredmedia":[{"embeddable":true,"href":"https:\/\/www.europesays.com\/fr\/wp-json\/wp\/v2\/media\/554438"}],"wp:attachment":[{"href":"https:\/\/www.europesays.com\/fr\/wp-json\/wp\/v2\/media?parent=554437"}],"wp:term":[{"taxonomy":"category","embeddable":true,"href":"https:\/\/www.europesays.com\/fr\/wp-json\/wp\/v2\/categories?post=554437"},{"taxonomy":"post_tag","embeddable":true,"href":"https:\/\/www.europesays.com\/fr\/wp-json\/wp\/v2\/tags?post=554437"}],"curies":[{"name":"wp","href":"https:\/\/api.w.org\/{rel}","templated":true}]}}