{"id":554439,"date":"2025-11-24T01:24:18","date_gmt":"2025-11-24T01:24:18","guid":{"rendered":"https:\/\/www.europesays.com\/fr\/554439\/"},"modified":"2025-11-24T01:24:18","modified_gmt":"2025-11-24T01:24:18","slug":"en-pleine-negociation-zelensky-et-les-ukrainiens-tentent-de-calmer-le-jeu-avec-trump-le-huffpost","status":"publish","type":"post","link":"https:\/\/www.europesays.com\/fr\/554439\/","title":{"rendered":"En pleine n\u00e9gociation, Zelensky et les Ukrainiens tentent de calmer le jeu avec Trump &#8211; Le HuffPost"},"content":{"rendered":"<ol>\n<li><a href=\"https:\/\/news.google.com\/rss\/articles\/CBMi-gFBVV95cUxQQy1qZG9iNWRDdEV6Rlhkel9RYVRRSGJUSmpwcm5uS2JfVWxqR3FYUjVTcDlrb3FMMG9RTmZYRm14Yi1VYnB2U2I4R05mdmNKVl81cWJtSnZQZmNxQi1XcmM0aThxajdvdkQzQ01QMkVFOHJRVm5qdDNCN0tqSkFKX2Z2SURya3JGWXZkQU0yYms0TGdpZWpTd2k0SE0xZ1hiZnh5WjRHTGNRZVJPYUVqV2lMUWRsSGNTUHlrUWotY2ZuSnhNSEVHbG52b2RJR041Q1Ayd0FLVzdHMmpTbU5ncks2eXlscnRJMzlFOEFQbk5BUW9GUGp4cU1B?oc=5\" target=\"_blank\" rel=\"noopener\">En pleine n\u00e9gociation, Zelensky et les Ukrainiens tentent de calmer le jeu avec Trump<\/a>&nbsp;&nbsp;Le HuffPost<\/li>\n<li><a href=\"https:\/\/news.google.com\/rss\/articles\/CBMinwJBVV95cUxQM0puYjZxamlXOGZpYjdvX21BeDVhQk96b0w2Vzk5WldlSW00RnVxTXhVNGpZblMyeDhITW1TbWJvbXY0TEU3NGotQ1FXTzFGSWkxdURLbE9wbHRZZlctdm5SQnVoWEE2a1AyWFBfTlRKeUpHenFsZmxUREZYZG5RSlJxQk50OHNmd3phbEdYclFvRGR5SHlMdUJHVWh4NnRVQlpjdmNxMloybXRTYk1VbEwyQ0FBclJmRW5TMUNWSVlYUklSYWVleWJUN2FpbWRqbXZuVHJUelQ4dnN6UHFlcGlOcmxpTlV5bzZkemVTQkpDbzFfZUVIN0h1WHc2WmlVTmUzU2tnSk4zTi00aDQyZzhrNDZOS3NNTWhWTktEQQ?oc=5\" target=\"_blank\" rel=\"noopener\">EN DIRECT, guerre en Ukraine : Donald Trump accuse Kiev de n\u2019exprimer \u00ab aucune gratitude \u00bb \u00e0 l\u2019\u00e9gard des Etats-Unis<\/a>&nbsp;&nbsp;Le Monde.fr<\/li>\n<li><a href=\"https:\/\/news.google.com\/rss\/articles\/CBMiogJBVV95cUxPVHRIelVzS2ZfUy1UdXhxZGtfdU1JOWpaLTFHZFFLQTF5emJydWc0blJmNy1FaWNVSDZ5NTJqWXhnbzZiWGdPU1ZGTW1wWER5UnJoMmdVZnVzbnJJTHVZSFI3MzRhOFQ5X2ZKZ3B1UG92V2Z0NmhoSXFJUEEwQkNWZnp0UEdRa1pVamctc2V0cHlRQ0c1SWRCNm80eVlUTzdhQlNVSlFyeUhjemJfb1Q0Ml9MaWhVc3JXZi1HOEhCaTBZdGt6VmxBZkE3V3B4MlhXUFd1XzhTVFpvU094OE4wTFVJbTBXQWJJbTRDUk1oYnY4MmlTLS1rV0RKOThTNlo1ZHZ0QXRGRVl1bmdjdDBzTnY3YmJxLXJjS1RpLURNd3Fpdw?oc=5\" target=\"_blank\" rel=\"noopener\">\u00ab Des pourparlers constructifs \u00bb : que contient le communiqu\u00e9 de l\u2019Ukraine et des \u00c9tats-Unis, publi\u00e9 dimanche soir ?<\/a>&nbsp;&nbsp;Le Parisien<\/li>\n<li><a href=\"https:\/\/news.google.com\/rss\/articles\/CBMilAJBVV95cUxPQjFpakRIa1lXZEs0Yk9wZUFjajFlQWY3Mm9UTEp4ZkxSZ294bTRZMFp4VGphQ1NFYmJ5VEdVYWJtc3RCMC1pQURTWEJTUjFnb0M0cmsyQXEtNU9ZZE0tT0tOWGlVdjdMTEdpZVVYMTlCWlhtNzJqTE45Mk4tQzdlTUt4VF96TDNQWVAwVldIS25PRnc4UjBSeUVKNDYyUmphQXBoTkhLQ3A5c1hweVhKYlNnbUp1TUk3TDdkcWhYTTZtX29jM0M2aHVEYzV0YWppLUNJSmlvYzVXY2w3SEtRWE5EQkFleFc3eW15UTFhUTdtZllKclNrOU1SSnp5RDJjSVlVY0ZBTmFUY3VhSElWYlUwejk?oc=5\" target=\"_blank\" rel=\"noopener\">\u00ab C\u2019est une capitulation sans conditions \u00bb : Alain Jupp\u00e9 appelle \u00e0 un sursaut europ\u00e9en apr\u00e8s le plan de paix am\u00e9ricain pour l\u2019Ukraine<\/a>&nbsp;&nbsp;Sud Ouest<\/li>\n<li><a href=\"https:\/\/news.google.com\/rss\/articles\/CBMiwAJBVV95cUxPZHBzSnZkck5CTm9ib1VBNVl2MDMwbXprZDd1MkhoZWgtU2xYVUMxWWIzSVFVX2JTbFIycm5YQjhOSzFyZS04MnZ4cVFQUFB1el94dUZYV1JkN3FjWFM0N095dzgyejBFSTVqVmZkZjRtdWpiTER1aHk4OVhrV2xnNWtsdWlFeHVSY3ZoZkJTcUc5T2pvQ1lCeUVDMHhNN1NlM05kQjJyQ09NVEN3eUc0N19LN1Y1MzRrZDVicHlKeG15NDhQYm9PTXFPZ1NhOVB3dXJaM0pZSU5vXzVSZW1kaWtMUURsX0l2cTYwMVpjZWE3eXY3VlVOajFaVjY5SE1hUEh2b21ObXZocWE5VEFzZDQtakVrODhpRzBqWkJEV3dSY2dfN3lIaUd6T1BkWDd2YmVQd1hwMjlfT05qVmc1dQ?oc=5\" target=\"_blank\" rel=\"noopener\">\u00abPlan de paix\u00bb sur l\u2019Ukraine : Donald Trump fustige \u00abl\u2019ingratitude ukrainienne\u00bb, Zelensky lui exprime sa \u00abreconnaissance\u00bb personnelle<\/a>&nbsp;&nbsp;Lib\u00e9ration<\/li>\n<\/ol>\n","protected":false},"excerpt":{"rendered":"En pleine n\u00e9gociation, Zelensky et les Ukrainiens tentent de calmer le jeu avec Trump&nbsp;&nbsp;Le HuffPost EN DIRECT, guerre&hellip;\n","protected":false},"author":2,"featured_media":395849,"comment_status":"","ping_status":"","sticky":false,"template":"","format":"standard","meta":{"footnotes":""},"categories":[5],"tags":[11,1011,27,14,12,28],"class_list":{"0":"post-554439","1":"post","2":"type-post","3":"status-publish","4":"format-standard","5":"has-post-thumbnail","7":"category-international","8":"tag-actualites","9":"tag-fr","10":"tag-france","11":"tag-international","12":"tag-news","13":"tag-world"},"share_on_mastodon":{"url":"https:\/\/pubeurope.com\/@fr\/115602067498188506","error":""},"_links":{"self":[{"href":"https:\/\/www.europesays.com\/fr\/wp-json\/wp\/v2\/posts\/554439","targetHints":{"allow":["GET"]}}],"collection":[{"href":"https:\/\/www.europesays.com\/fr\/wp-json\/wp\/v2\/posts"}],"about":[{"href":"https:\/\/www.europesays.com\/fr\/wp-json\/wp\/v2\/types\/post"}],"author":[{"embeddable":true,"href":"https:\/\/www.europesays.com\/fr\/wp-json\/wp\/v2\/users\/2"}],"replies":[{"embeddable":true,"href":"https:\/\/www.europesays.com\/fr\/wp-json\/wp\/v2\/comments?post=554439"}],"version-history":[{"count":0,"href":"https:\/\/www.europesays.com\/fr\/wp-json\/wp\/v2\/posts\/554439\/revisions"}],"wp:featuredmedia":[{"embeddable":true,"href":"https:\/\/www.europesays.com\/fr\/wp-json\/wp\/v2\/media\/395849"}],"wp:attachment":[{"href":"https:\/\/www.europesays.com\/fr\/wp-json\/wp\/v2\/media?parent=554439"}],"wp:term":[{"taxonomy":"category","embeddable":true,"href":"https:\/\/www.europesays.com\/fr\/wp-json\/wp\/v2\/categories?post=554439"},{"taxonomy":"post_tag","embeddable":true,"href":"https:\/\/www.europesays.com\/fr\/wp-json\/wp\/v2\/tags?post=554439"}],"curies":[{"name":"wp","href":"https:\/\/api.w.org\/{rel}","templated":true}]}}