{"id":554440,"date":"2025-11-24T01:26:32","date_gmt":"2025-11-24T01:26:32","guid":{"rendered":"https:\/\/www.europesays.com\/fr\/554440\/"},"modified":"2025-11-24T01:26:32","modified_gmt":"2025-11-24T01:26:32","slug":"un-syndicat-denseignants-chercheurs-demande-le-retrait-dun-sondage-sur-lantisemitisme-en-raison-de-questions-biaisees-liberation","status":"publish","type":"post","link":"https:\/\/www.europesays.com\/fr\/554440\/","title":{"rendered":"Un syndicat d\u2019enseignants-chercheurs demande le retrait d\u2019un sondage sur l\u2019antis\u00e9mitisme en raison de questions \u00abbiais\u00e9es &#8211; Lib\u00e9ration"},"content":{"rendered":"<ol>\n<li><a href=\"https:\/\/news.google.com\/rss\/articles\/CBMisgJBVV95cUxPVmprOV9OOTVONkZmNGhoNWpUZEw2ODgtZkVKTzZZanppQWR2TWZRbmFDXzZhejNYUmtUSjRzYjRCYkxVVWFNR0lPbFlNamxPMFQ0eG5LYWpLY2I2ZDlVYWpPMjhZLWdXZlFSbmpLdDRLV0V3ZFNvVHVJSEdWblBad19mSVdIZ2lmbDNyS3VwTUxhQm5aOFNUMmoxNVZuSEJjV0c0OVVvZGJDMDI0SW9QUnIwN1BGeEdtRk9jMWE2NnFFeWpOVnQzVlVmeThvS0xmUkQxWVNidHVNR1FtYUlDaWpQclFKcVVrNmVURXd3U25HbTVFemtteFZBREItcU9RYTJVQmE5YUpMZnlBVlV5eHVqYzFBaFBPLTRZaEstTkRpMHB5WmJsUlotc2VZUmRiTlE?oc=5\" target=\"_blank\" rel=\"noopener\">Un syndicat d\u2019enseignants-chercheurs demande le retrait d\u2019un sondage sur l\u2019antis\u00e9mitisme en raison de questions \u00abbiais\u00e9es<\/a>&nbsp;&nbsp;Lib\u00e9ration<\/li>\n<li><a href=\"https:\/\/news.google.com\/rss\/articles\/CBMi7wFBVV95cUxOYy1ZTHRJUHpEV0k4Tk1xWkVYc1FIbG1SdUVJSmUwczFWQ0pEWWtDNTJDbnBqQ0dLaDAyTnlIRHBzVXZLOG1pbUpiVElyMDVsdVFOYzNGSHRITmZtYjRlZzBnUk9VU3ZWcm9DTkJNMDN5eFgtUlRrVDB1Wkg5S3hQaXJic3dPdjRoN3dVS0ZKeFZGUHZ0VnZPR3l6R2hEWjZIajhCd0lOQnMwMU5DbEVmSzk5N3U0SkdsUl9odTFwTGVvX3RUc3l3czgyM1NPTmMxS0hsVXdzOFRzNWFIbEo3akxIWXN6cnduUHFidnZIWQ?oc=5\" target=\"_blank\" rel=\"noopener\">Universit\u00e9 Lyon 2 : la publication par un professeur d\u2019une liste de \u00abg\u00e9nocidaires \u00e0 boycotter\u00bb cr\u00e9e la pol\u00e9mique<\/a>&nbsp;&nbsp;Le Figaro<\/li>\n<li><a href=\"https:\/\/news.google.com\/rss\/articles\/CBMi5AFBVV95cUxQYnZ4OVJzVS04cmFYRF81VEgybDR3NkZPVFFGZVlBME1DRXZSV2pqbWxxbm9Ec1BNVzBzc2xhQ0prWVAzT2JRSTZlZm1fd2dGcnR4QlZxc25hOEJQb2cwLUNIelIyLUFHV1ktdy1lelZWdktQQkdLbDBhQTJEaTZ1ZnlWY08xZGxySXpjU212Y1JWLS02OHFKUnlrQUZRNVRqNWdmN3lZdGFESDdDN2pNOWNDZ3hBaENSNTg4bVhuM19BN1puaDlLVEFQS1B4bm51dXpLY1dpMl9YZHpGUXVUMUlLbzI?oc=5\" target=\"_blank\" rel=\"noopener\">Rh\u00f4ne Une liste de personnalit\u00e9s juives \u00ab \u00e0 boycotter \u00bb : un professeur de Lyon 2 suscite l\u2019indignation<\/a>&nbsp;&nbsp;Le Dauphin\u00e9 Lib\u00e9r\u00e9<\/li>\n<li><a href=\"https:\/\/news.google.com\/rss\/articles\/CBMingJBVV95cUxPZFpDdm1ud1NoY3NjYUxraGRISTlWUFRkbTlVZzdwZm56NDB6bHcyOUUtRnRBb1M1am9vSVozMjU0Z2VZeVdpLVVhVmloSnNUNjFqbkNJLWZPbDZ2amZCc04yaE9ubFU5LVZHbVBsQmlicDVWV0Z0SmJ6OFdFVkUxZFRsWldlTVRNT0ZscGd3el9tVExBZFQ0THdmcWtEcG5Jb2tueVZyUFNuRnZwTE9vaExJTEZSY2YwVjhOTGdSNHZUS1FsSXBtbXZjTEJTNjJvWm1oZGpxb0F0NDYzS2o3VUM1TlBaT2hOTzNLbHNaLVdIUGhKbWVMeUhNSFpoVEZPV1FZdFBjTUFBUXRkazgyS19PdzlaRlFCWGNlMnNn?oc=5\" target=\"_blank\" rel=\"noopener\">Liste publi\u00e9e par un enseignant, sondage controvers\u00e9 : nouveaux remous autour de l\u2019antis\u00e9mitisme \u00e0 l\u2019universit\u00e9<\/a>&nbsp;&nbsp;Ouest-France<\/li>\n<li><a href=\"https:\/\/news.google.com\/rss\/articles\/CBMi-AFBVV95cUxQek5IWWNmZUE0b1FuUHc3ZTJwWW5UN1p0SVpKeVFRTThsRndfb2lBVWFnbXZ4WjU3aFRtOW8tYnFRb19TU200S3VzeHJVeDdjbnAwMzZqT0JMLWJZZmMxVjlBelBJekFvVUdTaW56SUF1OXByeHo0SmFjWlc1c0pXQTl2MmFlbTFCTTc5dW8wT2VYX3ZRem9CaHBHQ3RCYjJOaFVuS2NNRjJfajlVVzFVZVA0MEtOcW5Ca1U1VXcxSlNQeWVSS2xxby00OHZiRE42R3FkZVBKLUxmSVhlUTlqZWhadHNNdHJ5NmYtVWJaZ3ByYkd5ZElRZw?oc=5\" target=\"_blank\" rel=\"noopener\">Rh\u00f4ne. Nouveau d\u00e9rapage \u00e0 Lyon 2 : un professeur affiche une liste de Juifs sur les r\u00e9seaux sociaux, \u00abdes g\u00e9nocidaires \u00e0 boycotter\u00bb<\/a>&nbsp;&nbsp;Le Progr\u00e8s<\/li>\n<\/ol>\n","protected":false},"excerpt":{"rendered":"Un syndicat d\u2019enseignants-chercheurs demande le retrait d\u2019un sondage sur l\u2019antis\u00e9mitisme en raison de questions \u00abbiais\u00e9es&nbsp;&nbsp;Lib\u00e9ration Universit\u00e9 Lyon 2&hellip;\n","protected":false},"author":2,"featured_media":554441,"comment_status":"","ping_status":"","sticky":false,"template":"","format":"standard","meta":{"footnotes":""},"categories":[4],"tags":[11,1011,27,1227,11043,12,25],"class_list":{"0":"post-554440","1":"post","2":"type-post","3":"status-publish","4":"format-standard","5":"has-post-thumbnail","7":"category-france","8":"tag-actualites","9":"tag-fr","10":"tag-france","11":"tag-horizontal","12":"tag-illustration","13":"tag-news","14":"tag-republique-francaise"},"share_on_mastodon":{"url":"https:\/\/pubeurope.com\/@fr\/115602075380688159","error":""},"_links":{"self":[{"href":"https:\/\/www.europesays.com\/fr\/wp-json\/wp\/v2\/posts\/554440","targetHints":{"allow":["GET"]}}],"collection":[{"href":"https:\/\/www.europesays.com\/fr\/wp-json\/wp\/v2\/posts"}],"about":[{"href":"https:\/\/www.europesays.com\/fr\/wp-json\/wp\/v2\/types\/post"}],"author":[{"embeddable":true,"href":"https:\/\/www.europesays.com\/fr\/wp-json\/wp\/v2\/users\/2"}],"replies":[{"embeddable":true,"href":"https:\/\/www.europesays.com\/fr\/wp-json\/wp\/v2\/comments?post=554440"}],"version-history":[{"count":0,"href":"https:\/\/www.europesays.com\/fr\/wp-json\/wp\/v2\/posts\/554440\/revisions"}],"wp:featuredmedia":[{"embeddable":true,"href":"https:\/\/www.europesays.com\/fr\/wp-json\/wp\/v2\/media\/554441"}],"wp:attachment":[{"href":"https:\/\/www.europesays.com\/fr\/wp-json\/wp\/v2\/media?parent=554440"}],"wp:term":[{"taxonomy":"category","embeddable":true,"href":"https:\/\/www.europesays.com\/fr\/wp-json\/wp\/v2\/categories?post=554440"},{"taxonomy":"post_tag","embeddable":true,"href":"https:\/\/www.europesays.com\/fr\/wp-json\/wp\/v2\/tags?post=554440"}],"curies":[{"name":"wp","href":"https:\/\/api.w.org\/{rel}","templated":true}]}}