{"id":554442,"date":"2025-11-24T01:28:12","date_gmt":"2025-11-24T01:28:12","guid":{"rendered":"https:\/\/www.europesays.com\/fr\/554442\/"},"modified":"2025-11-24T01:28:12","modified_gmt":"2025-11-24T01:28:12","slug":"la-reponse-cash-de-thomas-frank-apres-la-debacle-contre-arsenal","status":"publish","type":"post","link":"https:\/\/www.europesays.com\/fr\/554442\/","title":{"rendered":"la r\u00e9ponse cash de Thomas Frank apr\u00e8s la d\u00e9b\u00e2cle contre Arsenal"},"content":{"rendered":"<p>Thomas Frank n\u2019a pas cherch\u00e9 d\u2019excuses apr\u00e8s <a href=\"https:\/\/www.footmercato.net\/a7953683850063611599-premier-league-arsenal-humilie-tottenham-dans-le-north-london-derby-et-creuse-lecart-en-tete\" target=\"_blank\" rel=\"noopener\">la lourde d\u00e9faite de Tottenham sur la pelouse d\u2019Arsenal (4-1<\/a>) lors du North London Derby. Sous pression apr\u00e8s une prestation jug\u00e9e catastrophique par les supporters, dont beaucoup avaient quitt\u00e9 le parcage avant le coup de sifflet final, l\u2019entra\u00eeneur des Spurs a reconnu une erreur de plan de jeu et assum\u00e9 \u00ab l\u2019enti\u00e8re responsabilit\u00e9 \u00bb de la d\u00e9b\u00e2cle. Frank a notamment admis s\u2019\u00eatre tromp\u00e9 tactiquement en optant pour une d\u00e9fense \u00e0 trois, un choix qu\u2019il a d\u00fb abandonner d\u00e8s la mi-temps alors que <a href=\"https:\/\/www.footmercato.net\/club\/tottenham-hotspur\/\" target=\"_blank\" rel=\"noopener\">Tottenham<\/a> \u00e9tait d\u00e9j\u00e0 submerg\u00e9 : \u00ab j\u2019avais choisi une \u00e9quipe en 5-4-1, j\u2019ai chang\u00e9 de fa\u00e7on intelligente \u00e0 la pause, mais d\u00e8s la premi\u00e8re minute, ils ont marqu\u00e9. 3-0. La suite, vous la connaissez. \u00bb Le technicien danois insiste n\u00e9anmoins sur le fait que, \u00ab quel que soit le syst\u00e8me \u00bb, son \u00e9quipe aurait d\u00fb se montrer plus agressive et performante dans les duels.<\/p>\n<p>            La suite apr\u00e8s cette publicit\u00e9<\/p>\n<p>Frank a aussi rappel\u00e9 que son projet reste en construction, Tottenham sortant d\u2019une saison termin\u00e9e \u00e0 la 17e place en PL, mais reconna\u00eet que ses joueurs ont \u00e9t\u00e9 trop passifs face \u00e0 un rival \u00ab qui a six ans d\u2019avance \u00bb dans sa progression. \u00ab Je pr\u00e9sente mes excuses aux supporters. J\u2019attendais que nous soyons aussi comp\u00e9titifs que contre Manchester City ou le PSG, mais nous n\u2019avons pas \u00e9t\u00e9 \u00e0 la hauteur pendant 90 minutes \u00bb, a-t-il confi\u00e9. <\/p>\n<p>\n    Pub. le 23\/11\/2025 22:16<br \/>\n            &#8211; MAJ le 23\/11\/2025 22:17\n    <\/p>\n","protected":false},"excerpt":{"rendered":"Thomas Frank n\u2019a pas cherch\u00e9 d\u2019excuses apr\u00e8s la lourde d\u00e9faite de Tottenham sur la pelouse d\u2019Arsenal (4-1) lors&hellip;\n","protected":false},"author":2,"featured_media":554443,"comment_status":"","ping_status":"","sticky":false,"template":"","format":"standard","meta":{"footnotes":""},"categories":[2],"tags":[11,1011,27,12],"class_list":{"0":"post-554442","1":"post","2":"type-post","3":"status-publish","4":"format-standard","5":"has-post-thumbnail","7":"category-actualites","8":"tag-actualites","9":"tag-fr","10":"tag-france","11":"tag-news"},"share_on_mastodon":{"url":"https:\/\/pubeurope.com\/@fr\/115602083219469844","error":""},"_links":{"self":[{"href":"https:\/\/www.europesays.com\/fr\/wp-json\/wp\/v2\/posts\/554442","targetHints":{"allow":["GET"]}}],"collection":[{"href":"https:\/\/www.europesays.com\/fr\/wp-json\/wp\/v2\/posts"}],"about":[{"href":"https:\/\/www.europesays.com\/fr\/wp-json\/wp\/v2\/types\/post"}],"author":[{"embeddable":true,"href":"https:\/\/www.europesays.com\/fr\/wp-json\/wp\/v2\/users\/2"}],"replies":[{"embeddable":true,"href":"https:\/\/www.europesays.com\/fr\/wp-json\/wp\/v2\/comments?post=554442"}],"version-history":[{"count":0,"href":"https:\/\/www.europesays.com\/fr\/wp-json\/wp\/v2\/posts\/554442\/revisions"}],"wp:featuredmedia":[{"embeddable":true,"href":"https:\/\/www.europesays.com\/fr\/wp-json\/wp\/v2\/media\/554443"}],"wp:attachment":[{"href":"https:\/\/www.europesays.com\/fr\/wp-json\/wp\/v2\/media?parent=554442"}],"wp:term":[{"taxonomy":"category","embeddable":true,"href":"https:\/\/www.europesays.com\/fr\/wp-json\/wp\/v2\/categories?post=554442"},{"taxonomy":"post_tag","embeddable":true,"href":"https:\/\/www.europesays.com\/fr\/wp-json\/wp\/v2\/tags?post=554442"}],"curies":[{"name":"wp","href":"https:\/\/api.w.org\/{rel}","templated":true}]}}